{"id":48041,"date":"2024-06-09T08:55:07","date_gmt":"2024-06-09T11:55:07","guid":{"rendered":"https:\/\/www.pbagora.com.br\/?p=836122"},"modified":"2024-06-09T12:55:07","modified_gmt":"2024-06-09T15:55:07","slug":"uma-pessoa-fica-ferida-e-motocicleta-pega-fogo-durante-acidente-com-quatro-veiculos-em-jp","status":"publish","type":"post","link":"https:\/\/sindaopcpb.org.br\/index.php\/2024\/06\/09\/uma-pessoa-fica-ferida-e-motocicleta-pega-fogo-durante-acidente-com-quatro-veiculos-em-jp\/","title":{"rendered":"Uma pessoa fica ferida e motocicleta pega fogo durante acidente com quatro ve\u00edculos em JP"},"content":{"rendered":"<p><img width=\"876\" height=\"585\" src=\"https:\/\/pbagora.s3.amazonaws.com\/2021\/04\/08225912\/samu-10.jpg\" class=\"attachment-large size-large wp-post-image\" alt=\"\" style=\"margin-bottom: 20px;\" decoding=\"async\" loading=\"lazy\" srcset=\"https:\/\/pbagora.s3.amazonaws.com\/2021\/04\/08225912\/samu-10.jpg 876w, https:\/\/pbagora.s3.amazonaws.com\/2021\/04\/08225912\/samu-10-300x200.jpg 300w, https:\/\/pbagora.s3.amazonaws.com\/2021\/04\/08225912\/samu-10-150x100.jpg 150w, https:\/\/pbagora.s3.amazonaws.com\/2021\/04\/08225912\/samu-10-768x513.jpg 768w, https:\/\/pbagora.s3.amazonaws.com\/2021\/04\/08225912\/samu-10-380x254.jpg 380w, https:\/\/pbagora.s3.amazonaws.com\/2021\/04\/08225912\/samu-10-800x534.jpg 800w, https:\/\/pbagora.s3.amazonaws.com\/2021\/04\/08225912\/samu-10-80x53.jpg 80w, https:\/\/pbagora.s3.amazonaws.com\/2021\/04\/08225912\/samu-10-760x508.jpg 760w, https:\/\/pbagora.s3.amazonaws.com\/2021\/04\/08225912\/samu-10-600x401.jpg 600w\" sizes=\"(max-width: 876px) 100vw, 876px\" \/><\/p><p>No final da tarde deste s\u00e1bado (8), um acidente envolvendo quatro ve\u00edculos deixou uma pessoa ferida na BR-230, em Jo\u00e3o Pessoa. Com a colis\u00e3o, uma motocicleta pegou fogo.<\/p>\n<p>De acordo com testemunhas, o condutor de um dos carros teria perdido o controle do ve\u00edculo, invadiu a faixa contr\u00e1ria e acabou colidindo contra outros dois carros e uma motocicleta.<\/p>\n<p>O acidente bloqueou parcialmente a rodovia nos dois sentidos. unidades do Corpo de Bombeiros e do Servi\u00e7o de Atendimento M\u00f3vel de Urg\u00eancia (Samu) foram acionadas.<\/p>\n<p>Ferido, o motociclista precisou ser levado para o hospital. O estado de sa\u00fade da v\u00edtima n\u00e3o foi divulgado.<\/p>\n<p>A PRF n\u00e3o informou o que teria ocasionado a perda do controle do carro por parte de um dos condutores.<\/p>\n<p>&nbsp;<\/p>\n<p><em><strong>PB Agora<\/strong><\/em><\/p>\n","protected":false},"excerpt":{"rendered":"<p><img loading=\"lazy\" decoding=\"async\" width=\"876\" height=\"585\" src=\"https:\/\/pbagora.s3.amazonaws.com\/2021\/04\/08225912\/samu-10.jpg\" class=\"attachment-large size-large wp-post-image\" alt=\"\"><\/p>\n<p>No final da tarde deste s\u00e1bado (8), um acidente envolvendo quatro ve\u00edculos deixou uma pessoa ferida na BR-230,\u2026<\/p>\n","protected":false},"author":123457,"featured_media":0,"comment_status":"closed","ping_status":"closed","sticky":false,"template":"","format":"standard","meta":{"advgb_blocks_editor_width":"","advgb_blocks_columns_visual_guide":"","footnotes":""},"categories":[34],"tags":[10840,35,10839],"class_list":["post-48041","post","type-post","status-publish","format-standard","hentry","category-g1","tag-destaque-centro-03","tag-g1","tag-policial"],"author_meta":{"display_name":"Reda\u00e7\u00e3o","author_link":"https:\/\/sindaopcpb.org.br\/author\/redacao\/"},"featured_img":null,"coauthors":[],"tax_additional":{"categories":{"linked":["<a href=\"https:\/\/sindaopcpb.org.br\/g1\/\" class=\"advgb-post-tax-term\">G1<\/a>"],"unlinked":["<span class=\"advgb-post-tax-term\">G1<\/span>"]},"tags":{"linked":["<a href=\"https:\/\/sindaopcpb.org.br\/g1\/\" class=\"advgb-post-tax-term\">Destaque Centro 03<\/a>","<a href=\"https:\/\/sindaopcpb.org.br\/g1\/\" class=\"advgb-post-tax-term\">g1<\/a>","<a href=\"https:\/\/sindaopcpb.org.br\/g1\/\" class=\"advgb-post-tax-term\">Policial<\/a>"],"unlinked":["<span class=\"advgb-post-tax-term\">Destaque Centro 03<\/span>","<span class=\"advgb-post-tax-term\">g1<\/span>","<span class=\"advgb-post-tax-term\">Policial<\/span>"]}},"comment_count":"0","relative_dates":{"created":"Publicado 2 anos atr\u00e1s","modified":"Atualizado 2 anos atr\u00e1s"},"absolute_dates":{"created":"Publicado em 9 de junho de 2024","modified":"Atualizado em 9 de junho de 2024"},"absolute_dates_time":{"created":"Publicado em 9 de junho de 2024 08:55","modified":"Atualizado em 9 de junho de 2024 12:55"},"featured_img_caption":"","series_order":"","_links":{"self":[{"href":"https:\/\/sindaopcpb.org.br\/index.php\/wp-json\/wp\/v2\/posts\/48041","targetHints":{"allow":["GET"]}}],"collection":[{"href":"https:\/\/sindaopcpb.org.br\/index.php\/wp-json\/wp\/v2\/posts"}],"about":[{"href":"https:\/\/sindaopcpb.org.br\/index.php\/wp-json\/wp\/v2\/types\/post"}],"author":[{"embeddable":true,"href":"https:\/\/sindaopcpb.org.br\/index.php\/wp-json\/wp\/v2\/users\/123457"}],"replies":[{"embeddable":true,"href":"https:\/\/sindaopcpb.org.br\/index.php\/wp-json\/wp\/v2\/comments?post=48041"}],"version-history":[{"count":3,"href":"https:\/\/sindaopcpb.org.br\/index.php\/wp-json\/wp\/v2\/posts\/48041\/revisions"}],"predecessor-version":[{"id":48051,"href":"https:\/\/sindaopcpb.org.br\/index.php\/wp-json\/wp\/v2\/posts\/48041\/revisions\/48051"}],"wp:attachment":[{"href":"https:\/\/sindaopcpb.org.br\/index.php\/wp-json\/wp\/v2\/media?parent=48041"}],"wp:term":[{"taxonomy":"category","embeddable":true,"href":"https:\/\/sindaopcpb.org.br\/index.php\/wp-json\/wp\/v2\/categories?post=48041"},{"taxonomy":"post_tag","embeddable":true,"href":"https:\/\/sindaopcpb.org.br\/index.php\/wp-json\/wp\/v2\/tags?post=48041"}],"curies":[{"name":"wp","href":"https:\/\/api.w.org\/{rel}","templated":true}]}}