{"id":48035,"date":"2024-06-08T11:45:43","date_gmt":"2024-06-08T14:45:43","guid":{"rendered":"https:\/\/www.pbagora.com.br\/?p=836085"},"modified":"2024-06-08T11:45:43","modified_gmt":"2024-06-08T14:45:43","slug":"policia-prende-armeiro-do-crime-em-cabedelo-e-apreende-mais-duas-armas-de-fogo","status":"publish","type":"post","link":"https:\/\/sindaopcpb.org.br\/index.php\/2024\/06\/08\/policia-prende-armeiro-do-crime-em-cabedelo-e-apreende-mais-duas-armas-de-fogo\/","title":{"rendered":"Pol\u00edcia prende \u2018armeiro\u2019 do crime em Cabedelo e apreende mais duas armas de fogo"},"content":{"rendered":"<p><img width=\"1024\" height=\"957\" src=\"https:\/\/pbagora.s3.amazonaws.com\/2024\/06\/08113915\/cabedelo1-1024x957.jpeg\" class=\"attachment-large size-large wp-post-image\" alt=\"\" style=\"margin-bottom: 20px;\" decoding=\"async\" srcset=\"https:\/\/pbagora.s3.amazonaws.com\/2024\/06\/08113915\/cabedelo1-1024x957.jpeg 1024w, https:\/\/pbagora.s3.amazonaws.com\/2024\/06\/08113915\/cabedelo1-300x281.jpeg 300w, https:\/\/pbagora.s3.amazonaws.com\/2024\/06\/08113915\/cabedelo1-150x140.jpeg 150w, https:\/\/pbagora.s3.amazonaws.com\/2024\/06\/08113915\/cabedelo1-768x718.jpeg 768w, https:\/\/pbagora.s3.amazonaws.com\/2024\/06\/08113915\/cabedelo1-380x355.jpeg 380w, https:\/\/pbagora.s3.amazonaws.com\/2024\/06\/08113915\/cabedelo1-800x748.jpeg 800w, https:\/\/pbagora.s3.amazonaws.com\/2024\/06\/08113915\/cabedelo1-1160x1085.jpeg 1160w, https:\/\/pbagora.s3.amazonaws.com\/2024\/06\/08113915\/cabedelo1-80x75.jpeg 80w, https:\/\/pbagora.s3.amazonaws.com\/2024\/06\/08113915\/cabedelo1-760x711.jpeg 760w, https:\/\/pbagora.s3.amazonaws.com\/2024\/06\/08113915\/cabedelo1-600x561.jpeg 600w, https:\/\/pbagora.s3.amazonaws.com\/2024\/06\/08113915\/cabedelo1.jpeg 1200w\" sizes=\"(max-width: 1024px) 100vw, 1024px\" \/><\/p><p>A Pol\u00edcia Militar prendeu o \u2018armeiro\u2019 de um grupo criminoso que atuava em Cabedelo, na grande Jo\u00e3o Pessoa. A pris\u00e3o aconteceu na manh\u00e3 deste s\u00e1bado (08) resultando ainda em uma espingarda calibre 12 e um rev\u00f3lver apreendidos. Com essa a\u00e7\u00e3o sobe para 97 o n\u00famero de armas de fogo apreendidas pela PM neste ano na regi\u00e3o.<\/p>\n<p>De acordo com a 6\u00aa Companhia Independente, a pris\u00e3o desse s\u00e1bado aconteceu na comunidade Novo Sonho, no bairro do Recanto do Po\u00e7o, quando o acusado foi flagrado com o armamento. Ele tem 55 anos de idade e, segundo as primeiras dilig\u00eancias, era o respons\u00e1vel por fazer reparos e manuten\u00e7\u00f5es dos armamentos usados por criminosos na \u00e1rea. A participa\u00e7\u00e3o dele nos crimes dever\u00e1 ser investigada.<\/p>\n<p>A ocorr\u00eancia foi apresentada na Cidade da Pol\u00edcia Civil para os procedimentos cab\u00edveis. Novas a\u00e7\u00f5es preventivas devem acontecer na regi\u00e3o durante todo o final de semana.<\/p>\n<p>&nbsp;<\/p>\n<p><em><strong>Ascom \/ PMPB<\/strong><\/em><\/p>\n","protected":false},"excerpt":{"rendered":"<p><img loading=\"lazy\" decoding=\"async\" width=\"1024\" height=\"957\" src=\"https:\/\/pbagora.s3.amazonaws.com\/2024\/06\/08113915\/cabedelo1-1024x957.jpeg\" class=\"attachment-large size-large wp-post-image\" alt=\"\"><\/p>\n<p>A Pol\u00edcia Militar prendeu o \u2018armeiro\u2019 de um grupo criminoso que atuava em Cabedelo, na grande Jo\u00e3o Pessoa.\u2026<\/p>\n","protected":false},"author":123457,"featured_media":0,"comment_status":"closed","ping_status":"closed","sticky":false,"template":"","format":"standard","meta":{"advgb_blocks_editor_width":"","advgb_blocks_columns_visual_guide":"","footnotes":""},"categories":[34],"tags":[10845,35,10839],"class_list":["post-48035","post","type-post","status-publish","format-standard","hentry","category-g1","tag-destaque-centro-01","tag-g1","tag-policial"],"author_meta":{"display_name":"Reda\u00e7\u00e3o","author_link":"https:\/\/sindaopcpb.org.br\/author\/redacao\/"},"featured_img":null,"coauthors":[],"tax_additional":{"categories":{"linked":["<a href=\"https:\/\/sindaopcpb.org.br\/g1\/\" class=\"advgb-post-tax-term\">G1<\/a>"],"unlinked":["<span class=\"advgb-post-tax-term\">G1<\/span>"]},"tags":{"linked":["<a href=\"https:\/\/sindaopcpb.org.br\/g1\/\" class=\"advgb-post-tax-term\">Destaque Centro 01<\/a>","<a href=\"https:\/\/sindaopcpb.org.br\/g1\/\" class=\"advgb-post-tax-term\">g1<\/a>","<a href=\"https:\/\/sindaopcpb.org.br\/g1\/\" class=\"advgb-post-tax-term\">Policial<\/a>"],"unlinked":["<span class=\"advgb-post-tax-term\">Destaque Centro 01<\/span>","<span class=\"advgb-post-tax-term\">g1<\/span>","<span class=\"advgb-post-tax-term\">Policial<\/span>"]}},"comment_count":"0","relative_dates":{"created":"Publicado 2 anos atr\u00e1s","modified":"Atualizado 2 anos atr\u00e1s"},"absolute_dates":{"created":"Publicado em 8 de junho de 2024","modified":"Atualizado em 8 de junho de 2024"},"absolute_dates_time":{"created":"Publicado em 8 de junho de 2024 11:45","modified":"Atualizado em 8 de junho de 2024 11:45"},"featured_img_caption":"","series_order":"","_links":{"self":[{"href":"https:\/\/sindaopcpb.org.br\/index.php\/wp-json\/wp\/v2\/posts\/48035","targetHints":{"allow":["GET"]}}],"collection":[{"href":"https:\/\/sindaopcpb.org.br\/index.php\/wp-json\/wp\/v2\/posts"}],"about":[{"href":"https:\/\/sindaopcpb.org.br\/index.php\/wp-json\/wp\/v2\/types\/post"}],"author":[{"embeddable":true,"href":"https:\/\/sindaopcpb.org.br\/index.php\/wp-json\/wp\/v2\/users\/123457"}],"replies":[{"embeddable":true,"href":"https:\/\/sindaopcpb.org.br\/index.php\/wp-json\/wp\/v2\/comments?post=48035"}],"version-history":[{"count":3,"href":"https:\/\/sindaopcpb.org.br\/index.php\/wp-json\/wp\/v2\/posts\/48035\/revisions"}],"predecessor-version":[{"id":48043,"href":"https:\/\/sindaopcpb.org.br\/index.php\/wp-json\/wp\/v2\/posts\/48035\/revisions\/48043"}],"wp:attachment":[{"href":"https:\/\/sindaopcpb.org.br\/index.php\/wp-json\/wp\/v2\/media?parent=48035"}],"wp:term":[{"taxonomy":"category","embeddable":true,"href":"https:\/\/sindaopcpb.org.br\/index.php\/wp-json\/wp\/v2\/categories?post=48035"},{"taxonomy":"post_tag","embeddable":true,"href":"https:\/\/sindaopcpb.org.br\/index.php\/wp-json\/wp\/v2\/tags?post=48035"}],"curies":[{"name":"wp","href":"https:\/\/api.w.org\/{rel}","templated":true}]}}