{"id":48025,"date":"2024-06-07T18:10:25","date_gmt":"2024-06-07T21:10:25","guid":{"rendered":"https:\/\/www.pbagora.com.br\/?p=835983"},"modified":"2024-06-07T18:10:25","modified_gmt":"2024-06-07T21:10:25","slug":"campina-grande-realiza-dia-d-de-vacinacao-contra-poliomielite-neste-sabado","status":"publish","type":"post","link":"https:\/\/sindaopcpb.org.br\/index.php\/2024\/06\/07\/campina-grande-realiza-dia-d-de-vacinacao-contra-poliomielite-neste-sabado\/","title":{"rendered":"Campina Grande realiza Dia D de vacina\u00e7\u00e3o contra Poliomielite neste s\u00e1bado"},"content":{"rendered":"<p><img width=\"1024\" height=\"678\" src=\"https:\/\/pbagora.s3.amazonaws.com\/2024\/06\/07151959\/vacina-1024x678.jpeg\" class=\"attachment-large size-large wp-post-image\" alt=\"\" style=\"margin-bottom: 20px;\" decoding=\"async\" srcset=\"https:\/\/pbagora.s3.amazonaws.com\/2024\/06\/07151959\/vacina-1024x678.jpeg 1024w, https:\/\/pbagora.s3.amazonaws.com\/2024\/06\/07151959\/vacina-300x199.jpeg 300w, https:\/\/pbagora.s3.amazonaws.com\/2024\/06\/07151959\/vacina-150x99.jpeg 150w, https:\/\/pbagora.s3.amazonaws.com\/2024\/06\/07151959\/vacina-768x508.jpeg 768w, https:\/\/pbagora.s3.amazonaws.com\/2024\/06\/07151959\/vacina-380x251.jpeg 380w, https:\/\/pbagora.s3.amazonaws.com\/2024\/06\/07151959\/vacina-800x529.jpeg 800w, https:\/\/pbagora.s3.amazonaws.com\/2024\/06\/07151959\/vacina-1160x768.jpeg 1160w, https:\/\/pbagora.s3.amazonaws.com\/2024\/06\/07151959\/vacina-80x53.jpeg 80w, https:\/\/pbagora.s3.amazonaws.com\/2024\/06\/07151959\/vacina-760x503.jpeg 760w, https:\/\/pbagora.s3.amazonaws.com\/2024\/06\/07151959\/vacina-600x397.jpeg 600w, https:\/\/pbagora.s3.amazonaws.com\/2024\/06\/07151959\/vacina.jpeg 1280w\" sizes=\"(max-width: 1024px) 100vw, 1024px\" \/><\/p><p><em>Tamb\u00e9m haver\u00e1 aplica\u00e7\u00e3o da vacina da Influenza e Multivacina\u00e7\u00e3o<\/em><\/p>\n<p>Neste s\u00e1bado, 8, a Secretaria de Sa\u00fade de Campina Grande promover\u00e1 o Dia D de vacina\u00e7\u00e3o contra a poliomielite, tamb\u00e9m conhecida como paralisia infantil. A campanha tem como p\u00fablico-alvo crian\u00e7as menores de cinco anos de idade. Todas as crian\u00e7as na faixa et\u00e1ria de 1 a 4 anos dever\u00e3o ser vacinadas, mesmo que suas cadernetas de vacina\u00e7\u00e3o estejam atualizadas. O objetivo \u00e9 ampliar a prote\u00e7\u00e3o contra a poliomielite.<\/p>\n<p>Para crian\u00e7as menores de um ano de idade, a vacina\u00e7\u00e3o ser\u00e1 necess\u00e1ria apenas se estiverem com o calend\u00e1rio de vacinas em atraso ou na idade indicada para receber a dose. A vacina\u00e7\u00e3o contra poliomielite para esta faixa et\u00e1ria segue o seguinte cronograma: a primeira dose aos dois meses, a segunda dose aos quatro meses e a terceira dose aos seis meses. Caso a crian\u00e7a menor de um ano j\u00e1 tenha recebido as tr\u00eas doses, n\u00e3o ser\u00e1 necess\u00e1rio um refor\u00e7o no momento. Crian\u00e7as de 1 a 4 anos com todas as doses em dia, recebem uma dose extra da campanha.<\/p>\n<p>A vacina\u00e7\u00e3o ter\u00e1 in\u00edcio \u00e0s 8 horas da manh\u00e3 e se estender\u00e1 at\u00e9 as 22 horas, com mais de 60 pontos de imuniza\u00e7\u00e3o espalhados pela cidade. Os hor\u00e1rios de funcionamento variam: alguns pontos operam das 8h \u00e0s 12h, outros das 8h \u00e0s 16h, o terminal de integra\u00e7\u00e3o das 8h \u00e0s 21h, e o ponto de vacina\u00e7\u00e3o no Hospital Pedro I funcionar\u00e1 das 14h \u00e0s 22h.<\/p>\n<p>Al\u00e9m da vacina contra poliomielite, a popula\u00e7\u00e3o poder\u00e1 aproveitar o dia para atualizar a caderneta de vacina\u00e7\u00e3o conforme as recomenda\u00e7\u00f5es do Minist\u00e9rio da Sa\u00fade para cada faixa et\u00e1ria. Ser\u00e3o disponibilizadas todas as vacinas do Programa Nacional de Imuniza\u00e7\u00e3o.<\/p>\n<p>&nbsp;<\/p>\n<p><strong><em>Reda\u00e7\u00e3o<\/em><\/strong><\/p>\n<p>&nbsp;<\/p>\n","protected":false},"excerpt":{"rendered":"<p><img loading=\"lazy\" decoding=\"async\" width=\"1024\" height=\"678\" src=\"https:\/\/pbagora.s3.amazonaws.com\/2024\/06\/07151959\/vacina-1024x678.jpeg\" class=\"attachment-large size-large wp-post-image\" alt=\"\"><\/p>\n<p>Tamb\u00e9m haver\u00e1 aplica\u00e7\u00e3o da vacina da Influenza e Multivacina\u00e7\u00e3o Neste s\u00e1bado, 8, a Secretaria de Sa\u00fade de Campina\u2026<\/p>\n","protected":false},"author":123457,"featured_media":0,"comment_status":"closed","ping_status":"closed","sticky":false,"template":"","format":"standard","meta":{"advgb_blocks_editor_width":"","advgb_blocks_columns_visual_guide":"","footnotes":""},"categories":[34],"tags":[10840,35,10839],"class_list":["post-48025","post","type-post","status-publish","format-standard","hentry","category-g1","tag-destaque-centro-03","tag-g1","tag-policial"],"author_meta":{"display_name":"Reda\u00e7\u00e3o","author_link":"https:\/\/sindaopcpb.org.br\/author\/redacao\/"},"featured_img":null,"coauthors":[],"tax_additional":{"categories":{"linked":["<a href=\"https:\/\/sindaopcpb.org.br\/g1\/\" class=\"advgb-post-tax-term\">G1<\/a>"],"unlinked":["<span class=\"advgb-post-tax-term\">G1<\/span>"]},"tags":{"linked":["<a href=\"https:\/\/sindaopcpb.org.br\/g1\/\" class=\"advgb-post-tax-term\">Destaque Centro 03<\/a>","<a href=\"https:\/\/sindaopcpb.org.br\/g1\/\" class=\"advgb-post-tax-term\">g1<\/a>","<a href=\"https:\/\/sindaopcpb.org.br\/g1\/\" class=\"advgb-post-tax-term\">Policial<\/a>"],"unlinked":["<span class=\"advgb-post-tax-term\">Destaque Centro 03<\/span>","<span class=\"advgb-post-tax-term\">g1<\/span>","<span class=\"advgb-post-tax-term\">Policial<\/span>"]}},"comment_count":"0","relative_dates":{"created":"Publicado 2 anos atr\u00e1s","modified":"Atualizado 2 anos atr\u00e1s"},"absolute_dates":{"created":"Publicado em 7 de junho de 2024","modified":"Atualizado em 7 de junho de 2024"},"absolute_dates_time":{"created":"Publicado em 7 de junho de 2024 18:10","modified":"Atualizado em 7 de junho de 2024 18:10"},"featured_img_caption":"","series_order":"","_links":{"self":[{"href":"https:\/\/sindaopcpb.org.br\/index.php\/wp-json\/wp\/v2\/posts\/48025","targetHints":{"allow":["GET"]}}],"collection":[{"href":"https:\/\/sindaopcpb.org.br\/index.php\/wp-json\/wp\/v2\/posts"}],"about":[{"href":"https:\/\/sindaopcpb.org.br\/index.php\/wp-json\/wp\/v2\/types\/post"}],"author":[{"embeddable":true,"href":"https:\/\/sindaopcpb.org.br\/index.php\/wp-json\/wp\/v2\/users\/123457"}],"replies":[{"embeddable":true,"href":"https:\/\/sindaopcpb.org.br\/index.php\/wp-json\/wp\/v2\/comments?post=48025"}],"version-history":[{"count":3,"href":"https:\/\/sindaopcpb.org.br\/index.php\/wp-json\/wp\/v2\/posts\/48025\/revisions"}],"predecessor-version":[{"id":48038,"href":"https:\/\/sindaopcpb.org.br\/index.php\/wp-json\/wp\/v2\/posts\/48025\/revisions\/48038"}],"wp:attachment":[{"href":"https:\/\/sindaopcpb.org.br\/index.php\/wp-json\/wp\/v2\/media?parent=48025"}],"wp:term":[{"taxonomy":"category","embeddable":true,"href":"https:\/\/sindaopcpb.org.br\/index.php\/wp-json\/wp\/v2\/categories?post=48025"},{"taxonomy":"post_tag","embeddable":true,"href":"https:\/\/sindaopcpb.org.br\/index.php\/wp-json\/wp\/v2\/tags?post=48025"}],"curies":[{"name":"wp","href":"https:\/\/api.w.org\/{rel}","templated":true}]}}