{"id":48019,"date":"2024-06-07T15:20:03","date_gmt":"2024-06-07T18:20:03","guid":{"rendered":"https:\/\/www.pbagora.com.br\/?p=835980"},"modified":"2024-06-07T17:35:03","modified_gmt":"2024-06-07T20:35:03","slug":"policia-civil-afasta-servidor-que-gravou-video-usando-mascara-do-panico","status":"publish","type":"post","link":"https:\/\/sindaopcpb.org.br\/index.php\/2024\/06\/07\/policia-civil-afasta-servidor-que-gravou-video-usando-mascara-do-panico\/","title":{"rendered":"Pol\u00edcia Civil afasta servidor que gravou v\u00eddeo usando \u201cm\u00e1scara do p\u00e2nico\u201d"},"content":{"rendered":"<p><img width=\"780\" height=\"484\" src=\"https:\/\/pbagora.s3.amazonaws.com\/2024\/06\/07151742\/Policial-Amostradin.jpg\" class=\"attachment-large size-large wp-post-image\" alt=\"\" style=\"margin-bottom: 20px;\" decoding=\"async\" loading=\"lazy\" srcset=\"https:\/\/pbagora.s3.amazonaws.com\/2024\/06\/07151742\/Policial-Amostradin.jpg 780w, https:\/\/pbagora.s3.amazonaws.com\/2024\/06\/07151742\/Policial-Amostradin-300x186.jpg 300w, https:\/\/pbagora.s3.amazonaws.com\/2024\/06\/07151742\/Policial-Amostradin-150x93.jpg 150w, https:\/\/pbagora.s3.amazonaws.com\/2024\/06\/07151742\/Policial-Amostradin-768x477.jpg 768w, https:\/\/pbagora.s3.amazonaws.com\/2024\/06\/07151742\/Policial-Amostradin-380x236.jpg 380w, https:\/\/pbagora.s3.amazonaws.com\/2024\/06\/07151742\/Policial-Amostradin-80x50.jpg 80w, https:\/\/pbagora.s3.amazonaws.com\/2024\/06\/07151742\/Policial-Amostradin-760x472.jpg 760w, https:\/\/pbagora.s3.amazonaws.com\/2024\/06\/07151742\/Policial-Amostradin-600x372.jpg 600w\" sizes=\"(max-width: 780px) 100vw, 780px\" \/><\/p><p>Em nota divulgada nesta sexta-feira (7), a Pol\u00edcia Civil da Para\u00edba comunicou o afastamento do policial que gravou v\u00eddeo dentro da delegacia, em Campina Grande, fazendo uso da m\u00e1scara utilizada no filme P\u00e2nico.<\/p>\n<p>O v\u00eddeo teria sido gravado tamb\u00e9m nesta sexta-feira ap\u00f3s os agentes realizarem uma opera\u00e7\u00e3o que resultou na apreens\u00e3o de explosivos.<\/p>\n<p>Em tom de humor, a grava\u00e7\u00e3o faz refer\u00eancia a um viral que circula nas redes sociais ontem o personagem visto &#8220;a morte&#8221; aparece flagrando\/comentando atividades que trazem risco \u00e0 vida: \u201cEu gosto assim, amostradin. Vou colocar sua passagem aqui\u201d. Frase esta tamb\u00e9m dita pelo policial, provavelmente, referindo aos suspeitos capturados na opera\u00e7\u00e3o.<\/p>\n<p>Em nota, a institui\u00e7\u00e3o destacou a exist\u00eancia de portaria que orienta os servidores a respeito do uso das redes sociais, &#8220;principalmente quando est\u00e3o em sevi\u00e7o&#8221;.<\/p>\n<p>&nbsp;<\/p>\n<p>Confira nota da Pol\u00edcia Civil na \u00edntegra:<\/p>\n<p><em>A Pol\u00edcia Civil da Para\u00edba informa que afastou da delegacia especializada o policial que aparece em um v\u00eddeo gravado dentro da unidade policial, exibindo explosivos apreendidos durante uma opera\u00e7\u00e3o nesta sexta-feira, 07 de maio, em Campina Grande.<\/em><\/p>\n<p><em>A Pol\u00edcia Civil lembra que existe uma Portaria da institui\u00e7\u00e3o que orienta seus membros sobre o uso de redes sociais, principalmente quando est\u00e3o em servi\u00e7o, e desvios de conduta que confrontem com as determina\u00e7\u00f5es desse documento n\u00e3o ser\u00e3o tolerados.<\/em><\/p>\n<p><em>Pol\u00edcia Civil da Para\u00edba<\/em><\/p>\n<p><em>Delegacia-Geral<\/em><\/p>\n<p><em>Assessoria de Comunica\u00e7\u00e3o<\/em><\/p>\n<p><em>07.06.2024<\/em><\/p>\n<p>&nbsp;<\/p>\n<p><em><strong>PB Agora<\/strong><\/em><\/p>\n","protected":false},"excerpt":{"rendered":"<p><img loading=\"lazy\" decoding=\"async\" width=\"780\" height=\"484\" src=\"https:\/\/pbagora.s3.amazonaws.com\/2024\/06\/07151742\/Policial-Amostradin.jpg\" class=\"attachment-large size-large wp-post-image\" alt=\"\"><\/p>\n<p>Em nota divulgada nesta sexta-feira (7), a Pol\u00edcia Civil da Para\u00edba comunicou o afastamento do policial que gravou\u2026<\/p>\n","protected":false},"author":123457,"featured_media":0,"comment_status":"closed","ping_status":"closed","sticky":false,"template":"","format":"standard","meta":{"advgb_blocks_editor_width":"","advgb_blocks_columns_visual_guide":"","footnotes":""},"categories":[34],"tags":[10841,35,10839],"class_list":["post-48019","post","type-post","status-publish","format-standard","hentry","category-g1","tag-destaque-centro-02","tag-g1","tag-policial"],"author_meta":{"display_name":"Reda\u00e7\u00e3o","author_link":"https:\/\/sindaopcpb.org.br\/author\/redacao\/"},"featured_img":null,"coauthors":[],"tax_additional":{"categories":{"linked":["<a href=\"https:\/\/sindaopcpb.org.br\/g1\/\" class=\"advgb-post-tax-term\">G1<\/a>"],"unlinked":["<span class=\"advgb-post-tax-term\">G1<\/span>"]},"tags":{"linked":["<a href=\"https:\/\/sindaopcpb.org.br\/g1\/\" class=\"advgb-post-tax-term\">Destaque Centro 02<\/a>","<a href=\"https:\/\/sindaopcpb.org.br\/g1\/\" class=\"advgb-post-tax-term\">g1<\/a>","<a href=\"https:\/\/sindaopcpb.org.br\/g1\/\" class=\"advgb-post-tax-term\">Policial<\/a>"],"unlinked":["<span class=\"advgb-post-tax-term\">Destaque Centro 02<\/span>","<span class=\"advgb-post-tax-term\">g1<\/span>","<span class=\"advgb-post-tax-term\">Policial<\/span>"]}},"comment_count":"0","relative_dates":{"created":"Publicado 2 anos atr\u00e1s","modified":"Atualizado 2 anos atr\u00e1s"},"absolute_dates":{"created":"Publicado em 7 de junho de 2024","modified":"Atualizado em 7 de junho de 2024"},"absolute_dates_time":{"created":"Publicado em 7 de junho de 2024 15:20","modified":"Atualizado em 7 de junho de 2024 17:35"},"featured_img_caption":"","series_order":"","_links":{"self":[{"href":"https:\/\/sindaopcpb.org.br\/index.php\/wp-json\/wp\/v2\/posts\/48019","targetHints":{"allow":["GET"]}}],"collection":[{"href":"https:\/\/sindaopcpb.org.br\/index.php\/wp-json\/wp\/v2\/posts"}],"about":[{"href":"https:\/\/sindaopcpb.org.br\/index.php\/wp-json\/wp\/v2\/types\/post"}],"author":[{"embeddable":true,"href":"https:\/\/sindaopcpb.org.br\/index.php\/wp-json\/wp\/v2\/users\/123457"}],"replies":[{"embeddable":true,"href":"https:\/\/sindaopcpb.org.br\/index.php\/wp-json\/wp\/v2\/comments?post=48019"}],"version-history":[{"count":3,"href":"https:\/\/sindaopcpb.org.br\/index.php\/wp-json\/wp\/v2\/posts\/48019\/revisions"}],"predecessor-version":[{"id":48032,"href":"https:\/\/sindaopcpb.org.br\/index.php\/wp-json\/wp\/v2\/posts\/48019\/revisions\/48032"}],"wp:attachment":[{"href":"https:\/\/sindaopcpb.org.br\/index.php\/wp-json\/wp\/v2\/media?parent=48019"}],"wp:term":[{"taxonomy":"category","embeddable":true,"href":"https:\/\/sindaopcpb.org.br\/index.php\/wp-json\/wp\/v2\/categories?post=48019"},{"taxonomy":"post_tag","embeddable":true,"href":"https:\/\/sindaopcpb.org.br\/index.php\/wp-json\/wp\/v2\/tags?post=48019"}],"curies":[{"name":"wp","href":"https:\/\/api.w.org\/{rel}","templated":true}]}}