{"id":47963,"date":"2024-06-06T12:45:21","date_gmt":"2024-06-06T15:45:21","guid":{"rendered":"https:\/\/www.pbagora.com.br\/?p=835655"},"modified":"2024-06-06T12:45:21","modified_gmt":"2024-06-06T15:45:21","slug":"corpo-carbonizado-e-encontrado-em-carro-em-canavial-na-paraiba","status":"publish","type":"post","link":"https:\/\/sindaopcpb.org.br\/index.php\/2024\/06\/06\/corpo-carbonizado-e-encontrado-em-carro-em-canavial-na-paraiba\/","title":{"rendered":"Corpo carbonizado \u00e9 encontrado em carro em canavial na Para\u00edba"},"content":{"rendered":"<p><img width=\"417\" height=\"273\" src=\"https:\/\/pbagora.s3.amazonaws.com\/2024\/06\/06120516\/Captura-de-tela-2024-06-06-120458.png\" class=\"attachment-large size-large wp-post-image\" alt=\"\" style=\"margin-bottom: 20px;\" decoding=\"async\" loading=\"lazy\" srcset=\"https:\/\/pbagora.s3.amazonaws.com\/2024\/06\/06120516\/Captura-de-tela-2024-06-06-120458.png 417w, https:\/\/pbagora.s3.amazonaws.com\/2024\/06\/06120516\/Captura-de-tela-2024-06-06-120458-300x196.png 300w, https:\/\/pbagora.s3.amazonaws.com\/2024\/06\/06120516\/Captura-de-tela-2024-06-06-120458-150x98.png 150w, https:\/\/pbagora.s3.amazonaws.com\/2024\/06\/06120516\/Captura-de-tela-2024-06-06-120458-380x249.png 380w, https:\/\/pbagora.s3.amazonaws.com\/2024\/06\/06120516\/Captura-de-tela-2024-06-06-120458-80x52.png 80w\" sizes=\"(max-width: 417px) 100vw, 417px\" \/><\/p><p>Na manh\u00e3 desta quinta-feira (06), um corpo foi encontrado carbonizado\u00a0 dentro de um carro em um canavial na Fazenda Garassu, localizada na zona rural de Alhandra, Litoral Sul da Para\u00edba.<\/p>\n<p>O delegado Edernei Hass, da delegacia seccional do munic\u00edpio, informou que a \u00e1rea faz parte do distrito de Mata Redonda. A principal suspeita \u00e9 de que o corpo seja de um empres\u00e1rio conhecido como Anderson, propriet\u00e1rio de um provedor de internet na regi\u00e3o.<\/p>\n<p>&#8220;At\u00e9 ontem, ele estava em casa \u00e0s 17 horas, e o carro dele foi encontrado hoje pela manh\u00e3. Tudo indica que \u00e9 ele&#8221;, explicou o delegado Edernei \u00e0 reportagem.<\/p>\n<p>Exames ser\u00e3o realizados para confirmar ou n\u00e3o a identidade da v\u00edtima. At\u00e9 o momento, n\u00e3o h\u00e1 registro de que o empres\u00e1rio tivesse envolvimento com atividades criminosas.<\/p>\n<p>&nbsp;<\/p>\n<p><em><strong>Reda\u00e7\u00e3o<\/strong><\/em><\/p>\n<p>&nbsp;<\/p>\n","protected":false},"excerpt":{"rendered":"<p><img loading=\"lazy\" decoding=\"async\" width=\"417\" height=\"273\" src=\"https:\/\/pbagora.s3.amazonaws.com\/2024\/06\/06120516\/Captura-de-tela-2024-06-06-120458.png\" class=\"attachment-large size-large wp-post-image\" alt=\"\"><\/p>\n<p>Na manh\u00e3 desta quinta-feira (06), um corpo foi encontrado carbonizado\u00a0 dentro de um carro em um canavial na\u2026<\/p>\n","protected":false},"author":123457,"featured_media":0,"comment_status":"closed","ping_status":"closed","sticky":false,"template":"","format":"standard","meta":{"advgb_blocks_editor_width":"","advgb_blocks_columns_visual_guide":"","footnotes":""},"categories":[34,66,10824],"tags":[35],"class_list":["post-47963","post","type-post","status-publish","format-standard","hentry","category-g1","category-policial","category-principal3","tag-g1"],"author_meta":{"display_name":"Reda\u00e7\u00e3o","author_link":"https:\/\/sindaopcpb.org.br\/author\/redacao\/"},"featured_img":null,"coauthors":[],"tax_additional":{"categories":{"linked":["<a href=\"https:\/\/sindaopcpb.org.br\/g1\/\" class=\"advgb-post-tax-term\">G1<\/a>","<a href=\"https:\/\/sindaopcpb.org.br\/policial\/\" class=\"advgb-post-tax-term\">Policial<\/a>","<a href=\"https:\/\/sindaopcpb.org.br\/principal3\/\" class=\"advgb-post-tax-term\">Principal3<\/a>"],"unlinked":["<span class=\"advgb-post-tax-term\">G1<\/span>","<span class=\"advgb-post-tax-term\">Policial<\/span>","<span class=\"advgb-post-tax-term\">Principal3<\/span>"]},"tags":{"linked":["<a href=\"https:\/\/sindaopcpb.org.br\/principal3\/\" class=\"advgb-post-tax-term\">g1<\/a>"],"unlinked":["<span class=\"advgb-post-tax-term\">g1<\/span>"]}},"comment_count":"0","relative_dates":{"created":"Publicado 2 anos atr\u00e1s","modified":"Atualizado 2 anos atr\u00e1s"},"absolute_dates":{"created":"Publicado em 6 de junho de 2024","modified":"Atualizado em 6 de junho de 2024"},"absolute_dates_time":{"created":"Publicado em 6 de junho de 2024 12:45","modified":"Atualizado em 6 de junho de 2024 12:45"},"featured_img_caption":"","series_order":"","_links":{"self":[{"href":"https:\/\/sindaopcpb.org.br\/index.php\/wp-json\/wp\/v2\/posts\/47963","targetHints":{"allow":["GET"]}}],"collection":[{"href":"https:\/\/sindaopcpb.org.br\/index.php\/wp-json\/wp\/v2\/posts"}],"about":[{"href":"https:\/\/sindaopcpb.org.br\/index.php\/wp-json\/wp\/v2\/types\/post"}],"author":[{"embeddable":true,"href":"https:\/\/sindaopcpb.org.br\/index.php\/wp-json\/wp\/v2\/users\/123457"}],"replies":[{"embeddable":true,"href":"https:\/\/sindaopcpb.org.br\/index.php\/wp-json\/wp\/v2\/comments?post=47963"}],"version-history":[{"count":2,"href":"https:\/\/sindaopcpb.org.br\/index.php\/wp-json\/wp\/v2\/posts\/47963\/revisions"}],"predecessor-version":[{"id":47975,"href":"https:\/\/sindaopcpb.org.br\/index.php\/wp-json\/wp\/v2\/posts\/47963\/revisions\/47975"}],"wp:attachment":[{"href":"https:\/\/sindaopcpb.org.br\/index.php\/wp-json\/wp\/v2\/media?parent=47963"}],"wp:term":[{"taxonomy":"category","embeddable":true,"href":"https:\/\/sindaopcpb.org.br\/index.php\/wp-json\/wp\/v2\/categories?post=47963"},{"taxonomy":"post_tag","embeddable":true,"href":"https:\/\/sindaopcpb.org.br\/index.php\/wp-json\/wp\/v2\/tags?post=47963"}],"curies":[{"name":"wp","href":"https:\/\/api.w.org\/{rel}","templated":true}]}}