{"id":47941,"date":"2024-06-05T15:54:11","date_gmt":"2024-06-05T18:54:11","guid":{"rendered":"https:\/\/www.pbagora.com.br\/?p=835469"},"modified":"2024-06-05T15:54:11","modified_gmt":"2024-06-05T18:54:11","slug":"policia-civil-prende-suspeito-com-arma-de-fogo-em-bayeux-apos-denuncia-anonima","status":"publish","type":"post","link":"https:\/\/sindaopcpb.org.br\/index.php\/2024\/06\/05\/policia-civil-prende-suspeito-com-arma-de-fogo-em-bayeux-apos-denuncia-anonima\/","title":{"rendered":"Pol\u00edcia Civil prende suspeito com arma de fogo em Bayeux ap\u00f3s den\u00fancia an\u00f4nima"},"content":{"rendered":"<p><img width=\"800\" height=\"600\" src=\"https:\/\/pbagora.s3.amazonaws.com\/20200329092537\/arma11.jpg\" class=\"attachment-large size-large wp-post-image\" alt=\"\" style=\"margin-bottom: 20px;\" decoding=\"async\" srcset=\"https:\/\/pbagora.s3.amazonaws.com\/20200329092537\/arma11.jpg 800w, https:\/\/pbagora.s3.amazonaws.com\/20200329092537\/arma11-300x225.jpg 300w, https:\/\/pbagora.s3.amazonaws.com\/20200329092537\/arma11-150x113.jpg 150w, https:\/\/pbagora.s3.amazonaws.com\/20200329092537\/arma11-768x576.jpg 768w, https:\/\/pbagora.s3.amazonaws.com\/20200329092537\/arma11-80x60.jpg 80w, https:\/\/pbagora.s3.amazonaws.com\/20200329092537\/arma11-600x450.jpg 600w\" sizes=\"(max-width: 800px) 100vw, 800px\" \/><\/p><p data-sourcepos=\"3:1-3:238\">Um homem identificado como M.R.O. foi preso em flagrante pela Pol\u00edcia Civil na tarde de ter\u00e7a-feira (04), no bairro Alto da Boa Vista, em Bayeux. A pris\u00e3o ocorreu ap\u00f3s uma den\u00fancia an\u00f4nima para o Disque-Den\u00fancia 197.<\/p>\n<p data-sourcepos=\"5:1-5:9\">De acordo com a Pol\u00edcia Civil, os agentes da 4\u00aa Delegacia Seccional, sediada em Bayeux, receberam a informa\u00e7\u00e3o e, ao checarem a veracidade da den\u00fancia, encontraram um rev\u00f3lver calibre 32 com o suspeito.<\/p>\n<p data-sourcepos=\"7:1-7:302\">O delegado seccional Jo\u00e3o Paulo Amazonas destacou a import\u00e2ncia da colabora\u00e7\u00e3o da popula\u00e7\u00e3o no combate \u00e0 criminalidade. &#8220;Mais uma vez, a popula\u00e7\u00e3o colaborou com a pol\u00edcia, passando informa\u00e7\u00f5es precisas por meio do 197. A ferramenta \u00e9 absolutamente segura, a pessoa n\u00e3o precisa se identificar&#8221;, afirmou.<\/p>\n<p data-sourcepos=\"9:1-9:220\">Amazonas tamb\u00e9m ressaltou o trabalho da Pol\u00edcia Civil na regi\u00e3o. &#8220;Temos intensificado as a\u00e7\u00f5es de investiga\u00e7\u00e3o e repress\u00e3o qualificada na \u00e1rea de Bayeux, realizando pris\u00f5es e tirando armas de fogo das m\u00e3os de faccionados&#8221;, disse.<\/p>\n<p data-sourcepos=\"11:1-11:162\">O suspeito foi preso e encaminhado para a delegacia, onde ficar\u00e1 \u00e0 disposi\u00e7\u00e3o da Justi\u00e7a. A arma apreendida tamb\u00e9m foi levada para a delegacia para ser periciada.<\/p>\n","protected":false},"excerpt":{"rendered":"<p><img loading=\"lazy\" decoding=\"async\" width=\"800\" height=\"600\" src=\"https:\/\/pbagora.s3.amazonaws.com\/20200329092537\/arma11.jpg\" class=\"attachment-large size-large wp-post-image\" alt=\"\"><\/p>\n<p>Um homem identificado como M.R.O. foi preso em flagrante pela Pol\u00edcia Civil na tarde de ter\u00e7a-feira (04), no\u2026<\/p>\n","protected":false},"author":123458,"featured_media":0,"comment_status":"closed","ping_status":"closed","sticky":false,"template":"","format":"standard","meta":{"advgb_blocks_editor_width":"","advgb_blocks_columns_visual_guide":"","footnotes":""},"categories":[10826,34,66],"tags":[35],"class_list":["post-47941","post","type-post","status-publish","format-standard","hentry","category-destaque-centro-02","category-g1","category-policial","tag-g1"],"author_meta":{"display_name":"Feliphe Rojas","author_link":"https:\/\/sindaopcpb.org.br\/author\/feliphe-rojas\/"},"featured_img":null,"coauthors":[],"tax_additional":{"categories":{"linked":["<a href=\"https:\/\/sindaopcpb.org.br\/destaque-centro-02\/\" class=\"advgb-post-tax-term\">Destaque Centro 02<\/a>","<a href=\"https:\/\/sindaopcpb.org.br\/g1\/\" class=\"advgb-post-tax-term\">G1<\/a>","<a href=\"https:\/\/sindaopcpb.org.br\/policial\/\" class=\"advgb-post-tax-term\">Policial<\/a>"],"unlinked":["<span class=\"advgb-post-tax-term\">Destaque Centro 02<\/span>","<span class=\"advgb-post-tax-term\">G1<\/span>","<span class=\"advgb-post-tax-term\">Policial<\/span>"]},"tags":{"linked":["<a href=\"https:\/\/sindaopcpb.org.br\/policial\/\" class=\"advgb-post-tax-term\">g1<\/a>"],"unlinked":["<span class=\"advgb-post-tax-term\">g1<\/span>"]}},"comment_count":"0","relative_dates":{"created":"Publicado 2 anos atr\u00e1s","modified":"Atualizado 2 anos atr\u00e1s"},"absolute_dates":{"created":"Publicado em 5 de junho de 2024","modified":"Atualizado em 5 de junho de 2024"},"absolute_dates_time":{"created":"Publicado em 5 de junho de 2024 15:54","modified":"Atualizado em 5 de junho de 2024 15:54"},"featured_img_caption":"","series_order":"","_links":{"self":[{"href":"https:\/\/sindaopcpb.org.br\/index.php\/wp-json\/wp\/v2\/posts\/47941","targetHints":{"allow":["GET"]}}],"collection":[{"href":"https:\/\/sindaopcpb.org.br\/index.php\/wp-json\/wp\/v2\/posts"}],"about":[{"href":"https:\/\/sindaopcpb.org.br\/index.php\/wp-json\/wp\/v2\/types\/post"}],"author":[{"embeddable":true,"href":"https:\/\/sindaopcpb.org.br\/index.php\/wp-json\/wp\/v2\/users\/123458"}],"replies":[{"embeddable":true,"href":"https:\/\/sindaopcpb.org.br\/index.php\/wp-json\/wp\/v2\/comments?post=47941"}],"version-history":[{"count":3,"href":"https:\/\/sindaopcpb.org.br\/index.php\/wp-json\/wp\/v2\/posts\/47941\/revisions"}],"predecessor-version":[{"id":47955,"href":"https:\/\/sindaopcpb.org.br\/index.php\/wp-json\/wp\/v2\/posts\/47941\/revisions\/47955"}],"wp:attachment":[{"href":"https:\/\/sindaopcpb.org.br\/index.php\/wp-json\/wp\/v2\/media?parent=47941"}],"wp:term":[{"taxonomy":"category","embeddable":true,"href":"https:\/\/sindaopcpb.org.br\/index.php\/wp-json\/wp\/v2\/categories?post=47941"},{"taxonomy":"post_tag","embeddable":true,"href":"https:\/\/sindaopcpb.org.br\/index.php\/wp-json\/wp\/v2\/tags?post=47941"}],"curies":[{"name":"wp","href":"https:\/\/api.w.org\/{rel}","templated":true}]}}