{"id":47928,"date":"2024-06-05T09:22:40","date_gmt":"2024-06-05T12:22:40","guid":{"rendered":"https:\/\/www.pbagora.com.br\/?p=835380"},"modified":"2024-06-05T11:30:40","modified_gmt":"2024-06-05T14:30:40","slug":"video-comandante-da-policia-militar-elogia-novo-formato-do-sao-joao-de-campina-e-destaca-seguranca-do-evento","status":"publish","type":"post","link":"https:\/\/sindaopcpb.org.br\/index.php\/2024\/06\/05\/video-comandante-da-policia-militar-elogia-novo-formato-do-sao-joao-de-campina-e-destaca-seguranca-do-evento\/","title":{"rendered":"V\u00eddeo: Comandante da PM elogia novo formato do S\u00e3o Jo\u00e3o de CG e destaca seguran\u00e7a do evento"},"content":{"rendered":"<p><img width=\"1024\" height=\"684\" src=\"https:\/\/pbagora.s3.amazonaws.com\/2024\/06\/05082737\/TC_Gilberto_Foto_Arquivo-1024x684.jpg\" class=\"attachment-large size-large wp-post-image\" alt=\"\" style=\"margin-bottom: 20px;\" decoding=\"async\" srcset=\"https:\/\/pbagora.s3.amazonaws.com\/2024\/06\/05082737\/TC_Gilberto_Foto_Arquivo-1024x684.jpg 1024w, https:\/\/pbagora.s3.amazonaws.com\/2024\/06\/05082737\/TC_Gilberto_Foto_Arquivo-300x200.jpg 300w, https:\/\/pbagora.s3.amazonaws.com\/2024\/06\/05082737\/TC_Gilberto_Foto_Arquivo-150x100.jpg 150w, https:\/\/pbagora.s3.amazonaws.com\/2024\/06\/05082737\/TC_Gilberto_Foto_Arquivo-768x513.jpg 768w, https:\/\/pbagora.s3.amazonaws.com\/2024\/06\/05082737\/TC_Gilberto_Foto_Arquivo-1536x1025.jpg 1536w, https:\/\/pbagora.s3.amazonaws.com\/2024\/06\/05082737\/TC_Gilberto_Foto_Arquivo-380x254.jpg 380w, https:\/\/pbagora.s3.amazonaws.com\/2024\/06\/05082737\/TC_Gilberto_Foto_Arquivo-800x534.jpg 800w, https:\/\/pbagora.s3.amazonaws.com\/2024\/06\/05082737\/TC_Gilberto_Foto_Arquivo-1160x774.jpg 1160w, https:\/\/pbagora.s3.amazonaws.com\/2024\/06\/05082737\/TC_Gilberto_Foto_Arquivo-80x53.jpg 80w, https:\/\/pbagora.s3.amazonaws.com\/2024\/06\/05082737\/TC_Gilberto_Foto_Arquivo-760x507.jpg 760w, https:\/\/pbagora.s3.amazonaws.com\/2024\/06\/05082737\/TC_Gilberto_Foto_Arquivo-600x401.jpg 600w, https:\/\/pbagora.s3.amazonaws.com\/2024\/06\/05082737\/TC_Gilberto_Foto_Arquivo.jpg 1600w\" sizes=\"(max-width: 1024px) 100vw, 1024px\" \/><\/p><p>Em entrevista \u00e0 imprensa campinense o comandante da Pol\u00edcia Militar, Gilberto Felipe, fez um balan\u00e7o positivo dos primeiros dias do Maior S\u00e3o Jo\u00e3o do Mundo, realizado em Campina Grande. Segundo ele, as for\u00e7as de seguran\u00e7a fruto do novo formato que ampliou o \u2018Parque do Povo\u2019 n\u00e3o registrou nenhuma grande ocorr\u00eancia no Quartel General do Forr\u00f3, nem nas suas circunvizinhan\u00e7as do espa\u00e7o.<\/p>\n<p>\u201cOs \u00f3rg\u00e3os de Seguran\u00e7a P\u00fablica est\u00e3o comemorando os resultados, bastante exitosos desses primeiros dias. Estamos tendo noite com p\u00fablicos bastante consider\u00e1veis, mas sem nenhum registro de ocorr\u00eancias de alta complexidade, s\u00e3o v\u00e1rias institui\u00e7\u00f5es trabalhando de forma harm\u00f4nica, considerando que no \u00faltimo domingo tivemos a Namoradrilha que praticamente dispersou a 100m do PP mais de 40 mil pessoas ingressas desse evento elevando o p\u00fablico do PP em m\u00e9dia a 70 mil pessoas e mesmo assim n\u00e3o tivemos nenhuma ocorr\u00eancia de destaque. Ent\u00e3o est\u00e1 de parab\u00e9ns todas as for\u00e7as de seguran\u00e7a, os forrozeiros e pessoas que fazem o S\u00e3o Jo\u00e3o pelo clima de tranquilidade\u201d, comentou o comandante da PM. V\u00eddeo do Blog Bomba Para\u00edba.<\/p>\n<p>Assista:<\/p>\n<p><iframe title=\"Comandante da PM elogia novo formato do S\u00e3o Jo\u00e3o de Campina e destaca seguran\u00e7a do evento\" src=\"https:\/\/www.youtube.com\/embed\/BsU5tq4Ewnc\" width=\"1280\" height=\"737\" frameborder=\"0\" allowfullscreen=\"allowfullscreen\"><\/iframe><\/p>\n<p>Reda\u00e7\u00e3o<\/p>\n","protected":false},"excerpt":{"rendered":"<p><img loading=\"lazy\" decoding=\"async\" width=\"1024\" height=\"684\" src=\"https:\/\/pbagora.s3.amazonaws.com\/2024\/06\/05082737\/TC_Gilberto_Foto_Arquivo-1024x684.jpg\" class=\"attachment-large size-large wp-post-image\" alt=\"\"><\/p>\n<p>Em entrevista \u00e0 imprensa campinense o comandante da Pol\u00edcia Militar, Gilberto Felipe, fez um balan\u00e7o positivo dos primeiros\u2026<\/p>\n","protected":false},"author":123457,"featured_media":0,"comment_status":"closed","ping_status":"closed","sticky":false,"template":"","format":"standard","meta":{"advgb_blocks_editor_width":"","advgb_blocks_columns_visual_guide":"","footnotes":""},"categories":[10833,34,66],"tags":[35],"class_list":["post-47928","post","type-post","status-publish","format-standard","hentry","category-destaque-final-01","category-g1","category-policial","tag-g1"],"author_meta":{"display_name":"Reda\u00e7\u00e3o","author_link":"https:\/\/sindaopcpb.org.br\/author\/redacao\/"},"featured_img":null,"coauthors":[],"tax_additional":{"categories":{"linked":["<a href=\"https:\/\/sindaopcpb.org.br\/destaque-final-01\/\" class=\"advgb-post-tax-term\">Destaque Final 01<\/a>","<a href=\"https:\/\/sindaopcpb.org.br\/g1\/\" class=\"advgb-post-tax-term\">G1<\/a>","<a href=\"https:\/\/sindaopcpb.org.br\/policial\/\" class=\"advgb-post-tax-term\">Policial<\/a>"],"unlinked":["<span class=\"advgb-post-tax-term\">Destaque Final 01<\/span>","<span class=\"advgb-post-tax-term\">G1<\/span>","<span class=\"advgb-post-tax-term\">Policial<\/span>"]},"tags":{"linked":["<a href=\"https:\/\/sindaopcpb.org.br\/policial\/\" class=\"advgb-post-tax-term\">g1<\/a>"],"unlinked":["<span class=\"advgb-post-tax-term\">g1<\/span>"]}},"comment_count":"0","relative_dates":{"created":"Publicado 2 anos atr\u00e1s","modified":"Atualizado 2 anos atr\u00e1s"},"absolute_dates":{"created":"Publicado em 5 de junho de 2024","modified":"Atualizado em 5 de junho de 2024"},"absolute_dates_time":{"created":"Publicado em 5 de junho de 2024 09:22","modified":"Atualizado em 5 de junho de 2024 11:30"},"featured_img_caption":"","series_order":"","_links":{"self":[{"href":"https:\/\/sindaopcpb.org.br\/index.php\/wp-json\/wp\/v2\/posts\/47928","targetHints":{"allow":["GET"]}}],"collection":[{"href":"https:\/\/sindaopcpb.org.br\/index.php\/wp-json\/wp\/v2\/posts"}],"about":[{"href":"https:\/\/sindaopcpb.org.br\/index.php\/wp-json\/wp\/v2\/types\/post"}],"author":[{"embeddable":true,"href":"https:\/\/sindaopcpb.org.br\/index.php\/wp-json\/wp\/v2\/users\/123457"}],"replies":[{"embeddable":true,"href":"https:\/\/sindaopcpb.org.br\/index.php\/wp-json\/wp\/v2\/comments?post=47928"}],"version-history":[{"count":4,"href":"https:\/\/sindaopcpb.org.br\/index.php\/wp-json\/wp\/v2\/posts\/47928\/revisions"}],"predecessor-version":[{"id":47945,"href":"https:\/\/sindaopcpb.org.br\/index.php\/wp-json\/wp\/v2\/posts\/47928\/revisions\/47945"}],"wp:attachment":[{"href":"https:\/\/sindaopcpb.org.br\/index.php\/wp-json\/wp\/v2\/media?parent=47928"}],"wp:term":[{"taxonomy":"category","embeddable":true,"href":"https:\/\/sindaopcpb.org.br\/index.php\/wp-json\/wp\/v2\/categories?post=47928"},{"taxonomy":"post_tag","embeddable":true,"href":"https:\/\/sindaopcpb.org.br\/index.php\/wp-json\/wp\/v2\/tags?post=47928"}],"curies":[{"name":"wp","href":"https:\/\/api.w.org\/{rel}","templated":true}]}}