{"id":47908,"date":"2024-06-04T18:20:33","date_gmt":"2024-06-04T21:20:33","guid":{"rendered":"https:\/\/www.pbagora.com.br\/?p=835296"},"modified":"2024-06-04T18:20:33","modified_gmt":"2024-06-04T21:20:33","slug":"motorista-perde-controle-e-morre-apos-carro-bater-em-poste-na-br-230-em-intermares","status":"publish","type":"post","link":"https:\/\/sindaopcpb.org.br\/index.php\/2024\/06\/04\/motorista-perde-controle-e-morre-apos-carro-bater-em-poste-na-br-230-em-intermares\/","title":{"rendered":"Motorista perde controle e morre ap\u00f3s carro bater em poste na BR-230, em Intermares"},"content":{"rendered":"<p><img width=\"775\" height=\"487\" src=\"https:\/\/pbagora.s3.amazonaws.com\/2024\/06\/04171824\/Sem-titulo.webp\" class=\"attachment-large size-large wp-post-image\" alt=\"\" style=\"margin-bottom: 20px;\" decoding=\"async\" srcset=\"https:\/\/pbagora.s3.amazonaws.com\/2024\/06\/04171824\/Sem-titulo.webp 775w, https:\/\/pbagora.s3.amazonaws.com\/2024\/06\/04171824\/Sem-titulo-300x189.webp 300w, https:\/\/pbagora.s3.amazonaws.com\/2024\/06\/04171824\/Sem-titulo-150x94.webp 150w, https:\/\/pbagora.s3.amazonaws.com\/2024\/06\/04171824\/Sem-titulo-768x483.webp 768w, https:\/\/pbagora.s3.amazonaws.com\/2024\/06\/04171824\/Sem-titulo-380x239.webp 380w, https:\/\/pbagora.s3.amazonaws.com\/2024\/06\/04171824\/Sem-titulo-80x50.webp 80w, https:\/\/pbagora.s3.amazonaws.com\/2024\/06\/04171824\/Sem-titulo-760x478.webp 760w, https:\/\/pbagora.s3.amazonaws.com\/2024\/06\/04171824\/Sem-titulo-600x377.webp 600w\" sizes=\"(max-width: 775px) 100vw, 775px\" \/><\/p><p data-sourcepos=\"3:1-3:163\">Um homem de 33 anos, natural de Salvador, faleceu na tarde desta ter\u00e7a-feira (4) em um acidente na BR-230, pr\u00f3ximo ao viaduto de Intermares. A v\u00edtima, que ainda n\u00e3o foi identificada, perdeu o controle do ve\u00edculo que dirigia na faixa da esquerda, foi arrastado por uma caminhonete e colidiu com um poste.<\/p>\n<p data-sourcepos=\"5:1-5:203\">De acordo com informa\u00e7\u00f5es da Pol\u00edcia Rodovi\u00e1ria Federal (PRF), o acidente aconteceu na tarde de hoje. O carro da v\u00edtima ficou completamente destru\u00eddo, assim como o poste atingido na colis\u00e3o.<\/p>\n<p data-sourcepos=\"7:1-7:270\">Equipes de resgate e a PRF foram acionadas para o local. A v\u00edtima foi socorrida, mas n\u00e3o resistiu aos ferimentos e faleceu no local. A pista precisou ser parcialmente interditada para o trabalho de remo\u00e7\u00e3o dos ve\u00edculos e per\u00edcia, o que causou congestionamento na regi\u00e3o.<\/p>\n<p data-sourcepos=\"9:1-9:62\">As causas do acidente ainda est\u00e3o sendo investigadas pela PRF.<\/p>\n","protected":false},"excerpt":{"rendered":"<p><img loading=\"lazy\" decoding=\"async\" width=\"775\" height=\"487\" src=\"https:\/\/pbagora.s3.amazonaws.com\/2024\/06\/04171824\/Sem-titulo.webp\" class=\"attachment-large size-large wp-post-image\" alt=\"\"><\/p>\n<p>Um homem de 33 anos, natural de Salvador, faleceu na tarde desta ter\u00e7a-feira (4) em um acidente na\u2026<\/p>\n","protected":false},"author":123458,"featured_media":0,"comment_status":"closed","ping_status":"closed","sticky":false,"template":"","format":"standard","meta":{"advgb_blocks_editor_width":"","advgb_blocks_columns_visual_guide":"","footnotes":""},"categories":[10823,34,66],"tags":[35],"class_list":["post-47908","post","type-post","status-publish","format-standard","hentry","category-destaque-centro-01","category-g1","category-policial","tag-g1"],"author_meta":{"display_name":"Feliphe Rojas","author_link":"https:\/\/sindaopcpb.org.br\/author\/feliphe-rojas\/"},"featured_img":null,"coauthors":[],"tax_additional":{"categories":{"linked":["<a href=\"https:\/\/sindaopcpb.org.br\/destaque-centro-01\/\" class=\"advgb-post-tax-term\">Destaque Centro 01<\/a>","<a href=\"https:\/\/sindaopcpb.org.br\/g1\/\" class=\"advgb-post-tax-term\">G1<\/a>","<a href=\"https:\/\/sindaopcpb.org.br\/policial\/\" class=\"advgb-post-tax-term\">Policial<\/a>"],"unlinked":["<span class=\"advgb-post-tax-term\">Destaque Centro 01<\/span>","<span class=\"advgb-post-tax-term\">G1<\/span>","<span class=\"advgb-post-tax-term\">Policial<\/span>"]},"tags":{"linked":["<a href=\"https:\/\/sindaopcpb.org.br\/policial\/\" class=\"advgb-post-tax-term\">g1<\/a>"],"unlinked":["<span class=\"advgb-post-tax-term\">g1<\/span>"]}},"comment_count":"0","relative_dates":{"created":"Publicado 2 anos atr\u00e1s","modified":"Atualizado 2 anos atr\u00e1s"},"absolute_dates":{"created":"Publicado em 4 de junho de 2024","modified":"Atualizado em 4 de junho de 2024"},"absolute_dates_time":{"created":"Publicado em 4 de junho de 2024 18:20","modified":"Atualizado em 4 de junho de 2024 18:20"},"featured_img_caption":"","series_order":"","_links":{"self":[{"href":"https:\/\/sindaopcpb.org.br\/index.php\/wp-json\/wp\/v2\/posts\/47908","targetHints":{"allow":["GET"]}}],"collection":[{"href":"https:\/\/sindaopcpb.org.br\/index.php\/wp-json\/wp\/v2\/posts"}],"about":[{"href":"https:\/\/sindaopcpb.org.br\/index.php\/wp-json\/wp\/v2\/types\/post"}],"author":[{"embeddable":true,"href":"https:\/\/sindaopcpb.org.br\/index.php\/wp-json\/wp\/v2\/users\/123458"}],"replies":[{"embeddable":true,"href":"https:\/\/sindaopcpb.org.br\/index.php\/wp-json\/wp\/v2\/comments?post=47908"}],"version-history":[{"count":2,"href":"https:\/\/sindaopcpb.org.br\/index.php\/wp-json\/wp\/v2\/posts\/47908\/revisions"}],"predecessor-version":[{"id":47916,"href":"https:\/\/sindaopcpb.org.br\/index.php\/wp-json\/wp\/v2\/posts\/47908\/revisions\/47916"}],"wp:attachment":[{"href":"https:\/\/sindaopcpb.org.br\/index.php\/wp-json\/wp\/v2\/media?parent=47908"}],"wp:term":[{"taxonomy":"category","embeddable":true,"href":"https:\/\/sindaopcpb.org.br\/index.php\/wp-json\/wp\/v2\/categories?post=47908"},{"taxonomy":"post_tag","embeddable":true,"href":"https:\/\/sindaopcpb.org.br\/index.php\/wp-json\/wp\/v2\/tags?post=47908"}],"curies":[{"name":"wp","href":"https:\/\/api.w.org\/{rel}","templated":true}]}}