{"id":47904,"date":"2024-06-04T16:17:46","date_gmt":"2024-06-04T19:17:46","guid":{"rendered":"https:\/\/www.pbagora.com.br\/?p=835278"},"modified":"2024-06-04T16:17:46","modified_gmt":"2024-06-04T19:17:46","slug":"acidente-em-cabedelo-carro-destroi-poste-em-colisao-na-br-230","status":"publish","type":"post","link":"https:\/\/sindaopcpb.org.br\/index.php\/2024\/06\/04\/acidente-em-cabedelo-carro-destroi-poste-em-colisao-na-br-230\/","title":{"rendered":"Acidente em Cabedelo: carro destr\u00f3i poste em colis\u00e3o na BR-230"},"content":{"rendered":"<p><img width=\"386\" height=\"349\" src=\"https:\/\/pbagora.s3.amazonaws.com\/2024\/06\/04161720\/Captura-de-tela-2024-06-04-161708.png\" class=\"attachment-large size-large wp-post-image\" alt=\"\" style=\"margin-bottom: 20px;\" decoding=\"async\" srcset=\"https:\/\/pbagora.s3.amazonaws.com\/2024\/06\/04161720\/Captura-de-tela-2024-06-04-161708.png 386w, https:\/\/pbagora.s3.amazonaws.com\/2024\/06\/04161720\/Captura-de-tela-2024-06-04-161708-300x271.png 300w, https:\/\/pbagora.s3.amazonaws.com\/2024\/06\/04161720\/Captura-de-tela-2024-06-04-161708-150x136.png 150w, https:\/\/pbagora.s3.amazonaws.com\/2024\/06\/04161720\/Captura-de-tela-2024-06-04-161708-380x344.png 380w, https:\/\/pbagora.s3.amazonaws.com\/2024\/06\/04161720\/Captura-de-tela-2024-06-04-161708-80x72.png 80w\" sizes=\"(max-width: 386px) 100vw, 386px\" \/><\/p><p>Na tarde desta ter\u00e7a-feira (4), um motorista perdeu o controle de seu carro enquanto trafegava em uma rua lateral \u00e0 BR-230, no bairro de Intermares, em Cabedelo, resultando em uma colis\u00e3o com um poste. O impacto deixou o poste completamente destru\u00eddo.<\/p>\n<p>Al\u00e9m dos danos ao poste, o ve\u00edculo tamb\u00e9m ficou totalmente destru\u00eddo. At\u00e9 o momento da publica\u00e7\u00e3o n\u00e3o havia confirma\u00e7\u00e3o do Samu ou da Pol\u00edcia Rodovi\u00e1ria Federal (PRF) sobre o n\u00famero de feridos no acidente.<\/p>\n<p>&nbsp;<\/p>\n<p><em><strong>Reda\u00e7\u00e3o<\/strong><\/em><\/p>\n<p>&nbsp;<\/p>\n","protected":false},"excerpt":{"rendered":"<p><img loading=\"lazy\" decoding=\"async\" width=\"386\" height=\"349\" src=\"https:\/\/pbagora.s3.amazonaws.com\/2024\/06\/04161720\/Captura-de-tela-2024-06-04-161708.png\" class=\"attachment-large size-large wp-post-image\" alt=\"\"><\/p>\n<p>Na tarde desta ter\u00e7a-feira (4), um motorista perdeu o controle de seu carro enquanto trafegava em uma rua\u2026<\/p>\n","protected":false},"author":123457,"featured_media":0,"comment_status":"closed","ping_status":"closed","sticky":false,"template":"","format":"standard","meta":{"advgb_blocks_editor_width":"","advgb_blocks_columns_visual_guide":"","footnotes":""},"categories":[10826,34,66],"tags":[35],"class_list":["post-47904","post","type-post","status-publish","format-standard","hentry","category-destaque-centro-02","category-g1","category-policial","tag-g1"],"author_meta":{"display_name":"Reda\u00e7\u00e3o","author_link":"https:\/\/sindaopcpb.org.br\/author\/redacao\/"},"featured_img":null,"coauthors":[],"tax_additional":{"categories":{"linked":["<a href=\"https:\/\/sindaopcpb.org.br\/destaque-centro-02\/\" class=\"advgb-post-tax-term\">Destaque Centro 02<\/a>","<a href=\"https:\/\/sindaopcpb.org.br\/g1\/\" class=\"advgb-post-tax-term\">G1<\/a>","<a href=\"https:\/\/sindaopcpb.org.br\/policial\/\" class=\"advgb-post-tax-term\">Policial<\/a>"],"unlinked":["<span class=\"advgb-post-tax-term\">Destaque Centro 02<\/span>","<span class=\"advgb-post-tax-term\">G1<\/span>","<span class=\"advgb-post-tax-term\">Policial<\/span>"]},"tags":{"linked":["<a href=\"https:\/\/sindaopcpb.org.br\/policial\/\" class=\"advgb-post-tax-term\">g1<\/a>"],"unlinked":["<span class=\"advgb-post-tax-term\">g1<\/span>"]}},"comment_count":"0","relative_dates":{"created":"Publicado 2 anos atr\u00e1s","modified":"Atualizado 2 anos atr\u00e1s"},"absolute_dates":{"created":"Publicado em 4 de junho de 2024","modified":"Atualizado em 4 de junho de 2024"},"absolute_dates_time":{"created":"Publicado em 4 de junho de 2024 16:17","modified":"Atualizado em 4 de junho de 2024 16:17"},"featured_img_caption":"","series_order":"","_links":{"self":[{"href":"https:\/\/sindaopcpb.org.br\/index.php\/wp-json\/wp\/v2\/posts\/47904","targetHints":{"allow":["GET"]}}],"collection":[{"href":"https:\/\/sindaopcpb.org.br\/index.php\/wp-json\/wp\/v2\/posts"}],"about":[{"href":"https:\/\/sindaopcpb.org.br\/index.php\/wp-json\/wp\/v2\/types\/post"}],"author":[{"embeddable":true,"href":"https:\/\/sindaopcpb.org.br\/index.php\/wp-json\/wp\/v2\/users\/123457"}],"replies":[{"embeddable":true,"href":"https:\/\/sindaopcpb.org.br\/index.php\/wp-json\/wp\/v2\/comments?post=47904"}],"version-history":[{"count":2,"href":"https:\/\/sindaopcpb.org.br\/index.php\/wp-json\/wp\/v2\/posts\/47904\/revisions"}],"predecessor-version":[{"id":47910,"href":"https:\/\/sindaopcpb.org.br\/index.php\/wp-json\/wp\/v2\/posts\/47904\/revisions\/47910"}],"wp:attachment":[{"href":"https:\/\/sindaopcpb.org.br\/index.php\/wp-json\/wp\/v2\/media?parent=47904"}],"wp:term":[{"taxonomy":"category","embeddable":true,"href":"https:\/\/sindaopcpb.org.br\/index.php\/wp-json\/wp\/v2\/categories?post=47904"},{"taxonomy":"post_tag","embeddable":true,"href":"https:\/\/sindaopcpb.org.br\/index.php\/wp-json\/wp\/v2\/tags?post=47904"}],"curies":[{"name":"wp","href":"https:\/\/api.w.org\/{rel}","templated":true}]}}