{"id":47899,"date":"2024-06-04T10:32:56","date_gmt":"2024-06-04T13:32:56","guid":{"rendered":"https:\/\/www.pbagora.com.br\/?p=835142"},"modified":"2024-06-04T14:11:56","modified_gmt":"2024-06-04T17:11:56","slug":"militar-dos-bombeiros-que-estava-a-caminho-do-trabalho-morre-em-acidente-na-pb-250","status":"publish","type":"post","link":"https:\/\/sindaopcpb.org.br\/index.php\/2024\/06\/04\/militar-dos-bombeiros-que-estava-a-caminho-do-trabalho-morre-em-acidente-na-pb-250\/","title":{"rendered":"Militar dos Bombeiros que estava a caminho do trabalho morre em acidente na PB-250"},"content":{"rendered":"<p><img width=\"927\" height=\"430\" src=\"https:\/\/pbagora.s3.amazonaws.com\/2024\/06\/04082047\/Sem-titulo-2.jpg\" class=\"attachment-large size-large wp-post-image\" alt=\"\" style=\"margin-bottom: 20px;\" decoding=\"async\" srcset=\"https:\/\/pbagora.s3.amazonaws.com\/2024\/06\/04082047\/Sem-titulo-2.jpg 927w, https:\/\/pbagora.s3.amazonaws.com\/2024\/06\/04082047\/Sem-titulo-2-300x139.jpg 300w, https:\/\/pbagora.s3.amazonaws.com\/2024\/06\/04082047\/Sem-titulo-2-150x70.jpg 150w, https:\/\/pbagora.s3.amazonaws.com\/2024\/06\/04082047\/Sem-titulo-2-768x356.jpg 768w, https:\/\/pbagora.s3.amazonaws.com\/2024\/06\/04082047\/Sem-titulo-2-380x176.jpg 380w, https:\/\/pbagora.s3.amazonaws.com\/2024\/06\/04082047\/Sem-titulo-2-800x371.jpg 800w, https:\/\/pbagora.s3.amazonaws.com\/2024\/06\/04082047\/Sem-titulo-2-80x37.jpg 80w, https:\/\/pbagora.s3.amazonaws.com\/2024\/06\/04082047\/Sem-titulo-2-760x353.jpg 760w, https:\/\/pbagora.s3.amazonaws.com\/2024\/06\/04082047\/Sem-titulo-2-600x278.jpg 600w\" sizes=\"(max-width: 927px) 100vw, 927px\" \/><\/p><p>Um acidente na noite de ontem (03) vitimou um Bombeiro, na rodovia PB-250, que conecta os munic\u00edpios de Prata a Ouro Velho, no Cariri paraibano. O caso resultou na morte de um jovem identificado como Kevin, natural da cidade de Zabel\u00ea.<\/p>\n<p>De acordo com os levantamentos preliminares, Kevin estava a caminho de Ouro Velho, onde iria desempenhar suas fun\u00e7\u00f5es como bombeiro civil durante as festividades juninas da cidade.<\/p>\n<p>Al\u00e9m de seu papel como bombeiro, Kevin tamb\u00e9m exercia a fun\u00e7\u00e3o de conselheiro tutelar em Zabel\u00ea. A v\u00edtima estava em um ve\u00edculo na companhia de outros bombeiros civis de Monteiro, que tamb\u00e9m se dirigiam para trabalhar na festa de Ouro Velho. Ele tiveram ferimentos leves.<\/p>\n<p>O condutor teria perdido o controle do ve\u00edculo, que colidiu violentamente contra um poste e acabou capotando.<\/p>\n<p>Reda\u00e7\u00e3o<\/p>\n","protected":false},"excerpt":{"rendered":"<p><img loading=\"lazy\" decoding=\"async\" width=\"927\" height=\"430\" src=\"https:\/\/pbagora.s3.amazonaws.com\/2024\/06\/04082047\/Sem-titulo-2.jpg\" class=\"attachment-large size-large wp-post-image\" alt=\"\"><\/p>\n<p>Um acidente na noite de ontem (03) vitimou um Bombeiro, na rodovia PB-250, que conecta os munic\u00edpios de\u2026<\/p>\n","protected":false},"author":123457,"featured_media":0,"comment_status":"closed","ping_status":"closed","sticky":false,"template":"","format":"standard","meta":{"advgb_blocks_editor_width":"","advgb_blocks_columns_visual_guide":"","footnotes":""},"categories":[34,66,10829],"tags":[35],"class_list":["post-47899","post","type-post","status-publish","format-standard","hentry","category-g1","category-policial","category-rodape-03","tag-g1"],"author_meta":{"display_name":"Reda\u00e7\u00e3o","author_link":"https:\/\/sindaopcpb.org.br\/author\/redacao\/"},"featured_img":null,"coauthors":[],"tax_additional":{"categories":{"linked":["<a href=\"https:\/\/sindaopcpb.org.br\/g1\/\" class=\"advgb-post-tax-term\">G1<\/a>","<a href=\"https:\/\/sindaopcpb.org.br\/policial\/\" class=\"advgb-post-tax-term\">Policial<\/a>","<a href=\"https:\/\/sindaopcpb.org.br\/rodape-03\/\" class=\"advgb-post-tax-term\">Rodape 03<\/a>"],"unlinked":["<span class=\"advgb-post-tax-term\">G1<\/span>","<span class=\"advgb-post-tax-term\">Policial<\/span>","<span class=\"advgb-post-tax-term\">Rodape 03<\/span>"]},"tags":{"linked":["<a href=\"https:\/\/sindaopcpb.org.br\/rodape-03\/\" class=\"advgb-post-tax-term\">g1<\/a>"],"unlinked":["<span class=\"advgb-post-tax-term\">g1<\/span>"]}},"comment_count":"0","relative_dates":{"created":"Publicado 2 anos atr\u00e1s","modified":"Atualizado 2 anos atr\u00e1s"},"absolute_dates":{"created":"Publicado em 4 de junho de 2024","modified":"Atualizado em 4 de junho de 2024"},"absolute_dates_time":{"created":"Publicado em 4 de junho de 2024 10:32","modified":"Atualizado em 4 de junho de 2024 14:11"},"featured_img_caption":"","series_order":"","_links":{"self":[{"href":"https:\/\/sindaopcpb.org.br\/index.php\/wp-json\/wp\/v2\/posts\/47899","targetHints":{"allow":["GET"]}}],"collection":[{"href":"https:\/\/sindaopcpb.org.br\/index.php\/wp-json\/wp\/v2\/posts"}],"about":[{"href":"https:\/\/sindaopcpb.org.br\/index.php\/wp-json\/wp\/v2\/types\/post"}],"author":[{"embeddable":true,"href":"https:\/\/sindaopcpb.org.br\/index.php\/wp-json\/wp\/v2\/users\/123457"}],"replies":[{"embeddable":true,"href":"https:\/\/sindaopcpb.org.br\/index.php\/wp-json\/wp\/v2\/comments?post=47899"}],"version-history":[{"count":4,"href":"https:\/\/sindaopcpb.org.br\/index.php\/wp-json\/wp\/v2\/posts\/47899\/revisions"}],"predecessor-version":[{"id":47911,"href":"https:\/\/sindaopcpb.org.br\/index.php\/wp-json\/wp\/v2\/posts\/47899\/revisions\/47911"}],"wp:attachment":[{"href":"https:\/\/sindaopcpb.org.br\/index.php\/wp-json\/wp\/v2\/media?parent=47899"}],"wp:term":[{"taxonomy":"category","embeddable":true,"href":"https:\/\/sindaopcpb.org.br\/index.php\/wp-json\/wp\/v2\/categories?post=47899"},{"taxonomy":"post_tag","embeddable":true,"href":"https:\/\/sindaopcpb.org.br\/index.php\/wp-json\/wp\/v2\/tags?post=47899"}],"curies":[{"name":"wp","href":"https:\/\/api.w.org\/{rel}","templated":true}]}}