{"id":47881,"date":"2024-06-03T12:50:04","date_gmt":"2024-06-03T15:50:04","guid":{"rendered":"https:\/\/www.pbagora.com.br\/?p=834963"},"modified":"2024-06-03T12:50:04","modified_gmt":"2024-06-03T15:50:04","slug":"policial-flagrado-em-video-agredindo-deficiente-e-afastado-ate-conclusao-de-sindicancia","status":"publish","type":"post","link":"https:\/\/sindaopcpb.org.br\/index.php\/2024\/06\/03\/policial-flagrado-em-video-agredindo-deficiente-e-afastado-ate-conclusao-de-sindicancia\/","title":{"rendered":"Policial flagrado em v\u00eddeo agredindo deficiente \u00e9 afastado at\u00e9 conclus\u00e3o de sindic\u00e2ncia"},"content":{"rendered":"<p><img width=\"378\" height=\"354\" src=\"https:\/\/pbagora.s3.amazonaws.com\/2024\/06\/02023028\/Captura-de-tela-2024-06-02-023004.png\" class=\"attachment-large size-large wp-post-image\" alt=\"\" style=\"margin-bottom: 20px;\" decoding=\"async\" loading=\"lazy\" srcset=\"https:\/\/pbagora.s3.amazonaws.com\/2024\/06\/02023028\/Captura-de-tela-2024-06-02-023004.png 378w, https:\/\/pbagora.s3.amazonaws.com\/2024\/06\/02023028\/Captura-de-tela-2024-06-02-023004-300x281.png 300w, https:\/\/pbagora.s3.amazonaws.com\/2024\/06\/02023028\/Captura-de-tela-2024-06-02-023004-150x140.png 150w, https:\/\/pbagora.s3.amazonaws.com\/2024\/06\/02023028\/Captura-de-tela-2024-06-02-023004-80x75.png 80w\" sizes=\"(max-width: 378px) 100vw, 378px\" \/><\/p><p>O policial militar flagrado por c\u00e2meras de seguran\u00e7a agredindo uma pessoa com defici\u00eancia em Santa Luzia, Para\u00edba foi afastado dos servi\u00e7os ostensivos at\u00e9 a conclus\u00e3o de uma sindic\u00e2ncia interna que apura o caso. A informa\u00e7\u00e3o foi confirmada pelo Tenente-Coronel Esa\u00fa, comandante do 3\u00ba Batalh\u00e3o da Pol\u00edcia Militar, sediado em Patos e respons\u00e1vel pela regi\u00e3o, nesta segunda-feira (3).<\/p>\n<p>A agress\u00e3o, que ocorreu no s\u00e1bado (1\u00ba), foi registrada em um v\u00eddeo de mais de cinco minutos. As imagens mostram o in\u00edcio da discuss\u00e3o que culminou na agress\u00e3o. Segundo testemunhas, o incidente come\u00e7ou quando a v\u00edtima, em tom de brincadeira, fez uma piada com o policial. No v\u00eddeo, \u00e9 poss\u00edvel ouvir algu\u00e9m tentando apaziguar a situa\u00e7\u00e3o, dizendo ao policial que a v\u00edtima estava apenas brincando.<\/p>\n<p>Apesar das tentativas de acalmar a situa\u00e7\u00e3o, o policial se aproximou da v\u00edtima e a agrediu verbal e fisicamente. &#8220;Voc\u00ea n\u00e3o queria isso? Olhe seu bceta&#8221;, disse o policial, ao que a v\u00edtima respondeu: &#8220;N\u00e3o, eu t\u00f4 calado.&#8221; Em seguida, o policial continuou a agress\u00e3o verbal: &#8220;Vem brincar comigo, vem com palha\u00e7ada. Eu sou policial, seu bceta. Como \u00e9 que voc\u00ea vem brincar comigo? T\u00e1 achando que eu sou ot\u00e1rio? Mandando eu sair daqui, rapaz.&#8221;<\/p>\n<p>Outras imagens mostram o momento em que a v\u00edtima sai do p\u00e1tio do posto e se dirige \u00e0 loja de conveni\u00eancia.<\/p>\n<p>De acordo com o comandante-geral da Pol\u00edcia Militar, coronel S\u00e9rgio Fonseca, a situa\u00e7\u00e3o ser\u00e1 apurada \u201cem toda sua amplitude o fato que aconteceu em Santa Luzia\u201d.<\/p>\n<p>\u00c0 imprensa, o coronel disse que \u201co tipo de procedimento n\u00e3o \u00e9 o adotado pela Pol\u00edcia Militar\u201d e que tudo ser\u00e1 apurado.<\/p>\n<p><strong><em>Reda\u00e7\u00e3o<\/em><\/strong><\/p>\n","protected":false},"excerpt":{"rendered":"<p><img decoding=\"async\" width=\"378\" height=\"354\" src=\"https:\/\/pbagora.s3.amazonaws.com\/2024\/06\/02023028\/Captura-de-tela-2024-06-02-023004.png\" class=\"attachment-large size-large wp-post-image\" alt=\"\" loading=\"lazy\"><\/p>\n<p>O policial militar flagrado por c\u00e2meras de seguran\u00e7a agredindo uma pessoa com defici\u00eancia em Santa Luzia, Para\u00edba foi\u2026<\/p>\n","protected":false},"author":123457,"featured_media":0,"comment_status":"closed","ping_status":"closed","sticky":false,"template":"","format":"standard","meta":{"advgb_blocks_editor_width":"","advgb_blocks_columns_visual_guide":"","footnotes":""},"categories":[34,66,10824],"tags":[35],"class_list":["post-47881","post","type-post","status-publish","format-standard","hentry","category-g1","category-policial","category-principal3","tag-g1"],"author_meta":{"display_name":"Reda\u00e7\u00e3o","author_link":"https:\/\/sindaopcpb.org.br\/author\/redacao\/"},"featured_img":null,"coauthors":[],"tax_additional":{"categories":{"linked":["<a href=\"https:\/\/sindaopcpb.org.br\/g1\/\" class=\"advgb-post-tax-term\">G1<\/a>","<a href=\"https:\/\/sindaopcpb.org.br\/policial\/\" class=\"advgb-post-tax-term\">Policial<\/a>","<a href=\"https:\/\/sindaopcpb.org.br\/principal3\/\" class=\"advgb-post-tax-term\">Principal3<\/a>"],"unlinked":["<span class=\"advgb-post-tax-term\">G1<\/span>","<span class=\"advgb-post-tax-term\">Policial<\/span>","<span class=\"advgb-post-tax-term\">Principal3<\/span>"]},"tags":{"linked":["<a href=\"https:\/\/sindaopcpb.org.br\/principal3\/\" class=\"advgb-post-tax-term\">g1<\/a>"],"unlinked":["<span class=\"advgb-post-tax-term\">g1<\/span>"]}},"comment_count":"0","relative_dates":{"created":"Publicado 2 anos atr\u00e1s","modified":"Atualizado 2 anos atr\u00e1s"},"absolute_dates":{"created":"Publicado em 3 de junho de 2024","modified":"Atualizado em 3 de junho de 2024"},"absolute_dates_time":{"created":"Publicado em 3 de junho de 2024 12:50","modified":"Atualizado em 3 de junho de 2024 12:50"},"featured_img_caption":"","series_order":"","_links":{"self":[{"href":"https:\/\/sindaopcpb.org.br\/index.php\/wp-json\/wp\/v2\/posts\/47881","targetHints":{"allow":["GET"]}}],"collection":[{"href":"https:\/\/sindaopcpb.org.br\/index.php\/wp-json\/wp\/v2\/posts"}],"about":[{"href":"https:\/\/sindaopcpb.org.br\/index.php\/wp-json\/wp\/v2\/types\/post"}],"author":[{"embeddable":true,"href":"https:\/\/sindaopcpb.org.br\/index.php\/wp-json\/wp\/v2\/users\/123457"}],"replies":[{"embeddable":true,"href":"https:\/\/sindaopcpb.org.br\/index.php\/wp-json\/wp\/v2\/comments?post=47881"}],"version-history":[{"count":1,"href":"https:\/\/sindaopcpb.org.br\/index.php\/wp-json\/wp\/v2\/posts\/47881\/revisions"}],"predecessor-version":[{"id":47885,"href":"https:\/\/sindaopcpb.org.br\/index.php\/wp-json\/wp\/v2\/posts\/47881\/revisions\/47885"}],"wp:attachment":[{"href":"https:\/\/sindaopcpb.org.br\/index.php\/wp-json\/wp\/v2\/media?parent=47881"}],"wp:term":[{"taxonomy":"category","embeddable":true,"href":"https:\/\/sindaopcpb.org.br\/index.php\/wp-json\/wp\/v2\/categories?post=47881"},{"taxonomy":"post_tag","embeddable":true,"href":"https:\/\/sindaopcpb.org.br\/index.php\/wp-json\/wp\/v2\/tags?post=47881"}],"curies":[{"name":"wp","href":"https:\/\/api.w.org\/{rel}","templated":true}]}}