{"id":47846,"date":"2024-06-01T14:40:48","date_gmt":"2024-06-01T17:40:48","guid":{"rendered":"https:\/\/www.pbagora.com.br\/?p=834644"},"modified":"2024-06-01T14:40:48","modified_gmt":"2024-06-01T17:40:48","slug":"policia-militar-prende-suspeito-e-apreende-tres-armas-de-fogo-em-acoes-na-capital","status":"publish","type":"post","link":"https:\/\/sindaopcpb.org.br\/index.php\/2024\/06\/01\/policia-militar-prende-suspeito-e-apreende-tres-armas-de-fogo-em-acoes-na-capital\/","title":{"rendered":"Pol\u00edcia Militar prende suspeito e apreende tr\u00eas armas de fogo em a\u00e7\u00f5es na capital"},"content":{"rendered":"<p><img width=\"1024\" height=\"879\" src=\"https:\/\/pbagora.s3.amazonaws.com\/2024\/06\/01144039\/unnamed-81-1024x879.jpg\" class=\"attachment-large size-large wp-post-image\" alt=\"\" style=\"margin-bottom: 20px;\" decoding=\"async\" loading=\"lazy\" srcset=\"https:\/\/pbagora.s3.amazonaws.com\/2024\/06\/01144039\/unnamed-81-1024x879.jpg 1024w, https:\/\/pbagora.s3.amazonaws.com\/2024\/06\/01144039\/unnamed-81-300x258.jpg 300w, https:\/\/pbagora.s3.amazonaws.com\/2024\/06\/01144039\/unnamed-81-150x129.jpg 150w, https:\/\/pbagora.s3.amazonaws.com\/2024\/06\/01144039\/unnamed-81-768x659.jpg 768w, https:\/\/pbagora.s3.amazonaws.com\/2024\/06\/01144039\/unnamed-81-380x326.jpg 380w, https:\/\/pbagora.s3.amazonaws.com\/2024\/06\/01144039\/unnamed-81-800x687.jpg 800w, https:\/\/pbagora.s3.amazonaws.com\/2024\/06\/01144039\/unnamed-81-80x69.jpg 80w, https:\/\/pbagora.s3.amazonaws.com\/2024\/06\/01144039\/unnamed-81-760x653.jpg 760w, https:\/\/pbagora.s3.amazonaws.com\/2024\/06\/01144039\/unnamed-81-600x515.jpg 600w, https:\/\/pbagora.s3.amazonaws.com\/2024\/06\/01144039\/unnamed-81.jpg 1118w\" sizes=\"(max-width: 1024px) 100vw, 1024px\" \/><\/p><p>A Pol\u00edcia Militar prendeu um suspeito e apreendeu tr\u00eas armas de fogo, na noite dessa sexta-feira (31), em a\u00e7\u00f5es realizadas nos bairros do Bessa e S\u00e3o Jos\u00e9, em Jo\u00e3o Pessoa.<\/p>\n<p>A primeira a\u00e7\u00e3o foi realizada pelas equipes do Batalh\u00e3o de Pol\u00edcia de Tr\u00e2nsito Urbano e Rodovi\u00e1rio (BPTran), durante a realiza\u00e7\u00e3o da Opera\u00e7\u00e3o Zero \u00c1lcool, no bairro do Bessa. Um ve\u00edculo foi abordado durante a blitz, e o condutor foi flagrado portando ilegalmente uma pistola G2C.<\/p>\n<p>Na segunda a\u00e7\u00e3o, policiais militares da For\u00e7a T\u00e1tica do 1\u00ba Batalh\u00e3o realizavam rondas no bairro S\u00e3o Jos\u00e9, quando se depararam com um grupo de suspeitos portando armas de fogo. Eles fugiram e, durante as dilig\u00eancias, as equipes encontraram em uma edifica\u00e7\u00e3o abandonada uma submetralhadora calibre .9 mil\u00edmetros, uma espingarda calibre .12, muni\u00e7\u00f5es, dois carregadores do tipo caracol, dois coletes bal\u00edsticos, balan\u00e7a de precis\u00e3o e uma balaclava. <\/p>\n<p>Ambos os casos foram conduzidos \u00e0 Cidade da Pol\u00edcia Civil.<\/p>\n<p><strong>PB Agora<\/strong><\/p>\n","protected":false},"excerpt":{"rendered":"<p><img loading=\"lazy\" decoding=\"async\" width=\"1024\" height=\"879\" src=\"https:\/\/pbagora.s3.amazonaws.com\/2024\/06\/01144039\/unnamed-81-1024x879.jpg\" class=\"attachment-large size-large wp-post-image\" alt=\"\"><\/p>\n<p>A Pol\u00edcia Militar prendeu um suspeito e apreendeu tr\u00eas armas de fogo, na noite dessa sexta-feira (31), em\u2026<\/p>\n","protected":false},"author":123457,"featured_media":0,"comment_status":"closed","ping_status":"closed","sticky":false,"template":"","format":"standard","meta":{"advgb_blocks_editor_width":"","advgb_blocks_columns_visual_guide":"","footnotes":""},"categories":[34,66,10824],"tags":[35],"class_list":["post-47846","post","type-post","status-publish","format-standard","hentry","category-g1","category-policial","category-principal3","tag-g1"],"author_meta":{"display_name":"Reda\u00e7\u00e3o","author_link":"https:\/\/sindaopcpb.org.br\/author\/redacao\/"},"featured_img":null,"coauthors":[],"tax_additional":{"categories":{"linked":["<a href=\"https:\/\/sindaopcpb.org.br\/g1\/\" class=\"advgb-post-tax-term\">G1<\/a>","<a href=\"https:\/\/sindaopcpb.org.br\/policial\/\" class=\"advgb-post-tax-term\">Policial<\/a>","<a href=\"https:\/\/sindaopcpb.org.br\/principal3\/\" class=\"advgb-post-tax-term\">Principal3<\/a>"],"unlinked":["<span class=\"advgb-post-tax-term\">G1<\/span>","<span class=\"advgb-post-tax-term\">Policial<\/span>","<span class=\"advgb-post-tax-term\">Principal3<\/span>"]},"tags":{"linked":["<a href=\"https:\/\/sindaopcpb.org.br\/principal3\/\" class=\"advgb-post-tax-term\">g1<\/a>"],"unlinked":["<span class=\"advgb-post-tax-term\">g1<\/span>"]}},"comment_count":"0","relative_dates":{"created":"Publicado 2 anos atr\u00e1s","modified":"Atualizado 2 anos atr\u00e1s"},"absolute_dates":{"created":"Publicado em 1 de junho de 2024","modified":"Atualizado em 1 de junho de 2024"},"absolute_dates_time":{"created":"Publicado em 1 de junho de 2024 14:40","modified":"Atualizado em 1 de junho de 2024 14:40"},"featured_img_caption":"","series_order":"","_links":{"self":[{"href":"https:\/\/sindaopcpb.org.br\/index.php\/wp-json\/wp\/v2\/posts\/47846","targetHints":{"allow":["GET"]}}],"collection":[{"href":"https:\/\/sindaopcpb.org.br\/index.php\/wp-json\/wp\/v2\/posts"}],"about":[{"href":"https:\/\/sindaopcpb.org.br\/index.php\/wp-json\/wp\/v2\/types\/post"}],"author":[{"embeddable":true,"href":"https:\/\/sindaopcpb.org.br\/index.php\/wp-json\/wp\/v2\/users\/123457"}],"replies":[{"embeddable":true,"href":"https:\/\/sindaopcpb.org.br\/index.php\/wp-json\/wp\/v2\/comments?post=47846"}],"version-history":[{"count":2,"href":"https:\/\/sindaopcpb.org.br\/index.php\/wp-json\/wp\/v2\/posts\/47846\/revisions"}],"predecessor-version":[{"id":47853,"href":"https:\/\/sindaopcpb.org.br\/index.php\/wp-json\/wp\/v2\/posts\/47846\/revisions\/47853"}],"wp:attachment":[{"href":"https:\/\/sindaopcpb.org.br\/index.php\/wp-json\/wp\/v2\/media?parent=47846"}],"wp:term":[{"taxonomy":"category","embeddable":true,"href":"https:\/\/sindaopcpb.org.br\/index.php\/wp-json\/wp\/v2\/categories?post=47846"},{"taxonomy":"post_tag","embeddable":true,"href":"https:\/\/sindaopcpb.org.br\/index.php\/wp-json\/wp\/v2\/tags?post=47846"}],"curies":[{"name":"wp","href":"https:\/\/api.w.org\/{rel}","templated":true}]}}