{"id":47844,"date":"2024-06-01T14:48:18","date_gmt":"2024-06-01T17:48:18","guid":{"rendered":"https:\/\/www.pbagora.com.br\/?p=834654"},"modified":"2024-06-01T14:48:18","modified_gmt":"2024-06-01T17:48:18","slug":"pm-prende-tres-suspeitos-por-porte-ilegal-de-arma-de-fogo-e-trafico-na-grande-jp","status":"publish","type":"post","link":"https:\/\/sindaopcpb.org.br\/index.php\/2024\/06\/01\/pm-prende-tres-suspeitos-por-porte-ilegal-de-arma-de-fogo-e-trafico-na-grande-jp\/","title":{"rendered":"PM prende tr\u00eas suspeitos por porte ilegal de arma de fogo e tr\u00e1fico na Grande JP"},"content":{"rendered":"<p><img width=\"1024\" height=\"576\" src=\"https:\/\/pbagora.s3.amazonaws.com\/2024\/06\/01144804\/unnamed-82-1024x576.jpg\" class=\"attachment-large size-large wp-post-image\" alt=\"\" style=\"margin-bottom: 20px;\" decoding=\"async\" srcset=\"https:\/\/pbagora.s3.amazonaws.com\/2024\/06\/01144804\/unnamed-82-1024x576.jpg 1024w, https:\/\/pbagora.s3.amazonaws.com\/2024\/06\/01144804\/unnamed-82-300x169.jpg 300w, https:\/\/pbagora.s3.amazonaws.com\/2024\/06\/01144804\/unnamed-82-150x84.jpg 150w, https:\/\/pbagora.s3.amazonaws.com\/2024\/06\/01144804\/unnamed-82-768x432.jpg 768w, https:\/\/pbagora.s3.amazonaws.com\/2024\/06\/01144804\/unnamed-82-1536x864.jpg 1536w, https:\/\/pbagora.s3.amazonaws.com\/2024\/06\/01144804\/unnamed-82-2048x1152.jpg 2048w, https:\/\/pbagora.s3.amazonaws.com\/2024\/06\/01144804\/unnamed-82-380x214.jpg 380w, https:\/\/pbagora.s3.amazonaws.com\/2024\/06\/01144804\/unnamed-82-800x450.jpg 800w, https:\/\/pbagora.s3.amazonaws.com\/2024\/06\/01144804\/unnamed-82-1160x653.jpg 1160w, https:\/\/pbagora.s3.amazonaws.com\/2024\/06\/01144804\/unnamed-82-80x46.jpg 80w, https:\/\/pbagora.s3.amazonaws.com\/2024\/06\/01144804\/unnamed-82-3072x1728.jpg 3072w, https:\/\/pbagora.s3.amazonaws.com\/2024\/06\/01144804\/unnamed-82-760x428.jpg 760w, https:\/\/pbagora.s3.amazonaws.com\/2024\/06\/01144804\/unnamed-82-600x338.jpg 600w, https:\/\/pbagora.s3.amazonaws.com\/2024\/06\/01144804\/unnamed-82-scaled.jpg 2560w\" sizes=\"(max-width: 1024px) 100vw, 1024px\" \/><\/p><p>A Pol\u00edcia Militar prendeu tr\u00eas suspeitos e apreendeu duas armas de fogo e entorpecentes em uma a\u00e7\u00e3o realizada na comunidade Carandiru, em Cabedelo, na madrugada deste s\u00e1bado (1\u00ba).<\/p>\n<p>A pris\u00e3o foi realizada pelas equipes da 6\u00aa Companhia Independente, que, durante rondas na comunidade, depararam-se com um suspeito transitando com um rev\u00f3lver na m\u00e3o. O homem, que tem 26 anos, tentou fugir para o interior de sua resid\u00eancia e desfazer-se do material, mas foi abordado. A arma, um rev\u00f3lver calibre .38, foi encontrada em uma lata de lixo no interior da resid\u00eancia.<\/p>\n<p>Durante as buscas, mais duas pessoas foram presas, um homem de 22 anos, que trajava uma capa de colete e portava um outro rev\u00f3lver calibre .38, e uma mulher, de 19 anos, com quem foram apreendidas 23 pedras de crack. Os dois homens s\u00e3o irm\u00e3os e integram uma organiza\u00e7\u00e3o criminosa.<\/p>\n<p>As duas armas, os entorpecentes, al\u00e9m de 21 muni\u00e7\u00f5es dos calibres .38 e .12 e de R$ 36,00 apreendidos na ocorr\u00eancia, foram conduzidos \u00e0 Delegacia de Pol\u00edcia Civil, juntamente com os tr\u00eas suspeitos.<\/p>\n<p><strong>PB Agora<\/strong><\/p>\n","protected":false},"excerpt":{"rendered":"<p><img loading=\"lazy\" decoding=\"async\" width=\"1024\" height=\"576\" src=\"https:\/\/pbagora.s3.amazonaws.com\/2024\/06\/01144804\/unnamed-82-1024x576.jpg\" class=\"attachment-large size-large wp-post-image\" alt=\"\"><\/p>\n<p>A Pol\u00edcia Militar prendeu tr\u00eas suspeitos e apreendeu duas armas de fogo e entorpecentes em uma a\u00e7\u00e3o realizada\u2026<\/p>\n","protected":false},"author":123457,"featured_media":0,"comment_status":"closed","ping_status":"closed","sticky":false,"template":"","format":"standard","meta":{"advgb_blocks_editor_width":"","advgb_blocks_columns_visual_guide":"","footnotes":""},"categories":[10826,34,66],"tags":[35],"class_list":["post-47844","post","type-post","status-publish","format-standard","hentry","category-destaque-centro-02","category-g1","category-policial","tag-g1"],"author_meta":{"display_name":"Reda\u00e7\u00e3o","author_link":"https:\/\/sindaopcpb.org.br\/author\/redacao\/"},"featured_img":null,"coauthors":[],"tax_additional":{"categories":{"linked":["<a href=\"https:\/\/sindaopcpb.org.br\/destaque-centro-02\/\" class=\"advgb-post-tax-term\">Destaque Centro 02<\/a>","<a href=\"https:\/\/sindaopcpb.org.br\/g1\/\" class=\"advgb-post-tax-term\">G1<\/a>","<a href=\"https:\/\/sindaopcpb.org.br\/policial\/\" class=\"advgb-post-tax-term\">Policial<\/a>"],"unlinked":["<span class=\"advgb-post-tax-term\">Destaque Centro 02<\/span>","<span class=\"advgb-post-tax-term\">G1<\/span>","<span class=\"advgb-post-tax-term\">Policial<\/span>"]},"tags":{"linked":["<a href=\"https:\/\/sindaopcpb.org.br\/policial\/\" class=\"advgb-post-tax-term\">g1<\/a>"],"unlinked":["<span class=\"advgb-post-tax-term\">g1<\/span>"]}},"comment_count":"0","relative_dates":{"created":"Publicado 2 anos atr\u00e1s","modified":"Atualizado 2 anos atr\u00e1s"},"absolute_dates":{"created":"Publicado em 1 de junho de 2024","modified":"Atualizado em 1 de junho de 2024"},"absolute_dates_time":{"created":"Publicado em 1 de junho de 2024 14:48","modified":"Atualizado em 1 de junho de 2024 14:48"},"featured_img_caption":"","series_order":"","_links":{"self":[{"href":"https:\/\/sindaopcpb.org.br\/index.php\/wp-json\/wp\/v2\/posts\/47844","targetHints":{"allow":["GET"]}}],"collection":[{"href":"https:\/\/sindaopcpb.org.br\/index.php\/wp-json\/wp\/v2\/posts"}],"about":[{"href":"https:\/\/sindaopcpb.org.br\/index.php\/wp-json\/wp\/v2\/types\/post"}],"author":[{"embeddable":true,"href":"https:\/\/sindaopcpb.org.br\/index.php\/wp-json\/wp\/v2\/users\/123457"}],"replies":[{"embeddable":true,"href":"https:\/\/sindaopcpb.org.br\/index.php\/wp-json\/wp\/v2\/comments?post=47844"}],"version-history":[{"count":3,"href":"https:\/\/sindaopcpb.org.br\/index.php\/wp-json\/wp\/v2\/posts\/47844\/revisions"}],"predecessor-version":[{"id":47859,"href":"https:\/\/sindaopcpb.org.br\/index.php\/wp-json\/wp\/v2\/posts\/47844\/revisions\/47859"}],"wp:attachment":[{"href":"https:\/\/sindaopcpb.org.br\/index.php\/wp-json\/wp\/v2\/media?parent=47844"}],"wp:term":[{"taxonomy":"category","embeddable":true,"href":"https:\/\/sindaopcpb.org.br\/index.php\/wp-json\/wp\/v2\/categories?post=47844"},{"taxonomy":"post_tag","embeddable":true,"href":"https:\/\/sindaopcpb.org.br\/index.php\/wp-json\/wp\/v2\/tags?post=47844"}],"curies":[{"name":"wp","href":"https:\/\/api.w.org\/{rel}","templated":true}]}}