{"id":4770,"date":"2022-10-07T06:31:32","date_gmt":"2022-10-07T09:31:32","guid":{"rendered":"https:\/\/g1.globo.com\/pb\/paraiba\/la-vem-o-enem\/2022\/noticia\/2022\/10\/07\/la-vem-o-enem-simulado-testa-conhecimentos-de-historia-sobre-a-era-vargas.ghtml"},"modified":"2022-10-07T06:31:32","modified_gmt":"2022-10-07T09:31:32","slug":"la-vem-o-enem-simulado-testa-conhecimentos-de-historia-sobre-a-era-vargas","status":"publish","type":"post","link":"https:\/\/sindaopcpb.org.br\/index.php\/2022\/10\/07\/la-vem-o-enem-simulado-testa-conhecimentos-de-historia-sobre-a-era-vargas\/","title":{"rendered":"L\u00e1 Vem o Enem: simulado testa conhecimentos de hist\u00f3ria sobre a Era Vargas"},"content":{"rendered":"   <img src=\"https:\/\/s2.glbimg.com\/1R7_QeOdzw2q7L_y0wzZaBRtSvY=\/i.s3.glbimg.com\/v1\/AUTH_59edd422c0c84a879bd37670ae4f538a\/internal_photos\/bs\/2022\/B\/n\/yxUZSSSM2XRq3y4AI5vA\/videoaula-era-vargas-.jpg\" \/><br \/>   Teste foi elaborado pela professora J\u00falia Ribeiro. L\u00e1 Vem o Enem: videoaula de hist\u00f3ria explica sobre a Era Vargas\ng1\nA professora de hist\u00f3ria J\u00falia Ribeiro preparou um simulado para os estudantes que est\u00e3o na expectativa para o Exame Nacional do Ensino M\u00e9dio (Enem) 2022. As quest\u00f5es s\u00e3o relacionadas \u00e0 Era Vargas. Este assunto pode ser cobrado no primeiro dia de aplica\u00e7\u00e3o das provas do Enem, em 13 de novembro.\nVeja a p\u00e1gina especial do L\u00e1 Vem o Enem 2022\nA professora explicou que o conte\u00fado sempre \u00e9 cobrado na prova do Enem por causa da import\u00e2ncia pol\u00edtica de Get\u00falio Vargas para a hist\u00f3ria do Brasil e tamb\u00e9m por conta das mudan\u00e7as que ocorreram no pa\u00eds durante o governo dele.\nA dica de J\u00falia \u00e9 identificar se quest\u00e3o do exame fala sobre a Era Vargas no per\u00edodo de 1930 a 1945 - quando ele governou sem ter sido eleito pela popula\u00e7\u00e3o -, ou sobre o per\u00edodo democr\u00e1tico de Vargas, entre 1950 e 1954 - sendo o \u00faltimo ano quando ele se suicidou.\nA professora tamb\u00e9m destaca que a \"Ditadura Vargas\", conhecida como Estado Novo, que ocorreu entre os anos de 1937 e 1945, de todos os per\u00edodos, \u00e9 o mais cobrado.\nL\u00e1 Vem o Enem: professora de hist\u00f3ria fala sobre Era Vargas\nAntes do teste, na quarta-feira (5), a professora explicou o assunto em uma videoaula. Confira o v\u00eddeo para se preparar melhor para responder o simulado.\nL\u00e1 Vem o Enem: simulado testa conhecimentos de hist\u00f3ria sobre a Era Vargas\nV\u00cdDEOS: L\u00e1 Vem o Enem 2022 ","protected":false},"excerpt":{"rendered":"<p>      Teste foi elaborado pela professora J\u00falia Ribeiro. L\u00e1 Vem o Enem: videoaula de hist\u00f3ria explica sobre a Era Vargas<br \/>\ng1<br \/>\nA professora de hist\u00f3ria J\u00falia Ribeiro preparou um simulado para os estudantes que est\u00e3o na expectativa para o Exame Nacional do&#8230;<\/p>\n","protected":false},"author":2,"featured_media":0,"comment_status":"closed","ping_status":"closed","sticky":false,"template":"","format":"standard","meta":{"advgb_blocks_editor_width":"","advgb_blocks_columns_visual_guide":"","footnotes":""},"categories":[34],"tags":[35],"class_list":["post-4770","post","type-post","status-publish","format-standard","hentry","category-g1","tag-g1"],"author_meta":{"display_name":"g1 &gt; Para\u00edba","author_link":"https:\/\/sindaopcpb.org.br\/author\/g1-paraiba\/"},"featured_img":null,"coauthors":[],"tax_additional":{"categories":{"linked":["<a href=\"https:\/\/sindaopcpb.org.br\/g1\/\" class=\"advgb-post-tax-term\">G1<\/a>"],"unlinked":["<span class=\"advgb-post-tax-term\">G1<\/span>"]},"tags":{"linked":["<a href=\"https:\/\/sindaopcpb.org.br\/g1\/\" class=\"advgb-post-tax-term\">g1<\/a>"],"unlinked":["<span class=\"advgb-post-tax-term\">g1<\/span>"]}},"comment_count":"0","relative_dates":{"created":"Publicado 4 anos atr\u00e1s","modified":"Atualizado 4 anos atr\u00e1s"},"absolute_dates":{"created":"Publicado em 7 de outubro de 2022","modified":"Atualizado em 7 de outubro de 2022"},"absolute_dates_time":{"created":"Publicado em 7 de outubro de 2022 06:31","modified":"Atualizado em 7 de outubro de 2022 06:31"},"featured_img_caption":"","series_order":"","_links":{"self":[{"href":"https:\/\/sindaopcpb.org.br\/index.php\/wp-json\/wp\/v2\/posts\/4770","targetHints":{"allow":["GET"]}}],"collection":[{"href":"https:\/\/sindaopcpb.org.br\/index.php\/wp-json\/wp\/v2\/posts"}],"about":[{"href":"https:\/\/sindaopcpb.org.br\/index.php\/wp-json\/wp\/v2\/types\/post"}],"author":[{"embeddable":true,"href":"https:\/\/sindaopcpb.org.br\/index.php\/wp-json\/wp\/v2\/users\/2"}],"replies":[{"embeddable":true,"href":"https:\/\/sindaopcpb.org.br\/index.php\/wp-json\/wp\/v2\/comments?post=4770"}],"version-history":[{"count":1,"href":"https:\/\/sindaopcpb.org.br\/index.php\/wp-json\/wp\/v2\/posts\/4770\/revisions"}],"predecessor-version":[{"id":4771,"href":"https:\/\/sindaopcpb.org.br\/index.php\/wp-json\/wp\/v2\/posts\/4770\/revisions\/4771"}],"wp:attachment":[{"href":"https:\/\/sindaopcpb.org.br\/index.php\/wp-json\/wp\/v2\/media?parent=4770"}],"wp:term":[{"taxonomy":"category","embeddable":true,"href":"https:\/\/sindaopcpb.org.br\/index.php\/wp-json\/wp\/v2\/categories?post=4770"},{"taxonomy":"post_tag","embeddable":true,"href":"https:\/\/sindaopcpb.org.br\/index.php\/wp-json\/wp\/v2\/tags?post=4770"}],"curies":[{"name":"wp","href":"https:\/\/api.w.org\/{rel}","templated":true}]}}