{"id":4768,"date":"2022-10-07T06:31:35","date_gmt":"2022-10-07T09:31:35","guid":{"rendered":"https:\/\/g1.globo.com\/pb\/paraiba\/musica\/noticia\/2022\/10\/07\/qual-e-a-boa-confira-a-agenda-cultural-para-esse-fim-de-semana-7-8-e-9-de-outubro-na-paraiba.ghtml"},"modified":"2022-10-07T06:31:35","modified_gmt":"2022-10-07T09:31:35","slug":"qual-e-a-boa-confira-a-agenda-cultural-para-esse-fim-de-semana-7-8-e-9-de-outubro-na-paraiba","status":"publish","type":"post","link":"https:\/\/sindaopcpb.org.br\/index.php\/2022\/10\/07\/qual-e-a-boa-confira-a-agenda-cultural-para-esse-fim-de-semana-7-8-e-9-de-outubro-na-paraiba\/","title":{"rendered":"Qual \u00e9 a Boa? Confira a agenda cultural para esse fim de semana, 7, 8 e 9 de outubro, na Para\u00edba"},"content":{"rendered":"   <img src=\"https:\/\/s2.glbimg.com\/5gRmAlatqWwhMhcjYA6316mfJLw=\/i.s3.glbimg.com\/v1\/AUTH_59edd422c0c84a879bd37670ae4f538a\/internal_photos\/bs\/2022\/m\/w\/1BYvhxSOAmYqKoJOb0fQ\/mari-2.jpg\" \/><br \/>   Veja as dicas culturais de festas, shows e outros eventos que acontecem na Para\u00edba neste fim de semana. Mari Fernandez\nDivulga\u00e7\u00e3o\nA agenda cultural do \u201cQual \u00e9 a Boa?\u201d traz festas, shows e outros eventos que acontecem na Para\u00edba neste fim de semana, sexta-feira (7), s\u00e1bado (8) e domingo (9). Confira as atra\u00e7\u00f5es:\nConfira o Guia Qual \u00e9 a Boa\nDjonga\nLocal: Celebration JP \u2013 Jo\u00e3o Pessoa\nHor\u00e1rio: 20h (sexta)\nTino + Wister\nLocal: Recanto da Cevada \u2013 Jo\u00e3o Pessoa\nHor\u00e1rio: 20h30 (sexta)\nYuri canta Gonzaguinha\nLocal: Boteco Lunar \u2013 Jo\u00e3o Pessoa\nHor\u00e1rio: 22h30 (sexta)\nForr\u00f3 dos Fulano + Sandra Bel\u00ea e Vieira \nLocal: Vila do Porto\u2013 Jo\u00e3o Pessoa\nHor\u00e1rio: 20h30 (sexta)\nSal Trio + Papablue\nLocal: Manga Rosa Arte Bar \u2013 Jo\u00e3o Pessoa\nHor\u00e1rio: 19h30 (sexta)\nAmigas do Brega\nLocal: Casar\u00e3o Sul \u2013 Jo\u00e3o Pessoa\nHor\u00e1rio: 2h (sexta)\nRob\u00e9rio Jacintho\nLocal: Depois da Esquina \u2013 Jo\u00e3o Pessoa\nHor\u00e1rio: 20h (sexta)\nClube do Samba de Mesa\nLocal: General Store \u2013 Jo\u00e3o Pessoa\nHor\u00e1rio: 19h (sexta)\nReduto do Samba + Felipe Melo\nLocal: Vintage 21 \u2013 Jo\u00e3o Pessoa\nHor\u00e1rio: n\u00e3o informado (sexta)\nSamba da Juliana Almeida\nLocal: Recanto da Cevada \u2013 Jo\u00e3o Pessoa\nHor\u00e1rio: 20h30 (s\u00e1bado)\nVila Caribenha com Macumbia + Parahyba Ska Jazz\nLocal: Vila do Porto \u2013 Jo\u00e3o Pessoa\nHor\u00e1rio: 20h (s\u00e1bado)\n \nDj Dolores, Yuri Gonzaga e Chico Correa\nLocal: Manga Rosa Arte Bar \u2013 Jo\u00e3o Pessoa\nHor\u00e1rio: 20h (s\u00e1bado)\nDj Aly + Dj Kleyton\nLocal: Casar\u00e3o Sul \u2013 Jo\u00e3o Pessoa\nHor\u00e1rio: 22h (s\u00e1bado)\n \nMari Fernandez + \u00c1vine Vinny\nLocal: Domus Hall \u2013 Jo\u00e3o Pessoa\nHor\u00e1rio: 21h (s\u00e1bado)\nSamba de Praia\nLocal: Recanto da Cevada \u2013 Jo\u00e3o Pessoa\nHor\u00e1rio: 29h (domingo)\nZ\u00e9 Lezin\nLocal: Teatro Paulo Pontes \u2013 Jo\u00e3o Pessoa\nHor\u00e1rio: 20h (domingo)\n \nMayra Montenegro + Pedro Paz\nLocal: Manga Rosa Arte Bar \u2013 Jo\u00e3o Pessoa\nHor\u00e1rio: 15h (domingo)\nV\u00eddeos mais assistidos do g1 Para\u00edba ","protected":false},"excerpt":{"rendered":"<p>      Veja as dicas culturais de festas, shows e outros eventos que acontecem na Para\u00edba neste fim de semana. Mari Fernandez<br \/>\nDivulga\u00e7\u00e3o<br \/>\nA agenda cultural do \u201cQual \u00e9 a Boa?\u201d traz festas, shows e outros eventos que acontecem na Para\u00edba neste fim de seman&#8230;<\/p>\n","protected":false},"author":2,"featured_media":0,"comment_status":"closed","ping_status":"closed","sticky":false,"template":"","format":"standard","meta":{"advgb_blocks_editor_width":"","advgb_blocks_columns_visual_guide":"","footnotes":""},"categories":[34],"tags":[35],"class_list":["post-4768","post","type-post","status-publish","format-standard","hentry","category-g1","tag-g1"],"author_meta":{"display_name":"g1 &gt; Para\u00edba","author_link":"https:\/\/sindaopcpb.org.br\/author\/g1-paraiba\/"},"featured_img":null,"coauthors":[],"tax_additional":{"categories":{"linked":["<a href=\"https:\/\/sindaopcpb.org.br\/g1\/\" class=\"advgb-post-tax-term\">G1<\/a>"],"unlinked":["<span class=\"advgb-post-tax-term\">G1<\/span>"]},"tags":{"linked":["<a href=\"https:\/\/sindaopcpb.org.br\/g1\/\" class=\"advgb-post-tax-term\">g1<\/a>"],"unlinked":["<span class=\"advgb-post-tax-term\">g1<\/span>"]}},"comment_count":"0","relative_dates":{"created":"Publicado 4 anos atr\u00e1s","modified":"Atualizado 4 anos atr\u00e1s"},"absolute_dates":{"created":"Publicado em 7 de outubro de 2022","modified":"Atualizado em 7 de outubro de 2022"},"absolute_dates_time":{"created":"Publicado em 7 de outubro de 2022 06:31","modified":"Atualizado em 7 de outubro de 2022 06:31"},"featured_img_caption":"","series_order":"","_links":{"self":[{"href":"https:\/\/sindaopcpb.org.br\/index.php\/wp-json\/wp\/v2\/posts\/4768","targetHints":{"allow":["GET"]}}],"collection":[{"href":"https:\/\/sindaopcpb.org.br\/index.php\/wp-json\/wp\/v2\/posts"}],"about":[{"href":"https:\/\/sindaopcpb.org.br\/index.php\/wp-json\/wp\/v2\/types\/post"}],"author":[{"embeddable":true,"href":"https:\/\/sindaopcpb.org.br\/index.php\/wp-json\/wp\/v2\/users\/2"}],"replies":[{"embeddable":true,"href":"https:\/\/sindaopcpb.org.br\/index.php\/wp-json\/wp\/v2\/comments?post=4768"}],"version-history":[{"count":2,"href":"https:\/\/sindaopcpb.org.br\/index.php\/wp-json\/wp\/v2\/posts\/4768\/revisions"}],"predecessor-version":[{"id":4780,"href":"https:\/\/sindaopcpb.org.br\/index.php\/wp-json\/wp\/v2\/posts\/4768\/revisions\/4780"}],"wp:attachment":[{"href":"https:\/\/sindaopcpb.org.br\/index.php\/wp-json\/wp\/v2\/media?parent=4768"}],"wp:term":[{"taxonomy":"category","embeddable":true,"href":"https:\/\/sindaopcpb.org.br\/index.php\/wp-json\/wp\/v2\/categories?post=4768"},{"taxonomy":"post_tag","embeddable":true,"href":"https:\/\/sindaopcpb.org.br\/index.php\/wp-json\/wp\/v2\/tags?post=4768"}],"curies":[{"name":"wp","href":"https:\/\/api.w.org\/{rel}","templated":true}]}}