{"id":47653,"date":"2024-05-24T11:30:09","date_gmt":"2024-05-24T14:30:09","guid":{"rendered":"https:\/\/www.pbagora.com.br\/?p=832818"},"modified":"2024-05-24T11:30:09","modified_gmt":"2024-05-24T14:30:09","slug":"prf-recupera-carro-roubado-no-rn-apos-abordagem-na-capital-e-prende-foragido-da-justica","status":"publish","type":"post","link":"https:\/\/sindaopcpb.org.br\/index.php\/2024\/05\/24\/prf-recupera-carro-roubado-no-rn-apos-abordagem-na-capital-e-prende-foragido-da-justica\/","title":{"rendered":"PRF recupera carro roubado no RN ap\u00f3s abordagem na Capital e prende foragido da Justi\u00e7a"},"content":{"rendered":"<p><img width=\"1024\" height=\"682\" src=\"https:\/\/pbagora.s3.amazonaws.com\/2024\/05\/24100254\/023e6563-35a9-4d35-8ae7-44933e11b343-1024x682.jpeg\" class=\"attachment-large size-large wp-post-image\" alt=\"\" style=\"margin-bottom: 20px;\" decoding=\"async\" loading=\"lazy\" srcset=\"https:\/\/pbagora.s3.amazonaws.com\/2024\/05\/24100254\/023e6563-35a9-4d35-8ae7-44933e11b343-1024x682.jpeg 1024w, https:\/\/pbagora.s3.amazonaws.com\/2024\/05\/24100254\/023e6563-35a9-4d35-8ae7-44933e11b343-300x200.jpeg 300w, https:\/\/pbagora.s3.amazonaws.com\/2024\/05\/24100254\/023e6563-35a9-4d35-8ae7-44933e11b343-150x100.jpeg 150w, https:\/\/pbagora.s3.amazonaws.com\/2024\/05\/24100254\/023e6563-35a9-4d35-8ae7-44933e11b343-768x511.jpeg 768w, https:\/\/pbagora.s3.amazonaws.com\/2024\/05\/24100254\/023e6563-35a9-4d35-8ae7-44933e11b343-380x253.jpeg 380w, https:\/\/pbagora.s3.amazonaws.com\/2024\/05\/24100254\/023e6563-35a9-4d35-8ae7-44933e11b343-800x533.jpeg 800w, https:\/\/pbagora.s3.amazonaws.com\/2024\/05\/24100254\/023e6563-35a9-4d35-8ae7-44933e11b343-80x53.jpeg 80w, https:\/\/pbagora.s3.amazonaws.com\/2024\/05\/24100254\/023e6563-35a9-4d35-8ae7-44933e11b343-760x506.jpeg 760w, https:\/\/pbagora.s3.amazonaws.com\/2024\/05\/24100254\/023e6563-35a9-4d35-8ae7-44933e11b343-600x399.jpeg 600w, https:\/\/pbagora.s3.amazonaws.com\/2024\/05\/24100254\/023e6563-35a9-4d35-8ae7-44933e11b343.jpeg 1068w\" sizes=\"(max-width: 1024px) 100vw, 1024px\" \/><\/p><p>A Pol\u00edcia Rodovi\u00e1ria Federal (PRF) realizou, por meio de fiscaliza\u00e7\u00e3o efetuada na tarde da \u00faltima quinta-feira (23), na capital paraibana, a recupera\u00e7\u00e3o de um ve\u00edculo roubado no Rio Grande do Norte e a pris\u00e3o de um homem com mandado por associa\u00e7\u00e3o para o tr\u00e1fico e organiza\u00e7\u00e3o criminosa. Durante a ocorr\u00eancia, um homem foi detido por recepta\u00e7\u00e3o de ve\u00edculo.<\/p>\n<p>Policiais realizavam fiscaliza\u00e7\u00e3o na BR-230, km 27, por volta das 14h19, quando visualizaram e abordou um Fiat Strada com dois ocupantes. Seguindo os protocolos padr\u00e3o, foi realizado o procedimento de identifica\u00e7\u00e3o veicular, momento em que ficou constatada a exist\u00eancia de um registro de roubo em seu desfavor. O ve\u00edculo foi subtra\u00eddo do seu dono em abril deste ano no munic\u00edpio de Natal-RN. Na ocasi\u00e3o, o condutor, um homem de 27 anos, relatou ter pegado a picape emprestada de um amigo.<\/p>\n<p>Seguindo com os procedimentos, foram realizadas consultas aos sistemas de seguran\u00e7a com a identifica\u00e7\u00e3o do condutor e passageiro, momento em que foi verificada a exist\u00eancia de um mandado de pris\u00e3o em desfavor do passageiro de 22 anos. Ele estava foragido da Justi\u00e7a pelos crimes de associa\u00e7\u00e3o para o tr\u00e1fico e organiza\u00e7\u00e3o criminosa.<\/p>\n<p>Diante dos fatos observados, o condutor foi detido e o passageiro foi preso. Ambos foram encaminhados para a Central de Flagrantes, onde ficar\u00e3o \u00e0 disposi\u00e7\u00e3o das autoridades cab\u00edveis. O ve\u00edculo passar\u00e1 pelos tr\u00e2mites cab\u00edveis para ser devolvido ao seu leg\u00edtimo propriet\u00e1rio.<\/p>\n","protected":false},"excerpt":{"rendered":"<p><img decoding=\"async\" width=\"1024\" height=\"682\" src=\"https:\/\/pbagora.s3.amazonaws.com\/2024\/05\/24100254\/023e6563-35a9-4d35-8ae7-44933e11b343-1024x682.jpeg\" class=\"attachment-large size-large wp-post-image\" alt=\"\" loading=\"lazy\"><\/p>\n<p>A Pol\u00edcia Rodovi\u00e1ria Federal (PRF) realizou, por meio de fiscaliza\u00e7\u00e3o efetuada na tarde da \u00faltima quinta-feira (23), na\u2026<\/p>\n","protected":false},"author":123458,"featured_media":0,"comment_status":"closed","ping_status":"closed","sticky":false,"template":"","format":"standard","meta":{"advgb_blocks_editor_width":"","advgb_blocks_columns_visual_guide":"","footnotes":""},"categories":[10823,34,66],"tags":[35],"class_list":["post-47653","post","type-post","status-publish","format-standard","hentry","category-destaque-centro-01","category-g1","category-policial","tag-g1"],"author_meta":{"display_name":"Feliphe Rojas","author_link":"https:\/\/sindaopcpb.org.br\/author\/feliphe-rojas\/"},"featured_img":null,"coauthors":[],"tax_additional":{"categories":{"linked":["<a href=\"https:\/\/sindaopcpb.org.br\/destaque-centro-01\/\" class=\"advgb-post-tax-term\">Destaque Centro 01<\/a>","<a href=\"https:\/\/sindaopcpb.org.br\/g1\/\" class=\"advgb-post-tax-term\">G1<\/a>","<a href=\"https:\/\/sindaopcpb.org.br\/policial\/\" class=\"advgb-post-tax-term\">Policial<\/a>"],"unlinked":["<span class=\"advgb-post-tax-term\">Destaque Centro 01<\/span>","<span class=\"advgb-post-tax-term\">G1<\/span>","<span class=\"advgb-post-tax-term\">Policial<\/span>"]},"tags":{"linked":["<a href=\"https:\/\/sindaopcpb.org.br\/policial\/\" class=\"advgb-post-tax-term\">g1<\/a>"],"unlinked":["<span class=\"advgb-post-tax-term\">g1<\/span>"]}},"comment_count":"0","relative_dates":{"created":"Publicado 2 anos atr\u00e1s","modified":"Atualizado 2 anos atr\u00e1s"},"absolute_dates":{"created":"Publicado em 24 de maio de 2024","modified":"Atualizado em 24 de maio de 2024"},"absolute_dates_time":{"created":"Publicado em 24 de maio de 2024 11:30","modified":"Atualizado em 24 de maio de 2024 11:30"},"featured_img_caption":"","series_order":"","_links":{"self":[{"href":"https:\/\/sindaopcpb.org.br\/index.php\/wp-json\/wp\/v2\/posts\/47653","targetHints":{"allow":["GET"]}}],"collection":[{"href":"https:\/\/sindaopcpb.org.br\/index.php\/wp-json\/wp\/v2\/posts"}],"about":[{"href":"https:\/\/sindaopcpb.org.br\/index.php\/wp-json\/wp\/v2\/types\/post"}],"author":[{"embeddable":true,"href":"https:\/\/sindaopcpb.org.br\/index.php\/wp-json\/wp\/v2\/users\/123458"}],"replies":[{"embeddable":true,"href":"https:\/\/sindaopcpb.org.br\/index.php\/wp-json\/wp\/v2\/comments?post=47653"}],"version-history":[{"count":1,"href":"https:\/\/sindaopcpb.org.br\/index.php\/wp-json\/wp\/v2\/posts\/47653\/revisions"}],"predecessor-version":[{"id":47654,"href":"https:\/\/sindaopcpb.org.br\/index.php\/wp-json\/wp\/v2\/posts\/47653\/revisions\/47654"}],"wp:attachment":[{"href":"https:\/\/sindaopcpb.org.br\/index.php\/wp-json\/wp\/v2\/media?parent=47653"}],"wp:term":[{"taxonomy":"category","embeddable":true,"href":"https:\/\/sindaopcpb.org.br\/index.php\/wp-json\/wp\/v2\/categories?post=47653"},{"taxonomy":"post_tag","embeddable":true,"href":"https:\/\/sindaopcpb.org.br\/index.php\/wp-json\/wp\/v2\/tags?post=47653"}],"curies":[{"name":"wp","href":"https:\/\/api.w.org\/{rel}","templated":true}]}}