{"id":47651,"date":"2024-05-24T11:35:09","date_gmt":"2024-05-24T14:35:09","guid":{"rendered":"https:\/\/www.pbagora.com.br\/?p=832813"},"modified":"2024-05-24T11:35:09","modified_gmt":"2024-05-24T14:35:09","slug":"prf-pb-apreende-mais-de-duas-toneladas-de-queijo-sem-nota-fiscal-em-rio-tinto","status":"publish","type":"post","link":"https:\/\/sindaopcpb.org.br\/index.php\/2024\/05\/24\/prf-pb-apreende-mais-de-duas-toneladas-de-queijo-sem-nota-fiscal-em-rio-tinto\/","title":{"rendered":"PRF-PB apreende mais de duas toneladas de queijo sem nota fiscal em Rio Tinto"},"content":{"rendered":"<p><img width=\"1024\" height=\"682\" src=\"https:\/\/pbagora.s3.amazonaws.com\/2024\/05\/24100100\/b6bc8d99-174e-4067-96a5-a6fe326b096d-1024x682.jpeg\" class=\"attachment-large size-large wp-post-image\" alt=\"\" style=\"margin-bottom: 20px;\" decoding=\"async\" loading=\"lazy\" srcset=\"https:\/\/pbagora.s3.amazonaws.com\/2024\/05\/24100100\/b6bc8d99-174e-4067-96a5-a6fe326b096d-1024x682.jpeg 1024w, https:\/\/pbagora.s3.amazonaws.com\/2024\/05\/24100100\/b6bc8d99-174e-4067-96a5-a6fe326b096d-300x200.jpeg 300w, https:\/\/pbagora.s3.amazonaws.com\/2024\/05\/24100100\/b6bc8d99-174e-4067-96a5-a6fe326b096d-150x100.jpeg 150w, https:\/\/pbagora.s3.amazonaws.com\/2024\/05\/24100100\/b6bc8d99-174e-4067-96a5-a6fe326b096d-768x511.jpeg 768w, https:\/\/pbagora.s3.amazonaws.com\/2024\/05\/24100100\/b6bc8d99-174e-4067-96a5-a6fe326b096d-380x253.jpeg 380w, https:\/\/pbagora.s3.amazonaws.com\/2024\/05\/24100100\/b6bc8d99-174e-4067-96a5-a6fe326b096d-800x533.jpeg 800w, https:\/\/pbagora.s3.amazonaws.com\/2024\/05\/24100100\/b6bc8d99-174e-4067-96a5-a6fe326b096d-80x53.jpeg 80w, https:\/\/pbagora.s3.amazonaws.com\/2024\/05\/24100100\/b6bc8d99-174e-4067-96a5-a6fe326b096d-760x506.jpeg 760w, https:\/\/pbagora.s3.amazonaws.com\/2024\/05\/24100100\/b6bc8d99-174e-4067-96a5-a6fe326b096d-600x399.jpeg 600w, https:\/\/pbagora.s3.amazonaws.com\/2024\/05\/24100100\/b6bc8d99-174e-4067-96a5-a6fe326b096d.jpeg 1068w\" sizes=\"(max-width: 1024px) 100vw, 1024px\" \/><\/p><p>A Pol\u00edcia Rodovi\u00e1ria Federal (PRF) apreendeu, na manh\u00e3 da \u00faltima quinta-feira (23), 2.400\u00a0kg de queijo mu\u00e7arela sem comprova\u00e7\u00e3o fiscal, transportados em um ve\u00edculo sem a refrigera\u00e7\u00e3o adequada. A carga seria vendida no Rio Grande do Norte. O condutor tamb\u00e9m foi autuado por conduzir o ve\u00edculo sem ter a categoria necess\u00e1ria na habilita\u00e7\u00e3o.<\/p>\n<p>Equipe policial da PRF realizava fiscaliza\u00e7\u00e3o na BR-101, km 31, no munic\u00edpio de Rio Tinto-PB, quando deu ordem de parada para uma van modelo Mercedes Benz Sprinter que transitava com pel\u00edculas muito escuras. Durante a abordagem, foi identificado que a habilita\u00e7\u00e3o do condutor n\u00e3o abrangia conduzir ve\u00edculo desse porte. Seguindo os protocolos, no decorrer da averigua\u00e7\u00e3o foram encontrados 100 fardos de queijo mu\u00e7arela, totalizando 2.400\u00a0kg. A carga estava sendo transportada sem refrigera\u00e7\u00e3o ou isolamento t\u00e9rmico para o transporte adequado do latic\u00ednio, que deve ser refrigerado de 1 A 10\u202f\u00b0C.<\/p>\n<p>O condutor e o ocupante, homens de 23 e 22 anos, informaram para os agentes que os produtos estavam sendo transportados de Jo\u00e3o Pessoa-PB para Natal-RN, onde seriam vendidos em pequenos com\u00e9rcios. Ao serem questionados sobre os documentos necess\u00e1rios para realizar o transporte da carga, eles relataram que n\u00e3o tinham a nota fiscal. Diante das circunst\u00e2ncias flagradas, a carga de queijo foi encaminhada ao Fisco Estadual da Para\u00edba, que ficar\u00e1 respons\u00e1vel por fazer a arrecada\u00e7\u00e3o fiscal e os demais tr\u00e2mites cab\u00edveis.<\/p>\n<p>A fiscaliza\u00e7\u00e3o de mercadorias visa coibir a circula\u00e7\u00e3o com documenta\u00e7\u00e3o inid\u00f4nea, irregular ou sem nota fiscal, visando combater a sonega\u00e7\u00e3o fiscal e tamb\u00e9m \u00e0 concorr\u00eancia desleal no mercado paraibano. Ademais, trata-se de uma quest\u00e3o de sa\u00fade p\u00fablica. Pois a origem do alimento perec\u00edvel \u00e9 desconhecida e \u00e0s vezes de proced\u00eancia duvidosa ou mal armazenada.<\/p>\n","protected":false},"excerpt":{"rendered":"<p><img loading=\"lazy\" decoding=\"async\" width=\"1024\" height=\"682\" src=\"https:\/\/pbagora.s3.amazonaws.com\/2024\/05\/24100100\/b6bc8d99-174e-4067-96a5-a6fe326b096d-1024x682.jpeg\" class=\"attachment-large size-large wp-post-image\" alt=\"\"><\/p>\n<p>A Pol\u00edcia Rodovi\u00e1ria Federal (PRF) apreendeu, na manh\u00e3 da \u00faltima quinta-feira (23), 2.400\u00a0kg de queijo mu\u00e7arela sem comprova\u00e7\u00e3o\u2026<\/p>\n","protected":false},"author":123458,"featured_media":0,"comment_status":"closed","ping_status":"closed","sticky":false,"template":"","format":"standard","meta":{"advgb_blocks_editor_width":"","advgb_blocks_columns_visual_guide":"","footnotes":""},"categories":[10826,34,66],"tags":[35],"class_list":["post-47651","post","type-post","status-publish","format-standard","hentry","category-destaque-centro-02","category-g1","category-policial","tag-g1"],"author_meta":{"display_name":"Feliphe Rojas","author_link":"https:\/\/sindaopcpb.org.br\/author\/feliphe-rojas\/"},"featured_img":null,"coauthors":[],"tax_additional":{"categories":{"linked":["<a href=\"https:\/\/sindaopcpb.org.br\/destaque-centro-02\/\" class=\"advgb-post-tax-term\">Destaque Centro 02<\/a>","<a href=\"https:\/\/sindaopcpb.org.br\/g1\/\" class=\"advgb-post-tax-term\">G1<\/a>","<a href=\"https:\/\/sindaopcpb.org.br\/policial\/\" class=\"advgb-post-tax-term\">Policial<\/a>"],"unlinked":["<span class=\"advgb-post-tax-term\">Destaque Centro 02<\/span>","<span class=\"advgb-post-tax-term\">G1<\/span>","<span class=\"advgb-post-tax-term\">Policial<\/span>"]},"tags":{"linked":["<a href=\"https:\/\/sindaopcpb.org.br\/policial\/\" class=\"advgb-post-tax-term\">g1<\/a>"],"unlinked":["<span class=\"advgb-post-tax-term\">g1<\/span>"]}},"comment_count":"0","relative_dates":{"created":"Publicado 2 anos atr\u00e1s","modified":"Atualizado 2 anos atr\u00e1s"},"absolute_dates":{"created":"Publicado em 24 de maio de 2024","modified":"Atualizado em 24 de maio de 2024"},"absolute_dates_time":{"created":"Publicado em 24 de maio de 2024 11:35","modified":"Atualizado em 24 de maio de 2024 11:35"},"featured_img_caption":"","series_order":"","_links":{"self":[{"href":"https:\/\/sindaopcpb.org.br\/index.php\/wp-json\/wp\/v2\/posts\/47651","targetHints":{"allow":["GET"]}}],"collection":[{"href":"https:\/\/sindaopcpb.org.br\/index.php\/wp-json\/wp\/v2\/posts"}],"about":[{"href":"https:\/\/sindaopcpb.org.br\/index.php\/wp-json\/wp\/v2\/types\/post"}],"author":[{"embeddable":true,"href":"https:\/\/sindaopcpb.org.br\/index.php\/wp-json\/wp\/v2\/users\/123458"}],"replies":[{"embeddable":true,"href":"https:\/\/sindaopcpb.org.br\/index.php\/wp-json\/wp\/v2\/comments?post=47651"}],"version-history":[{"count":2,"href":"https:\/\/sindaopcpb.org.br\/index.php\/wp-json\/wp\/v2\/posts\/47651\/revisions"}],"predecessor-version":[{"id":47660,"href":"https:\/\/sindaopcpb.org.br\/index.php\/wp-json\/wp\/v2\/posts\/47651\/revisions\/47660"}],"wp:attachment":[{"href":"https:\/\/sindaopcpb.org.br\/index.php\/wp-json\/wp\/v2\/media?parent=47651"}],"wp:term":[{"taxonomy":"category","embeddable":true,"href":"https:\/\/sindaopcpb.org.br\/index.php\/wp-json\/wp\/v2\/categories?post=47651"},{"taxonomy":"post_tag","embeddable":true,"href":"https:\/\/sindaopcpb.org.br\/index.php\/wp-json\/wp\/v2\/tags?post=47651"}],"curies":[{"name":"wp","href":"https:\/\/api.w.org\/{rel}","templated":true}]}}