{"id":47630,"date":"2024-05-24T06:19:24","date_gmt":"2024-05-24T09:19:24","guid":{"rendered":"https:\/\/www.pbagora.com.br\/?p=832739"},"modified":"2024-05-24T06:19:24","modified_gmt":"2024-05-24T09:19:24","slug":"tentativa-de-assalto-deixa-dois-feridos-a-tiros-no-bairro-do-geisel-zona-sul-de-joao-pessoa","status":"publish","type":"post","link":"https:\/\/sindaopcpb.org.br\/index.php\/2024\/05\/24\/tentativa-de-assalto-deixa-dois-feridos-a-tiros-no-bairro-do-geisel-zona-sul-de-joao-pessoa\/","title":{"rendered":"Tentativa de assalto deixa dois feridos a tiros no bairro do Geisel, Zona Sul de Jo\u00e3o Pessoa"},"content":{"rendered":"<p><img width=\"984\" height=\"554\" src=\"https:\/\/pbagora.s3.amazonaws.com\/2023\/06\/14163552\/trauma.webp\" class=\"attachment-large size-large wp-post-image\" alt=\"\" style=\"margin-bottom: 20px;\" decoding=\"async\" srcset=\"https:\/\/pbagora.s3.amazonaws.com\/2023\/06\/14163552\/trauma.webp 984w, https:\/\/pbagora.s3.amazonaws.com\/2023\/06\/14163552\/trauma-300x169.webp 300w, https:\/\/pbagora.s3.amazonaws.com\/2023\/06\/14163552\/trauma-150x84.webp 150w, https:\/\/pbagora.s3.amazonaws.com\/2023\/06\/14163552\/trauma-768x432.webp 768w, https:\/\/pbagora.s3.amazonaws.com\/2023\/06\/14163552\/trauma-380x214.webp 380w, https:\/\/pbagora.s3.amazonaws.com\/2023\/06\/14163552\/trauma-800x450.webp 800w, https:\/\/pbagora.s3.amazonaws.com\/2023\/06\/14163552\/trauma-80x46.webp 80w, https:\/\/pbagora.s3.amazonaws.com\/2023\/06\/14163552\/trauma-760x428.webp 760w, https:\/\/pbagora.s3.amazonaws.com\/2023\/06\/14163552\/trauma-600x338.webp 600w\" sizes=\"(max-width: 984px) 100vw, 984px\" \/><\/p><p>Uma tentativa de assalto realizada na tarde de ontem (23), deixou duas pessoas feridas. O caso ocorreu no bairro do Geisel, Zona Sul de Jo\u00e3o Pessoa, pr\u00f3ximo a uma escola particular, quando os dois homens, que s\u00e3o cunhados, pararam o carro para realizar um conserto no ve\u00edculo.<\/p>\n<p>Segundo a Pol\u00edcia Civil, os dois foram surpreendidos por uma dupla armada que anunciou o assalto. Ainda n\u00e3o se sabe se as v\u00edtimas reagiram, mas os suspeitos efetuaram pelo menos quatro disparos.<\/p>\n<p>Um dos homens, de 26 anos, foi atingido por dois tiros nas n\u00e1degas. O outro, de 19 anos, foi baleado no bra\u00e7o esquerdo e nas costas. Ambos foram rapidamente socorridos e levados ao Hospital de Emerg\u00eancia e Trauma de Jo\u00e3o Pessoa.<\/p>\n<p>Na unidade de sa\u00fade, o homem de 26 anos recebeu os cuidados m\u00e9dicos necess\u00e1rios e j\u00e1 foi liberado com alta hospitalar. O jovem de 19 anos permanece internado, mas seu estado de sa\u00fade \u00e9 est\u00e1vel e ele n\u00e3o corre risco de morte. A Pol\u00edcia Civil continua a investiga\u00e7\u00e3o para identificar e prender os suspeitos respons\u00e1veis pelos disparos.<\/p>\n<p>Reda\u00e7\u00e3o<\/p>\n","protected":false},"excerpt":{"rendered":"<p><img loading=\"lazy\" decoding=\"async\" width=\"984\" height=\"554\" src=\"https:\/\/pbagora.s3.amazonaws.com\/2023\/06\/14163552\/trauma.webp\" class=\"attachment-large size-large wp-post-image\" alt=\"\"><\/p>\n<p>Uma tentativa de assalto realizada na tarde de ontem (23), deixou duas pessoas feridas. O caso ocorreu no\u2026<\/p>\n","protected":false},"author":123457,"featured_media":0,"comment_status":"closed","ping_status":"closed","sticky":false,"template":"","format":"standard","meta":{"advgb_blocks_editor_width":"","advgb_blocks_columns_visual_guide":"","footnotes":""},"categories":[10823,34,66],"tags":[35],"class_list":["post-47630","post","type-post","status-publish","format-standard","hentry","category-destaque-centro-01","category-g1","category-policial","tag-g1"],"author_meta":{"display_name":"Reda\u00e7\u00e3o","author_link":"https:\/\/sindaopcpb.org.br\/author\/redacao\/"},"featured_img":null,"coauthors":[],"tax_additional":{"categories":{"linked":["<a href=\"https:\/\/sindaopcpb.org.br\/destaque-centro-01\/\" class=\"advgb-post-tax-term\">Destaque Centro 01<\/a>","<a href=\"https:\/\/sindaopcpb.org.br\/g1\/\" class=\"advgb-post-tax-term\">G1<\/a>","<a href=\"https:\/\/sindaopcpb.org.br\/policial\/\" class=\"advgb-post-tax-term\">Policial<\/a>"],"unlinked":["<span class=\"advgb-post-tax-term\">Destaque Centro 01<\/span>","<span class=\"advgb-post-tax-term\">G1<\/span>","<span class=\"advgb-post-tax-term\">Policial<\/span>"]},"tags":{"linked":["<a href=\"https:\/\/sindaopcpb.org.br\/policial\/\" class=\"advgb-post-tax-term\">g1<\/a>"],"unlinked":["<span class=\"advgb-post-tax-term\">g1<\/span>"]}},"comment_count":"0","relative_dates":{"created":"Publicado 2 anos atr\u00e1s","modified":"Atualizado 2 anos atr\u00e1s"},"absolute_dates":{"created":"Publicado em 24 de maio de 2024","modified":"Atualizado em 24 de maio de 2024"},"absolute_dates_time":{"created":"Publicado em 24 de maio de 2024 06:19","modified":"Atualizado em 24 de maio de 2024 06:19"},"featured_img_caption":"","series_order":"","_links":{"self":[{"href":"https:\/\/sindaopcpb.org.br\/index.php\/wp-json\/wp\/v2\/posts\/47630","targetHints":{"allow":["GET"]}}],"collection":[{"href":"https:\/\/sindaopcpb.org.br\/index.php\/wp-json\/wp\/v2\/posts"}],"about":[{"href":"https:\/\/sindaopcpb.org.br\/index.php\/wp-json\/wp\/v2\/types\/post"}],"author":[{"embeddable":true,"href":"https:\/\/sindaopcpb.org.br\/index.php\/wp-json\/wp\/v2\/users\/123457"}],"replies":[{"embeddable":true,"href":"https:\/\/sindaopcpb.org.br\/index.php\/wp-json\/wp\/v2\/comments?post=47630"}],"version-history":[{"count":3,"href":"https:\/\/sindaopcpb.org.br\/index.php\/wp-json\/wp\/v2\/posts\/47630\/revisions"}],"predecessor-version":[{"id":47649,"href":"https:\/\/sindaopcpb.org.br\/index.php\/wp-json\/wp\/v2\/posts\/47630\/revisions\/47649"}],"wp:attachment":[{"href":"https:\/\/sindaopcpb.org.br\/index.php\/wp-json\/wp\/v2\/media?parent=47630"}],"wp:term":[{"taxonomy":"category","embeddable":true,"href":"https:\/\/sindaopcpb.org.br\/index.php\/wp-json\/wp\/v2\/categories?post=47630"},{"taxonomy":"post_tag","embeddable":true,"href":"https:\/\/sindaopcpb.org.br\/index.php\/wp-json\/wp\/v2\/tags?post=47630"}],"curies":[{"name":"wp","href":"https:\/\/api.w.org\/{rel}","templated":true}]}}