{"id":47623,"date":"2024-05-23T17:07:07","date_gmt":"2024-05-23T20:07:07","guid":{"rendered":"https:\/\/www.pbagora.com.br\/?p=832676"},"modified":"2024-05-23T17:07:07","modified_gmt":"2024-05-23T20:07:07","slug":"ataque-a-tiros-deixa-uma-pessoa-ferida-no-bairro-do-geisel-em-joao-pessoa","status":"publish","type":"post","link":"https:\/\/sindaopcpb.org.br\/index.php\/2024\/05\/23\/ataque-a-tiros-deixa-uma-pessoa-ferida-no-bairro-do-geisel-em-joao-pessoa\/","title":{"rendered":"Ataque a tiros deixa uma pessoa ferida no bairro do Geisel, em Jo\u00e3o Pessoa"},"content":{"rendered":"<p><img width=\"500\" height=\"333\" src=\"https:\/\/pbagora.s3.amazonaws.com\/2022\/05\/09074720\/viatura.jpg\" class=\"attachment-large size-large wp-post-image\" alt=\"\" style=\"margin-bottom: 20px;\" decoding=\"async\" srcset=\"https:\/\/pbagora.s3.amazonaws.com\/2022\/05\/09074720\/viatura.jpg 500w, https:\/\/pbagora.s3.amazonaws.com\/2022\/05\/09074720\/viatura-300x200.jpg 300w, https:\/\/pbagora.s3.amazonaws.com\/2022\/05\/09074720\/viatura-150x100.jpg 150w, https:\/\/pbagora.s3.amazonaws.com\/2022\/05\/09074720\/viatura-380x253.jpg 380w, https:\/\/pbagora.s3.amazonaws.com\/2022\/05\/09074720\/viatura-80x53.jpg 80w\" sizes=\"(max-width: 500px) 100vw, 500px\" \/><\/p><p>Na tarde desta quinta-feira (23), um homem foi alvo de disparos de arma de fogo no bairro do Geisel, em Jo\u00e3o Pessoa. A v\u00edtima foi socorrida.<\/p>\n<p>Segundo testemunhas, um homem conduzia um carro pela Avenida Juscelino Kubitschek quando foi interceptado por outro ve\u00edculo.<\/p>\n<p>Ainda de acordo com informa\u00e7\u00f5es repassadas aos policiais que atenderam a ocorr\u00eancia, homens armados desceram do carro e passaram a atirar contra a v\u00edtima, que conseguiu sair do ve\u00edculo e correr.<\/p>\n<p>Logo em seguida, os homens armados entraram novamente no carro e foram embora.<\/p>\n<p>Ferido, o homem foi socorrido por terceiros para um hospital de Jo\u00e3o Pessoa. A motiva\u00e7\u00e3o e a autoria do do crime ainda n\u00e3o foram revelados.<\/p>\n<p>A identidade da v\u00edtima, assim como, seu estado de sa\u00fade n\u00e3o foram divulgados.<\/p>\n<p>&nbsp;<\/p>\n<p><em><strong>PB Agora<\/strong><\/em><\/p>\n","protected":false},"excerpt":{"rendered":"<p><img loading=\"lazy\" decoding=\"async\" width=\"500\" height=\"333\" src=\"https:\/\/pbagora.s3.amazonaws.com\/2022\/05\/09074720\/viatura.jpg\" class=\"attachment-large size-large wp-post-image\" alt=\"\"><\/p>\n<p>Na tarde desta quinta-feira (23), um homem foi alvo de disparos de arma de fogo no bairro do\u2026<\/p>\n","protected":false},"author":123457,"featured_media":0,"comment_status":"closed","ping_status":"closed","sticky":false,"template":"","format":"standard","meta":{"advgb_blocks_editor_width":"","advgb_blocks_columns_visual_guide":"","footnotes":""},"categories":[10823,34,66],"tags":[35],"class_list":["post-47623","post","type-post","status-publish","format-standard","hentry","category-destaque-centro-01","category-g1","category-policial","tag-g1"],"author_meta":{"display_name":"Reda\u00e7\u00e3o","author_link":"https:\/\/sindaopcpb.org.br\/author\/redacao\/"},"featured_img":null,"coauthors":[],"tax_additional":{"categories":{"linked":["<a href=\"https:\/\/sindaopcpb.org.br\/destaque-centro-01\/\" class=\"advgb-post-tax-term\">Destaque Centro 01<\/a>","<a href=\"https:\/\/sindaopcpb.org.br\/g1\/\" class=\"advgb-post-tax-term\">G1<\/a>","<a href=\"https:\/\/sindaopcpb.org.br\/policial\/\" class=\"advgb-post-tax-term\">Policial<\/a>"],"unlinked":["<span class=\"advgb-post-tax-term\">Destaque Centro 01<\/span>","<span class=\"advgb-post-tax-term\">G1<\/span>","<span class=\"advgb-post-tax-term\">Policial<\/span>"]},"tags":{"linked":["<a href=\"https:\/\/sindaopcpb.org.br\/policial\/\" class=\"advgb-post-tax-term\">g1<\/a>"],"unlinked":["<span class=\"advgb-post-tax-term\">g1<\/span>"]}},"comment_count":"0","relative_dates":{"created":"Publicado 2 anos atr\u00e1s","modified":"Atualizado 2 anos atr\u00e1s"},"absolute_dates":{"created":"Publicado em 23 de maio de 2024","modified":"Atualizado em 23 de maio de 2024"},"absolute_dates_time":{"created":"Publicado em 23 de maio de 2024 17:07","modified":"Atualizado em 23 de maio de 2024 17:07"},"featured_img_caption":"","series_order":"","_links":{"self":[{"href":"https:\/\/sindaopcpb.org.br\/index.php\/wp-json\/wp\/v2\/posts\/47623","targetHints":{"allow":["GET"]}}],"collection":[{"href":"https:\/\/sindaopcpb.org.br\/index.php\/wp-json\/wp\/v2\/posts"}],"about":[{"href":"https:\/\/sindaopcpb.org.br\/index.php\/wp-json\/wp\/v2\/types\/post"}],"author":[{"embeddable":true,"href":"https:\/\/sindaopcpb.org.br\/index.php\/wp-json\/wp\/v2\/users\/123457"}],"replies":[{"embeddable":true,"href":"https:\/\/sindaopcpb.org.br\/index.php\/wp-json\/wp\/v2\/comments?post=47623"}],"version-history":[{"count":3,"href":"https:\/\/sindaopcpb.org.br\/index.php\/wp-json\/wp\/v2\/posts\/47623\/revisions"}],"predecessor-version":[{"id":47637,"href":"https:\/\/sindaopcpb.org.br\/index.php\/wp-json\/wp\/v2\/posts\/47623\/revisions\/47637"}],"wp:attachment":[{"href":"https:\/\/sindaopcpb.org.br\/index.php\/wp-json\/wp\/v2\/media?parent=47623"}],"wp:term":[{"taxonomy":"category","embeddable":true,"href":"https:\/\/sindaopcpb.org.br\/index.php\/wp-json\/wp\/v2\/categories?post=47623"},{"taxonomy":"post_tag","embeddable":true,"href":"https:\/\/sindaopcpb.org.br\/index.php\/wp-json\/wp\/v2\/tags?post=47623"}],"curies":[{"name":"wp","href":"https:\/\/api.w.org\/{rel}","templated":true}]}}