{"id":47601,"date":"2024-05-22T19:45:56","date_gmt":"2024-05-22T22:45:56","guid":{"rendered":"https:\/\/www.pbagora.com.br\/?p=832375"},"modified":"2024-05-22T19:45:56","modified_gmt":"2024-05-22T22:45:56","slug":"lider-dos-bombeiros-da-pb-enviados-ao-rs-descreve-cenario-de-destruicao-no-estado-gaucho-maior-catastrofe-que-ja-vi","status":"publish","type":"post","link":"https:\/\/sindaopcpb.org.br\/index.php\/2024\/05\/22\/lider-dos-bombeiros-da-pb-enviados-ao-rs-descreve-cenario-de-destruicao-no-estado-gaucho-maior-catastrofe-que-ja-vi\/","title":{"rendered":"L\u00edder dos bombeiros da PB enviados ao RS descreve cen\u00e1rio de destrui\u00e7\u00e3o no estado ga\u00facho: \u201cMaior cat\u00e1strofe que j\u00e1 vi\u201d"},"content":{"rendered":"<p><img width=\"710\" height=\"463\" src=\"https:\/\/pbagora.s3.amazonaws.com\/2024\/05\/22154245\/Tenente-coronel-Arthur-Vieira.jpg\" class=\"attachment-large size-large wp-post-image\" alt=\"\" style=\"margin-bottom: 20px;\" decoding=\"async\" srcset=\"https:\/\/pbagora.s3.amazonaws.com\/2024\/05\/22154245\/Tenente-coronel-Arthur-Vieira.jpg 710w, https:\/\/pbagora.s3.amazonaws.com\/2024\/05\/22154245\/Tenente-coronel-Arthur-Vieira-300x196.jpg 300w, https:\/\/pbagora.s3.amazonaws.com\/2024\/05\/22154245\/Tenente-coronel-Arthur-Vieira-150x98.jpg 150w, https:\/\/pbagora.s3.amazonaws.com\/2024\/05\/22154245\/Tenente-coronel-Arthur-Vieira-380x248.jpg 380w, https:\/\/pbagora.s3.amazonaws.com\/2024\/05\/22154245\/Tenente-coronel-Arthur-Vieira-80x52.jpg 80w, https:\/\/pbagora.s3.amazonaws.com\/2024\/05\/22154245\/Tenente-coronel-Arthur-Vieira-600x391.jpg 600w\" sizes=\"(max-width: 710px) 100vw, 710px\" \/><\/p><p>&#8220;Cena apocal\u00edptica&#8221;. Foi assim que o tenente-coronel do Corpo de Bombeiros, Arthur Vieira, definiu o cen\u00e1rio que vi ao desembarcar no Rio Grande do Sul, estado que teve 80% dos seus munic\u00edpios atingidos por enchentes nos \u00faltimos meses.<\/p>\n<p>O bombeiro foi enviado ao sul do pa\u00eds para liderar a equipe paraibana de salvamento composta por 17 militares e dois c\u00e3es, que atuou no apoio e resgate de v\u00edtimas em munic\u00edpios ga\u00fachos.<\/p>\n<p>Nesta quarta-feira (22), o tenente-coronel concedeu entrevista ao programa Arapuan Verdade, da R\u00e1dio Arapuan FM, e descreveu a trag\u00e9dia. Com 24 anos de profiss\u00e3o, o militar afirmou que nunca atuou diante de tamanha destrui\u00e7\u00e3o e fez refer\u00eancia aos atos de solidariedade que t\u00eam sido fundamental para reconstruir o estado e levar dignidade \u00e0s pessoas.<\/p>\n<p>\u201cFoi a maior cat\u00e1strofe que vi em 24 anos como bombeiro, uma cena apocal\u00edptica, algo muito grave que faz nos sentirmos impotentes tamanha a magnitude da trag\u00e9dia. A li\u00e7\u00e3o que podemos tirar disso tudo \u00e9 que sempre podemos fazer, podemos ajudar\u201d, finalizou\u201d, relatou.<\/p>\n<p>&nbsp;<\/p>\n<p><em><strong>PB Agora<\/strong><\/em><\/p>\n","protected":false},"excerpt":{"rendered":"<p><img loading=\"lazy\" decoding=\"async\" width=\"710\" height=\"463\" src=\"https:\/\/pbagora.s3.amazonaws.com\/2024\/05\/22154245\/Tenente-coronel-Arthur-Vieira.jpg\" class=\"attachment-large size-large wp-post-image\" alt=\"\"><\/p>\n<p>\u201cCena apocal\u00edptica\u201d. Foi assim que o tenente-coronel do Corpo de Bombeiros, Arthur Vieira, definiu o cen\u00e1rio que vi\u2026<\/p>\n","protected":false},"author":123457,"featured_media":0,"comment_status":"closed","ping_status":"closed","sticky":false,"template":"","format":"standard","meta":{"advgb_blocks_editor_width":"","advgb_blocks_columns_visual_guide":"","footnotes":""},"categories":[10823,34,66],"tags":[35],"class_list":["post-47601","post","type-post","status-publish","format-standard","hentry","category-destaque-centro-01","category-g1","category-policial","tag-g1"],"author_meta":{"display_name":"Reda\u00e7\u00e3o","author_link":"https:\/\/sindaopcpb.org.br\/author\/redacao\/"},"featured_img":null,"coauthors":[],"tax_additional":{"categories":{"linked":["<a href=\"https:\/\/sindaopcpb.org.br\/destaque-centro-01\/\" class=\"advgb-post-tax-term\">Destaque Centro 01<\/a>","<a href=\"https:\/\/sindaopcpb.org.br\/g1\/\" class=\"advgb-post-tax-term\">G1<\/a>","<a href=\"https:\/\/sindaopcpb.org.br\/policial\/\" class=\"advgb-post-tax-term\">Policial<\/a>"],"unlinked":["<span class=\"advgb-post-tax-term\">Destaque Centro 01<\/span>","<span class=\"advgb-post-tax-term\">G1<\/span>","<span class=\"advgb-post-tax-term\">Policial<\/span>"]},"tags":{"linked":["<a href=\"https:\/\/sindaopcpb.org.br\/policial\/\" class=\"advgb-post-tax-term\">g1<\/a>"],"unlinked":["<span class=\"advgb-post-tax-term\">g1<\/span>"]}},"comment_count":"0","relative_dates":{"created":"Publicado 2 anos atr\u00e1s","modified":"Atualizado 2 anos atr\u00e1s"},"absolute_dates":{"created":"Publicado em 22 de maio de 2024","modified":"Atualizado em 22 de maio de 2024"},"absolute_dates_time":{"created":"Publicado em 22 de maio de 2024 19:45","modified":"Atualizado em 22 de maio de 2024 19:45"},"featured_img_caption":"","series_order":"","_links":{"self":[{"href":"https:\/\/sindaopcpb.org.br\/index.php\/wp-json\/wp\/v2\/posts\/47601","targetHints":{"allow":["GET"]}}],"collection":[{"href":"https:\/\/sindaopcpb.org.br\/index.php\/wp-json\/wp\/v2\/posts"}],"about":[{"href":"https:\/\/sindaopcpb.org.br\/index.php\/wp-json\/wp\/v2\/types\/post"}],"author":[{"embeddable":true,"href":"https:\/\/sindaopcpb.org.br\/index.php\/wp-json\/wp\/v2\/users\/123457"}],"replies":[{"embeddable":true,"href":"https:\/\/sindaopcpb.org.br\/index.php\/wp-json\/wp\/v2\/comments?post=47601"}],"version-history":[{"count":2,"href":"https:\/\/sindaopcpb.org.br\/index.php\/wp-json\/wp\/v2\/posts\/47601\/revisions"}],"predecessor-version":[{"id":47609,"href":"https:\/\/sindaopcpb.org.br\/index.php\/wp-json\/wp\/v2\/posts\/47601\/revisions\/47609"}],"wp:attachment":[{"href":"https:\/\/sindaopcpb.org.br\/index.php\/wp-json\/wp\/v2\/media?parent=47601"}],"wp:term":[{"taxonomy":"category","embeddable":true,"href":"https:\/\/sindaopcpb.org.br\/index.php\/wp-json\/wp\/v2\/categories?post=47601"},{"taxonomy":"post_tag","embeddable":true,"href":"https:\/\/sindaopcpb.org.br\/index.php\/wp-json\/wp\/v2\/tags?post=47601"}],"curies":[{"name":"wp","href":"https:\/\/api.w.org\/{rel}","templated":true}]}}