{"id":47594,"date":"2024-05-22T16:06:26","date_gmt":"2024-05-22T19:06:26","guid":{"rendered":"https:\/\/www.pbagora.com.br\/?p=832349"},"modified":"2024-05-22T16:06:26","modified_gmt":"2024-05-22T19:06:26","slug":"elucidado-policia-civil-prende-dupla-por-latrocinio-de-idoso-no-municipio-de-matinhas","status":"publish","type":"post","link":"https:\/\/sindaopcpb.org.br\/index.php\/2024\/05\/22\/elucidado-policia-civil-prende-dupla-por-latrocinio-de-idoso-no-municipio-de-matinhas\/","title":{"rendered":"ELUCIDADO: Pol\u00edcia Civil prende dupla por latroc\u00ednio de idoso no munic\u00edpio de Matinhas"},"content":{"rendered":"<p><img width=\"385\" height=\"342\" src=\"https:\/\/pbagora.s3.amazonaws.com\/2024\/05\/22151859\/idoso1.png\" class=\"attachment-large size-large wp-post-image\" alt=\"\" style=\"margin-bottom: 20px;\" decoding=\"async\" srcset=\"https:\/\/pbagora.s3.amazonaws.com\/2024\/05\/22151859\/idoso1.png 385w, https:\/\/pbagora.s3.amazonaws.com\/2024\/05\/22151859\/idoso1-300x266.png 300w, https:\/\/pbagora.s3.amazonaws.com\/2024\/05\/22151859\/idoso1-150x133.png 150w, https:\/\/pbagora.s3.amazonaws.com\/2024\/05\/22151859\/idoso1-380x338.png 380w, https:\/\/pbagora.s3.amazonaws.com\/2024\/05\/22151859\/idoso1-80x71.png 80w\" sizes=\"(max-width: 385px) 100vw, 385px\" \/><\/p><p>A Pol\u00edcia Civil da Para\u00edba, por meio do Grupo T\u00e1tico Especial (GTE) da 12\u00aa Delegacia Seccional, prendeu dois homens suspeitos de participa\u00e7\u00e3o no latroc\u00ednio contra Jos\u00e9 Faustino da Silva, 73 anos, assassinado no m\u00eas de abril deste ano, no munic\u00edpio de Matinhas.<\/p>\n<p>Jos\u00e9 Faustino foi morto a tiros dentro de sua casa, na zona rual, quando os criminosos invadiram a resid\u00eancia para cometer um roubo.<\/p>\n<p>O superintendente da Pol\u00edcia Civil na regi\u00e3o de Campina Grande, Paulo \u00canio, e o delegado seccional da \u00e1rea do crime, Danilo Orengo, dar\u00e3o mais detalhes do caso nesta quinta-feira, 23, a partir das 11h30, na Central de Pol\u00edcia Civil de Campina Grande.<\/p>\n<p>&#8211; Quinta-feira, 23 de maio<br \/>\n&#8211; 11h30<br \/>\n&#8211; Central de Pol\u00edcia Civil<\/p>\n<p data-sourcepos=\"3:1-3:322\">\n","protected":false},"excerpt":{"rendered":"<p><img loading=\"lazy\" decoding=\"async\" width=\"385\" height=\"342\" src=\"https:\/\/pbagora.s3.amazonaws.com\/2024\/05\/22151859\/idoso1.png\" class=\"attachment-large size-large wp-post-image\" alt=\"\"><\/p>\n<p>A Pol\u00edcia Civil da Para\u00edba, por meio do Grupo T\u00e1tico Especial (GTE) da 12\u00aa Delegacia Seccional, prendeu dois\u2026<\/p>\n","protected":false},"author":123458,"featured_media":0,"comment_status":"closed","ping_status":"closed","sticky":false,"template":"","format":"standard","meta":{"advgb_blocks_editor_width":"","advgb_blocks_columns_visual_guide":"","footnotes":""},"categories":[10823,34,66],"tags":[35],"class_list":["post-47594","post","type-post","status-publish","format-standard","hentry","category-destaque-centro-01","category-g1","category-policial","tag-g1"],"author_meta":{"display_name":"Feliphe Rojas","author_link":"https:\/\/sindaopcpb.org.br\/author\/feliphe-rojas\/"},"featured_img":null,"coauthors":[],"tax_additional":{"categories":{"linked":["<a href=\"https:\/\/sindaopcpb.org.br\/destaque-centro-01\/\" class=\"advgb-post-tax-term\">Destaque Centro 01<\/a>","<a href=\"https:\/\/sindaopcpb.org.br\/g1\/\" class=\"advgb-post-tax-term\">G1<\/a>","<a href=\"https:\/\/sindaopcpb.org.br\/policial\/\" class=\"advgb-post-tax-term\">Policial<\/a>"],"unlinked":["<span class=\"advgb-post-tax-term\">Destaque Centro 01<\/span>","<span class=\"advgb-post-tax-term\">G1<\/span>","<span class=\"advgb-post-tax-term\">Policial<\/span>"]},"tags":{"linked":["<a href=\"https:\/\/sindaopcpb.org.br\/policial\/\" class=\"advgb-post-tax-term\">g1<\/a>"],"unlinked":["<span class=\"advgb-post-tax-term\">g1<\/span>"]}},"comment_count":"0","relative_dates":{"created":"Publicado 2 anos atr\u00e1s","modified":"Atualizado 2 anos atr\u00e1s"},"absolute_dates":{"created":"Publicado em 22 de maio de 2024","modified":"Atualizado em 22 de maio de 2024"},"absolute_dates_time":{"created":"Publicado em 22 de maio de 2024 16:06","modified":"Atualizado em 22 de maio de 2024 16:06"},"featured_img_caption":"","series_order":"","_links":{"self":[{"href":"https:\/\/sindaopcpb.org.br\/index.php\/wp-json\/wp\/v2\/posts\/47594","targetHints":{"allow":["GET"]}}],"collection":[{"href":"https:\/\/sindaopcpb.org.br\/index.php\/wp-json\/wp\/v2\/posts"}],"about":[{"href":"https:\/\/sindaopcpb.org.br\/index.php\/wp-json\/wp\/v2\/types\/post"}],"author":[{"embeddable":true,"href":"https:\/\/sindaopcpb.org.br\/index.php\/wp-json\/wp\/v2\/users\/123458"}],"replies":[{"embeddable":true,"href":"https:\/\/sindaopcpb.org.br\/index.php\/wp-json\/wp\/v2\/comments?post=47594"}],"version-history":[{"count":3,"href":"https:\/\/sindaopcpb.org.br\/index.php\/wp-json\/wp\/v2\/posts\/47594\/revisions"}],"predecessor-version":[{"id":47610,"href":"https:\/\/sindaopcpb.org.br\/index.php\/wp-json\/wp\/v2\/posts\/47594\/revisions\/47610"}],"wp:attachment":[{"href":"https:\/\/sindaopcpb.org.br\/index.php\/wp-json\/wp\/v2\/media?parent=47594"}],"wp:term":[{"taxonomy":"category","embeddable":true,"href":"https:\/\/sindaopcpb.org.br\/index.php\/wp-json\/wp\/v2\/categories?post=47594"},{"taxonomy":"post_tag","embeddable":true,"href":"https:\/\/sindaopcpb.org.br\/index.php\/wp-json\/wp\/v2\/tags?post=47594"}],"curies":[{"name":"wp","href":"https:\/\/api.w.org\/{rel}","templated":true}]}}