{"id":4758,"date":"2022-10-06T18:39:10","date_gmt":"2022-10-06T21:39:10","guid":{"rendered":"https:\/\/g1.globo.com\/pb\/paraiba\/musica\/noticia\/2022\/10\/06\/programacao-do-fest-verao-2023-tem-joao-gomes-gusttavo-lima-e-nattan-entre-os-nomes-confirmados.ghtml"},"modified":"2022-10-06T18:39:10","modified_gmt":"2022-10-06T21:39:10","slug":"programacao-do-fest-verao-2023-tem-joao-gomes-gusttavo-lima-e-nattan-entre-os-nomes-confirmados","status":"publish","type":"post","link":"https:\/\/sindaopcpb.org.br\/index.php\/2022\/10\/06\/programacao-do-fest-verao-2023-tem-joao-gomes-gusttavo-lima-e-nattan-entre-os-nomes-confirmados\/","title":{"rendered":"Programa\u00e7\u00e3o do Fest Ver\u00e3o 2023 tem Jo\u00e3o Gomes, Gusttavo Lima e Nattan entre os nomes confirmados"},"content":{"rendered":"   <img src=\"https:\/\/s2.glbimg.com\/CAZYeCqX_A61MOdSWOnwBIHQpKg=\/i.s3.glbimg.com\/v1\/AUTH_59edd422c0c84a879bd37670ae4f538a\/internal_photos\/bs\/2022\/1\/D\/O3OkGqQRqP3atzN4JtRw\/joao-gomes-gusttavo-lima-e-nattan-sao-confirmados-no-fest-verao-2023.jpg\" \/><br \/>   Atra\u00e7\u00f5es e datas de realiza\u00e7\u00e3o do evento foram divulgadas nesta quinta-feira (6).  Jo\u00e3o Gomes, Gusttavo Lima e Nattan s\u00e3o confirmados no Fest Ver\u00e3o 2023, na PB\nDivulga\u00e7\u00e3o\nAs datas de realiza\u00e7\u00e3o e as atra\u00e7\u00f5es da programa\u00e7\u00e3o do Fest Ver\u00e3o Para\u00edba 2023 foram divulgadas nesta quinta-feira (6). O evento vai acontecer nos dias 7, 14 e 21 de janeiro de 2023, na praia de Ponta de Campina, em Cabedelo, na Grande Jo\u00e3o Pessoa.\nMatheus e Kauan, Nattan, Jo\u00e3o Gomes, Tarc\u00edsio do Acordeon, Wesley Safad\u00e3o, Pedro Cavalcante, Luan Santana, Gustavo Lima, Z\u00e9 Vaqueiro, Eric Land, Lipe Lucena e Baskhar foram confirmados na programa\u00e7\u00e3o. \nAs vendas dos ingressos ser\u00e3o iniciadas nesta sexta-feira (7), pela internet e na bilheteria da Domus Hall. \nDe acordo com a organiza\u00e7\u00e3o do evento, uma das grandes novidades desta edi\u00e7\u00e3o ser\u00e1 a instala\u00e7\u00e3o de camarotes coletivos (gazebo). A estrutura do evento vai ganhar uma nova roupagem para garantir mais comodidade e seguran\u00e7a. \nVeja programa\u00e7\u00e3o completa do Fest Ver\u00e3o Para\u00edba 2023\n07\/01\nNattan\nBell Marques\nTarc\u00edsio do Acordeon, \nMatheus e Kauan\nPedro Cavalcante \n14\/01\nWesley Safad\u00e3o \nJo\u00e3o Gomes \nLuan Santana \nEric Land\n 21\/01\nGusttavo Lima \nZ\u00e9 Vaqueiro \nLipe Lucena \nBaskhar\nV\u00eddeos mais assistidos do g1 Para\u00edba  ","protected":false},"excerpt":{"rendered":"<p>      Atra\u00e7\u00f5es e datas de realiza\u00e7\u00e3o do evento foram divulgadas nesta quinta-feira (6).  Jo\u00e3o Gomes, Gusttavo Lima e Nattan s\u00e3o confirmados no Fest Ver\u00e3o 2023, na PB<br \/>\nDivulga\u00e7\u00e3o<br \/>\nAs datas de realiza\u00e7\u00e3o e as atra\u00e7\u00f5es da programa\u00e7\u00e3o do Fest Ver\u00e3o Para\u00edba 2&#8230;<\/p>\n","protected":false},"author":2,"featured_media":0,"comment_status":"closed","ping_status":"closed","sticky":false,"template":"","format":"standard","meta":{"advgb_blocks_editor_width":"","advgb_blocks_columns_visual_guide":"","footnotes":""},"categories":[34],"tags":[35],"class_list":["post-4758","post","type-post","status-publish","format-standard","hentry","category-g1","tag-g1"],"author_meta":{"display_name":"g1 &gt; Para\u00edba","author_link":"https:\/\/sindaopcpb.org.br\/author\/g1-paraiba\/"},"featured_img":null,"coauthors":[],"tax_additional":{"categories":{"linked":["<a href=\"https:\/\/sindaopcpb.org.br\/g1\/\" class=\"advgb-post-tax-term\">G1<\/a>"],"unlinked":["<span class=\"advgb-post-tax-term\">G1<\/span>"]},"tags":{"linked":["<a href=\"https:\/\/sindaopcpb.org.br\/g1\/\" class=\"advgb-post-tax-term\">g1<\/a>"],"unlinked":["<span class=\"advgb-post-tax-term\">g1<\/span>"]}},"comment_count":"0","relative_dates":{"created":"Publicado 4 anos atr\u00e1s","modified":"Atualizado 4 anos atr\u00e1s"},"absolute_dates":{"created":"Publicado em 6 de outubro de 2022","modified":"Atualizado em 6 de outubro de 2022"},"absolute_dates_time":{"created":"Publicado em 6 de outubro de 2022 18:39","modified":"Atualizado em 6 de outubro de 2022 18:39"},"featured_img_caption":"","series_order":"","_links":{"self":[{"href":"https:\/\/sindaopcpb.org.br\/index.php\/wp-json\/wp\/v2\/posts\/4758","targetHints":{"allow":["GET"]}}],"collection":[{"href":"https:\/\/sindaopcpb.org.br\/index.php\/wp-json\/wp\/v2\/posts"}],"about":[{"href":"https:\/\/sindaopcpb.org.br\/index.php\/wp-json\/wp\/v2\/types\/post"}],"author":[{"embeddable":true,"href":"https:\/\/sindaopcpb.org.br\/index.php\/wp-json\/wp\/v2\/users\/2"}],"replies":[{"embeddable":true,"href":"https:\/\/sindaopcpb.org.br\/index.php\/wp-json\/wp\/v2\/comments?post=4758"}],"version-history":[{"count":1,"href":"https:\/\/sindaopcpb.org.br\/index.php\/wp-json\/wp\/v2\/posts\/4758\/revisions"}],"predecessor-version":[{"id":4759,"href":"https:\/\/sindaopcpb.org.br\/index.php\/wp-json\/wp\/v2\/posts\/4758\/revisions\/4759"}],"wp:attachment":[{"href":"https:\/\/sindaopcpb.org.br\/index.php\/wp-json\/wp\/v2\/media?parent=4758"}],"wp:term":[{"taxonomy":"category","embeddable":true,"href":"https:\/\/sindaopcpb.org.br\/index.php\/wp-json\/wp\/v2\/categories?post=4758"},{"taxonomy":"post_tag","embeddable":true,"href":"https:\/\/sindaopcpb.org.br\/index.php\/wp-json\/wp\/v2\/tags?post=4758"}],"curies":[{"name":"wp","href":"https:\/\/api.w.org\/{rel}","templated":true}]}}