{"id":47575,"date":"2024-05-22T08:50:52","date_gmt":"2024-05-22T11:50:52","guid":{"rendered":"https:\/\/www.pbagora.com.br\/?p=832157"},"modified":"2024-05-22T08:50:52","modified_gmt":"2024-05-22T11:50:52","slug":"policia-prende-em-recife-homem-suspeito-de-praticar-10-homicidios-em-bayeux","status":"publish","type":"post","link":"https:\/\/sindaopcpb.org.br\/index.php\/2024\/05\/22\/policia-prende-em-recife-homem-suspeito-de-praticar-10-homicidios-em-bayeux\/","title":{"rendered":"Pol\u00edcia prende em Recife homem suspeito de praticar 10 homic\u00eddios em Bayeux"},"content":{"rendered":"<p><img width=\"687\" height=\"463\" src=\"https:\/\/pbagora.s3.amazonaws.com\/2023\/11\/30073221\/PC.jpg\" class=\"attachment-large size-large wp-post-image\" alt=\"\" style=\"margin-bottom: 20px;\" decoding=\"async\" loading=\"lazy\" srcset=\"https:\/\/pbagora.s3.amazonaws.com\/2023\/11\/30073221\/PC.jpg 687w, https:\/\/pbagora.s3.amazonaws.com\/2023\/11\/30073221\/PC-300x202.jpg 300w, https:\/\/pbagora.s3.amazonaws.com\/2023\/11\/30073221\/PC-150x101.jpg 150w, https:\/\/pbagora.s3.amazonaws.com\/2023\/11\/30073221\/PC-380x256.jpg 380w, https:\/\/pbagora.s3.amazonaws.com\/2023\/11\/30073221\/PC-80x54.jpg 80w, https:\/\/pbagora.s3.amazonaws.com\/2023\/11\/30073221\/PC-600x404.jpg 600w\" sizes=\"(max-width: 687px) 100vw, 687px\" \/><\/p><p>Uma opera\u00e7\u00e3o integrada das pol\u00edcias do estado pernambucano e da Para\u00edba, resultou ontem (21), na pris\u00e3o de um homem suspeito de ser o autor de 10 homic\u00eddios na cidade de Bayeux, na Regi\u00e3o Metropolitana de Jo\u00e3o Pessoa, no Recife (PE).<\/p>\n<p>A pris\u00e3o de Gilberto Dias da Cruz (vulgo Poico) foi realizada ap\u00f3s investiga\u00e7\u00f5es do N\u00facleo de Homic\u00eddios de Bayeux. O suspeito tamb\u00e9m responde a processos por tr\u00e1fico de drogas e \u00e9 investigado por crimes patrimoniais.<\/p>\n<p>O suspeito foi preso em um im\u00f3vel na cidade do Recife, segundo o delegado Diego Garcia, com familiares em condi\u00e7\u00f5es insalubres. A ordem de pris\u00e3o foi expedida pela 1\u00aa Vara Mista de Bayeux. &#8220;\u00c9 mais um investigado preso por ter cometido, pelo menos, 10 homic\u00eddios na cidade de Bayeux, al\u00e9m de outras a\u00e7\u00f5es violentas como atingir uma crian\u00e7a durante um tiroteio contra policiais militares&#8221;, afirmou.<\/p>\n<p>Reda\u00e7\u00e3o<\/p>\n","protected":false},"excerpt":{"rendered":"<p><img decoding=\"async\" width=\"687\" height=\"463\" src=\"https:\/\/pbagora.s3.amazonaws.com\/2023\/11\/30073221\/PC.jpg\" class=\"attachment-large size-large wp-post-image\" alt=\"\" loading=\"lazy\"><\/p>\n<p>Uma opera\u00e7\u00e3o integrada das pol\u00edcias do estado pernambucano e da Para\u00edba, resultou ontem (21), na pris\u00e3o de um\u2026<\/p>\n","protected":false},"author":123457,"featured_media":0,"comment_status":"closed","ping_status":"closed","sticky":false,"template":"","format":"standard","meta":{"advgb_blocks_editor_width":"","advgb_blocks_columns_visual_guide":"","footnotes":""},"categories":[10823,34,66],"tags":[35],"class_list":["post-47575","post","type-post","status-publish","format-standard","hentry","category-destaque-centro-01","category-g1","category-policial","tag-g1"],"author_meta":{"display_name":"Reda\u00e7\u00e3o","author_link":"https:\/\/sindaopcpb.org.br\/author\/redacao\/"},"featured_img":null,"coauthors":[],"tax_additional":{"categories":{"linked":["<a href=\"https:\/\/sindaopcpb.org.br\/destaque-centro-01\/\" class=\"advgb-post-tax-term\">Destaque Centro 01<\/a>","<a href=\"https:\/\/sindaopcpb.org.br\/g1\/\" class=\"advgb-post-tax-term\">G1<\/a>","<a href=\"https:\/\/sindaopcpb.org.br\/policial\/\" class=\"advgb-post-tax-term\">Policial<\/a>"],"unlinked":["<span class=\"advgb-post-tax-term\">Destaque Centro 01<\/span>","<span class=\"advgb-post-tax-term\">G1<\/span>","<span class=\"advgb-post-tax-term\">Policial<\/span>"]},"tags":{"linked":["<a href=\"https:\/\/sindaopcpb.org.br\/policial\/\" class=\"advgb-post-tax-term\">g1<\/a>"],"unlinked":["<span class=\"advgb-post-tax-term\">g1<\/span>"]}},"comment_count":"0","relative_dates":{"created":"Publicado 2 anos atr\u00e1s","modified":"Atualizado 2 anos atr\u00e1s"},"absolute_dates":{"created":"Publicado em 22 de maio de 2024","modified":"Atualizado em 22 de maio de 2024"},"absolute_dates_time":{"created":"Publicado em 22 de maio de 2024 08:50","modified":"Atualizado em 22 de maio de 2024 08:50"},"featured_img_caption":"","series_order":"","_links":{"self":[{"href":"https:\/\/sindaopcpb.org.br\/index.php\/wp-json\/wp\/v2\/posts\/47575","targetHints":{"allow":["GET"]}}],"collection":[{"href":"https:\/\/sindaopcpb.org.br\/index.php\/wp-json\/wp\/v2\/posts"}],"about":[{"href":"https:\/\/sindaopcpb.org.br\/index.php\/wp-json\/wp\/v2\/types\/post"}],"author":[{"embeddable":true,"href":"https:\/\/sindaopcpb.org.br\/index.php\/wp-json\/wp\/v2\/users\/123457"}],"replies":[{"embeddable":true,"href":"https:\/\/sindaopcpb.org.br\/index.php\/wp-json\/wp\/v2\/comments?post=47575"}],"version-history":[{"count":1,"href":"https:\/\/sindaopcpb.org.br\/index.php\/wp-json\/wp\/v2\/posts\/47575\/revisions"}],"predecessor-version":[{"id":47576,"href":"https:\/\/sindaopcpb.org.br\/index.php\/wp-json\/wp\/v2\/posts\/47575\/revisions\/47576"}],"wp:attachment":[{"href":"https:\/\/sindaopcpb.org.br\/index.php\/wp-json\/wp\/v2\/media?parent=47575"}],"wp:term":[{"taxonomy":"category","embeddable":true,"href":"https:\/\/sindaopcpb.org.br\/index.php\/wp-json\/wp\/v2\/categories?post=47575"},{"taxonomy":"post_tag","embeddable":true,"href":"https:\/\/sindaopcpb.org.br\/index.php\/wp-json\/wp\/v2\/tags?post=47575"}],"curies":[{"name":"wp","href":"https:\/\/api.w.org\/{rel}","templated":true}]}}