{"id":47038,"date":"2024-05-03T11:00:16","date_gmt":"2024-05-03T14:00:16","guid":{"rendered":"https:\/\/www.pbagora.com.br\/?p=827901"},"modified":"2024-05-03T11:00:16","modified_gmt":"2024-05-03T14:00:16","slug":"capturado-no-rn-homem-que-matou-outro-a-pedradas-em-campina-grande-ainda-no-ano-de-2000","status":"publish","type":"post","link":"https:\/\/sindaopcpb.org.br\/index.php\/2024\/05\/03\/capturado-no-rn-homem-que-matou-outro-a-pedradas-em-campina-grande-ainda-no-ano-de-2000\/","title":{"rendered":"Capturado no RN homem que matou outro a pedradas em Campina Grande ainda no ano de 2000"},"content":{"rendered":"<p><img width=\"940\" height=\"500\" src=\"https:\/\/pbagora.s3.amazonaws.com\/2021\/07\/16112926\/PRESO-660x330-1.jpg\" class=\"attachment-large size-large wp-post-image\" alt=\"\" style=\"margin-bottom: 20px;\" decoding=\"async\" loading=\"lazy\" srcset=\"https:\/\/pbagora.s3.amazonaws.com\/2021\/07\/16112926\/PRESO-660x330-1.jpg 940w, https:\/\/pbagora.s3.amazonaws.com\/2021\/07\/16112926\/PRESO-660x330-1-300x160.jpg 300w, https:\/\/pbagora.s3.amazonaws.com\/2021\/07\/16112926\/PRESO-660x330-1-150x80.jpg 150w, https:\/\/pbagora.s3.amazonaws.com\/2021\/07\/16112926\/PRESO-660x330-1-768x409.jpg 768w, https:\/\/pbagora.s3.amazonaws.com\/2021\/07\/16112926\/PRESO-660x330-1-380x202.jpg 380w, https:\/\/pbagora.s3.amazonaws.com\/2021\/07\/16112926\/PRESO-660x330-1-800x426.jpg 800w, https:\/\/pbagora.s3.amazonaws.com\/2021\/07\/16112926\/PRESO-660x330-1-80x42.jpg 80w, https:\/\/pbagora.s3.amazonaws.com\/2021\/07\/16112926\/PRESO-660x330-1-760x404.jpg 760w, https:\/\/pbagora.s3.amazonaws.com\/2021\/07\/16112926\/PRESO-660x330-1-600x319.jpg 600w\" sizes=\"(max-width: 940px) 100vw, 940px\" \/><\/p><p data-sourcepos=\"5:1-5:441\">Na manh\u00e3 de hoje, 3 de maio, a Pol\u00edcia Civil da Para\u00edba, em a\u00e7\u00e3o conjunta com o Departamento de Homic\u00eddios do Rio Grande do Norte, prendeu um homem de 42 anos suspeito de um homic\u00eddio brutal cometido em Campina Grande no ano de 2000. O crime, que vitimou Jos\u00e9 Ricardo Teles de Andrade, a pedradas em um campo de futebol do bairro Centen\u00e1rio, estava prestes a prescrever, mas a investiga\u00e7\u00e3o incans\u00e1vel da DHPP\/CG garantiu a pris\u00e3o do acusado.<\/p>\n<p data-sourcepos=\"9:1-9:338\">No dia 29 de outubro de 2000, Jos\u00e9 Ricardo Teles de Andrade foi encontrado morto em um campo de futebol no bairro Centen\u00e1rio, em Campina Grande. A brutalidade do crime, com m\u00faltiplas les\u00f5es causadas por pedras, chocou a comunidade local. A DHPP\/CG iniciou as investiga\u00e7\u00f5es e, mesmo ap\u00f3s 22 anos, nunca desistiu de encontrar o respons\u00e1vel.<\/p>\n<p data-sourcepos=\"13:1-13:289\">O foragido, que n\u00e3o teve o nome revelado pela pol\u00edcia para preservar a investiga\u00e7\u00e3o, foi finalmente localizado na cidade de Natal, no Rio Grande do Norte. A pris\u00e3o, realizada em conjunto com as autoridades potiguares, demonstra a coopera\u00e7\u00e3o entre as for\u00e7as policiais para combater o crime.<\/p>\n<p data-sourcepos=\"15:1-15:229\">&#8220;O caso iria prescrever em setembro deste ano. Mas como dizemos internamente, a Pol\u00edcia Civil n\u00e3o esquece o crime e faz o poss\u00edvel para que a\u00e7\u00f5es dessa natureza n\u00e3o fiquem impunes&#8221;, disse o delegado Ramirez S\u00e3o Pedro, da DHPP\/CG.<\/p>\n<p data-sourcepos=\"17:1-17:258\">Com a pris\u00e3o, a justi\u00e7a da Para\u00edba dever\u00e1 decidir sobre a transfer\u00eancia do acusado para o estado, onde ele responder\u00e1 por seus crimes. A pris\u00e3o serve como um lembrete de que a justi\u00e7a, mesmo que tardia, sempre encontrar\u00e1 aqueles que cometem crimes hediondos.<\/p>\n","protected":false},"excerpt":{"rendered":"<p><img decoding=\"async\" width=\"940\" height=\"500\" src=\"https:\/\/pbagora.s3.amazonaws.com\/2021\/07\/16112926\/PRESO-660x330-1.jpg\" class=\"attachment-large size-large wp-post-image\" alt=\"\" loading=\"lazy\"><\/p>\n<p>Na manh\u00e3 de hoje, 3 de maio, a Pol\u00edcia Civil da Para\u00edba, em a\u00e7\u00e3o conjunta com o Departamento\u2026<\/p>\n","protected":false},"author":123458,"featured_media":0,"comment_status":"closed","ping_status":"closed","sticky":false,"template":"","format":"standard","meta":{"advgb_blocks_editor_width":"","advgb_blocks_columns_visual_guide":"","footnotes":""},"categories":[10823,34,66],"tags":[35],"class_list":["post-47038","post","type-post","status-publish","format-standard","hentry","category-destaque-centro-01","category-g1","category-policial","tag-g1"],"author_meta":{"display_name":"Feliphe Rojas","author_link":"https:\/\/sindaopcpb.org.br\/author\/feliphe-rojas\/"},"featured_img":null,"coauthors":[],"tax_additional":{"categories":{"linked":["<a href=\"https:\/\/sindaopcpb.org.br\/destaque-centro-01\/\" class=\"advgb-post-tax-term\">Destaque Centro 01<\/a>","<a href=\"https:\/\/sindaopcpb.org.br\/g1\/\" class=\"advgb-post-tax-term\">G1<\/a>","<a href=\"https:\/\/sindaopcpb.org.br\/policial\/\" class=\"advgb-post-tax-term\">Policial<\/a>"],"unlinked":["<span class=\"advgb-post-tax-term\">Destaque Centro 01<\/span>","<span class=\"advgb-post-tax-term\">G1<\/span>","<span class=\"advgb-post-tax-term\">Policial<\/span>"]},"tags":{"linked":["<a href=\"https:\/\/sindaopcpb.org.br\/policial\/\" class=\"advgb-post-tax-term\">g1<\/a>"],"unlinked":["<span class=\"advgb-post-tax-term\">g1<\/span>"]}},"comment_count":"0","relative_dates":{"created":"Publicado 2 anos atr\u00e1s","modified":"Atualizado 2 anos atr\u00e1s"},"absolute_dates":{"created":"Publicado em 3 de maio de 2024","modified":"Atualizado em 3 de maio de 2024"},"absolute_dates_time":{"created":"Publicado em 3 de maio de 2024 11:00","modified":"Atualizado em 3 de maio de 2024 11:00"},"featured_img_caption":"","series_order":"","_links":{"self":[{"href":"https:\/\/sindaopcpb.org.br\/index.php\/wp-json\/wp\/v2\/posts\/47038","targetHints":{"allow":["GET"]}}],"collection":[{"href":"https:\/\/sindaopcpb.org.br\/index.php\/wp-json\/wp\/v2\/posts"}],"about":[{"href":"https:\/\/sindaopcpb.org.br\/index.php\/wp-json\/wp\/v2\/types\/post"}],"author":[{"embeddable":true,"href":"https:\/\/sindaopcpb.org.br\/index.php\/wp-json\/wp\/v2\/users\/123458"}],"replies":[{"embeddable":true,"href":"https:\/\/sindaopcpb.org.br\/index.php\/wp-json\/wp\/v2\/comments?post=47038"}],"version-history":[{"count":1,"href":"https:\/\/sindaopcpb.org.br\/index.php\/wp-json\/wp\/v2\/posts\/47038\/revisions"}],"predecessor-version":[{"id":47039,"href":"https:\/\/sindaopcpb.org.br\/index.php\/wp-json\/wp\/v2\/posts\/47038\/revisions\/47039"}],"wp:attachment":[{"href":"https:\/\/sindaopcpb.org.br\/index.php\/wp-json\/wp\/v2\/media?parent=47038"}],"wp:term":[{"taxonomy":"category","embeddable":true,"href":"https:\/\/sindaopcpb.org.br\/index.php\/wp-json\/wp\/v2\/categories?post=47038"},{"taxonomy":"post_tag","embeddable":true,"href":"https:\/\/sindaopcpb.org.br\/index.php\/wp-json\/wp\/v2\/tags?post=47038"}],"curies":[{"name":"wp","href":"https:\/\/api.w.org\/{rel}","templated":true}]}}