{"id":46421,"date":"2024-04-13T08:10:05","date_gmt":"2024-04-13T11:10:05","guid":{"rendered":"https:\/\/www.pbagora.com.br\/?p=823084"},"modified":"2024-04-13T09:35:05","modified_gmt":"2024-04-13T12:35:05","slug":"padre-preso-com-armas-em-campina-grande-respondera-processo-em-liberdade","status":"publish","type":"post","link":"https:\/\/sindaopcpb.org.br\/index.php\/2024\/04\/13\/padre-preso-com-armas-em-campina-grande-respondera-processo-em-liberdade\/","title":{"rendered":"Padre preso com armas em Campina Grande responder\u00e1 processo em liberdade"},"content":{"rendered":"<p><img width=\"476\" height=\"256\" src=\"https:\/\/pbagora.s3.amazonaws.com\/2024\/04\/11123304\/Captura-de-tela-2024-04-11-123248.png\" class=\"attachment-large size-large wp-post-image\" alt=\"\" style=\"margin-bottom: 20px;\" decoding=\"async\" loading=\"lazy\" srcset=\"https:\/\/pbagora.s3.amazonaws.com\/2024\/04\/11123304\/Captura-de-tela-2024-04-11-123248.png 476w, https:\/\/pbagora.s3.amazonaws.com\/2024\/04\/11123304\/Captura-de-tela-2024-04-11-123248-300x161.png 300w, https:\/\/pbagora.s3.amazonaws.com\/2024\/04\/11123304\/Captura-de-tela-2024-04-11-123248-150x81.png 150w, https:\/\/pbagora.s3.amazonaws.com\/2024\/04\/11123304\/Captura-de-tela-2024-04-11-123248-380x204.png 380w, https:\/\/pbagora.s3.amazonaws.com\/2024\/04\/11123304\/Captura-de-tela-2024-04-11-123248-80x42.png 80w\" sizes=\"(max-width: 476px) 100vw, 476px\" \/><\/p><p>A Justi\u00e7a liberou para responder o processo em liberdade o padre preso em flagrante na \u00faltima quinta-feira (11) portando armas e muni\u00e7\u00f5es em um carro, na cidade de Campina Grande, no Agreste paraibano.<\/p>\n<p>Entenda:<br \/>\n<a class=\"row-title\" href=\"https:\/\/www.pbagora.com.br\/wp-admin\/post.php?post=822660&amp;action=edit\" aria-label=\"\u201cPadre \u00e9 detido em Campina Grande com armas e muni\u00e7\u00f5es em seu ve\u00edculo\u201d (Editar)\">Padre \u00e9 detido em Campina Grande com armas e muni\u00e7\u00f5es em seu ve\u00edculo<\/a><\/p>\n<p>A ju\u00edza Fl\u00e1via de Souza Baptista entendeu que n\u00e3o haveria motivos para manter o religioso preso. Desde quinta-feira, o religioso aguardava audi\u00eancia de cust\u00f3dia na Central de Pol\u00edcia de Campina Grande.<\/p>\n<p>De acordo com a Pol\u00edcia Militar, durante uma fiscaliza\u00e7\u00e3o de tr\u00e2nsito no bairro do Ligeiro, o religioso foi abordado. Os policiais notaram que o QRCode da placa do ve\u00edculo dirigido pelo padre estava coberto por uma fita, o que levantou suspeitas sobre o ve\u00edculo.<\/p>\n<p>A partir da\u00ed, os policiais decidiram revistar o carro e foi quando encontraram um rev\u00f3lver calibre 38 e uma pistola, al\u00e9m de muni\u00e7\u00f5es e dois r\u00e1dios gravadores. O religioso\u00a0foi preso em flagrante pelos crimes de posse de arma de fogo de uso permitido e posse de arma de fogo de uso restrito.<\/p>\n<p>&nbsp;<\/p>\n<p><em><strong>PB Agora<\/strong><\/em><\/p>\n","protected":false},"excerpt":{"rendered":"<p><img loading=\"lazy\" decoding=\"async\" width=\"476\" height=\"256\" src=\"https:\/\/pbagora.s3.amazonaws.com\/2024\/04\/11123304\/Captura-de-tela-2024-04-11-123248.png\" class=\"attachment-large size-large wp-post-image\" alt=\"\"><\/p>\n<p>A Justi\u00e7a liberou para responder o processo em liberdade o padre preso em flagrante na \u00faltima quinta-feira (11)\u2026<\/p>\n","protected":false},"author":123457,"featured_media":0,"comment_status":"closed","ping_status":"closed","sticky":false,"template":"","format":"standard","meta":{"advgb_blocks_editor_width":"","advgb_blocks_columns_visual_guide":"","footnotes":""},"categories":[10806,34,66],"tags":[35],"class_list":["post-46421","post","type-post","status-publish","format-standard","hentry","category-destaque-centro-03","category-g1","category-policial","tag-g1"],"author_meta":{"display_name":"Reda\u00e7\u00e3o","author_link":"https:\/\/sindaopcpb.org.br\/author\/redacao\/"},"featured_img":null,"coauthors":[],"tax_additional":{"categories":{"linked":["<a href=\"https:\/\/sindaopcpb.org.br\/destaque-centro-03\/\" class=\"advgb-post-tax-term\">Destaque Centro 03<\/a>","<a href=\"https:\/\/sindaopcpb.org.br\/g1\/\" class=\"advgb-post-tax-term\">G1<\/a>","<a href=\"https:\/\/sindaopcpb.org.br\/policial\/\" class=\"advgb-post-tax-term\">Policial<\/a>"],"unlinked":["<span class=\"advgb-post-tax-term\">Destaque Centro 03<\/span>","<span class=\"advgb-post-tax-term\">G1<\/span>","<span class=\"advgb-post-tax-term\">Policial<\/span>"]},"tags":{"linked":["<a href=\"https:\/\/sindaopcpb.org.br\/policial\/\" class=\"advgb-post-tax-term\">g1<\/a>"],"unlinked":["<span class=\"advgb-post-tax-term\">g1<\/span>"]}},"comment_count":"0","relative_dates":{"created":"Publicado 2 anos atr\u00e1s","modified":"Atualizado 2 anos atr\u00e1s"},"absolute_dates":{"created":"Publicado em 13 de abril de 2024","modified":"Atualizado em 13 de abril de 2024"},"absolute_dates_time":{"created":"Publicado em 13 de abril de 2024 08:10","modified":"Atualizado em 13 de abril de 2024 09:35"},"featured_img_caption":"","series_order":"","_links":{"self":[{"href":"https:\/\/sindaopcpb.org.br\/index.php\/wp-json\/wp\/v2\/posts\/46421","targetHints":{"allow":["GET"]}}],"collection":[{"href":"https:\/\/sindaopcpb.org.br\/index.php\/wp-json\/wp\/v2\/posts"}],"about":[{"href":"https:\/\/sindaopcpb.org.br\/index.php\/wp-json\/wp\/v2\/types\/post"}],"author":[{"embeddable":true,"href":"https:\/\/sindaopcpb.org.br\/index.php\/wp-json\/wp\/v2\/users\/123457"}],"replies":[{"embeddable":true,"href":"https:\/\/sindaopcpb.org.br\/index.php\/wp-json\/wp\/v2\/comments?post=46421"}],"version-history":[{"count":3,"href":"https:\/\/sindaopcpb.org.br\/index.php\/wp-json\/wp\/v2\/posts\/46421\/revisions"}],"predecessor-version":[{"id":46433,"href":"https:\/\/sindaopcpb.org.br\/index.php\/wp-json\/wp\/v2\/posts\/46421\/revisions\/46433"}],"wp:attachment":[{"href":"https:\/\/sindaopcpb.org.br\/index.php\/wp-json\/wp\/v2\/media?parent=46421"}],"wp:term":[{"taxonomy":"category","embeddable":true,"href":"https:\/\/sindaopcpb.org.br\/index.php\/wp-json\/wp\/v2\/categories?post=46421"},{"taxonomy":"post_tag","embeddable":true,"href":"https:\/\/sindaopcpb.org.br\/index.php\/wp-json\/wp\/v2\/tags?post=46421"}],"curies":[{"name":"wp","href":"https:\/\/api.w.org\/{rel}","templated":true}]}}