{"id":46415,"date":"2024-04-12T18:15:15","date_gmt":"2024-04-12T21:15:15","guid":{"rendered":"https:\/\/www.pbagora.com.br\/?p=823002"},"modified":"2024-04-12T18:15:15","modified_gmt":"2024-04-12T21:15:15","slug":"policia-prende-em-esperanca-suspeito-de-assaltar-empresario-e-roubar-relogios-avaliados-em-r-150-no-bessa","status":"publish","type":"post","link":"https:\/\/sindaopcpb.org.br\/index.php\/2024\/04\/12\/policia-prende-em-esperanca-suspeito-de-assaltar-empresario-e-roubar-relogios-avaliados-em-r-150-no-bessa\/","title":{"rendered":"Pol\u00edcia prende em Esperan\u00e7a suspeito de assaltar empres\u00e1rio e roubar rel\u00f3gios avaliados em R$ 150 no Bessa"},"content":{"rendered":"<p><img width=\"1000\" height=\"520\" src=\"https:\/\/pbagora.s3.amazonaws.com\/2024\/03\/20111145\/Viatura-da-Policia-Civil-1-1.jpg\" class=\"attachment-large size-large wp-post-image\" alt=\"\" style=\"margin-bottom: 20px;\" decoding=\"async\" srcset=\"https:\/\/pbagora.s3.amazonaws.com\/2024\/03\/20111145\/Viatura-da-Policia-Civil-1-1.jpg 1000w, https:\/\/pbagora.s3.amazonaws.com\/2024\/03\/20111145\/Viatura-da-Policia-Civil-1-1-300x156.jpg 300w, https:\/\/pbagora.s3.amazonaws.com\/2024\/03\/20111145\/Viatura-da-Policia-Civil-1-1-150x78.jpg 150w, https:\/\/pbagora.s3.amazonaws.com\/2024\/03\/20111145\/Viatura-da-Policia-Civil-1-1-768x399.jpg 768w, https:\/\/pbagora.s3.amazonaws.com\/2024\/03\/20111145\/Viatura-da-Policia-Civil-1-1-380x198.jpg 380w, https:\/\/pbagora.s3.amazonaws.com\/2024\/03\/20111145\/Viatura-da-Policia-Civil-1-1-800x416.jpg 800w, https:\/\/pbagora.s3.amazonaws.com\/2024\/03\/20111145\/Viatura-da-Policia-Civil-1-1-80x42.jpg 80w, https:\/\/pbagora.s3.amazonaws.com\/2024\/03\/20111145\/Viatura-da-Policia-Civil-1-1-760x395.jpg 760w, https:\/\/pbagora.s3.amazonaws.com\/2024\/03\/20111145\/Viatura-da-Policia-Civil-1-1-600x312.jpg 600w\" sizes=\"(max-width: 1000px) 100vw, 1000px\" \/><\/p><p>Foi preso, nesta sexta-feira (12), no munic\u00edpio de Esperan\u00e7a, o homem suspeito de assaltar um empres\u00e1rio e roubar rel\u00f3gios avaliados em R$ 150 mil, no bairro do Bessa, em Jo\u00e3o Pessoa. De acordo com a Pol\u00edcia Civil, o crime aconteceu em outubro do ano passado.<\/p>\n<p>Ap\u00f3s meses de investiga\u00e7\u00e3o, os agentes da Pol\u00edcia Civil conseguiram identificar e localizar o suspeito. A abordagem aconteceu na resid\u00eancia em que ele mora, no Centro de Esperan\u00e7a, no Agreste paraibano.<\/p>\n<p>Ainda segundo os policiais, o acusado seria o l\u00edder de um grupo criminoso especializado em assaltos, principalmente, nos bairros da orla de Jo\u00e3o Pessoa. Contra ele, constava no Banco de Dados da pol\u00edcia, um mandado de pris\u00e3o. O suspeito ainda \u00e9 investigado pela participa\u00e7\u00e3o em outros roubos ocorridos na Capital.<\/p>\n<p>Os policiais acreditam que al\u00e9m de executar, o homem tamb\u00e9m planejou o assalto ao empres\u00e1rio, ocorrido no dia 1\u00ba de outubro do ano passado.<\/p>\n<p><strong>Entenda<\/strong><\/p>\n<p>O empres\u00e1rio saia com a esposa de um hotel no bairro do Bessa. No exato momento em que se dirigia ao seu carro, foi abordado pelo suspeito. Armado, o acusado for\u00e7ou o empres\u00e1rio a entrega seus pertences e, na sequ\u00eancia, fugiu em um moto.<\/p>\n<p>&nbsp;<\/p>\n<p><em><strong>PB Agora<\/strong><\/em><\/p>\n","protected":false},"excerpt":{"rendered":"<p><img loading=\"lazy\" decoding=\"async\" width=\"1000\" height=\"520\" src=\"https:\/\/pbagora.s3.amazonaws.com\/2024\/03\/20111145\/Viatura-da-Policia-Civil-1-1.jpg\" class=\"attachment-large size-large wp-post-image\" alt=\"\"><\/p>\n<p>Foi preso, nesta sexta-feira (12), no munic\u00edpio de Esperan\u00e7a, o homem suspeito de assaltar um empres\u00e1rio e roubar\u2026<\/p>\n","protected":false},"author":123457,"featured_media":0,"comment_status":"closed","ping_status":"closed","sticky":false,"template":"","format":"standard","meta":{"advgb_blocks_editor_width":"","advgb_blocks_columns_visual_guide":"","footnotes":""},"categories":[10826,34,66],"tags":[35],"class_list":["post-46415","post","type-post","status-publish","format-standard","hentry","category-destaque-centro-02","category-g1","category-policial","tag-g1"],"author_meta":{"display_name":"Reda\u00e7\u00e3o","author_link":"https:\/\/sindaopcpb.org.br\/author\/redacao\/"},"featured_img":null,"coauthors":[],"tax_additional":{"categories":{"linked":["<a href=\"https:\/\/sindaopcpb.org.br\/destaque-centro-02\/\" class=\"advgb-post-tax-term\">Destaque Centro 02<\/a>","<a href=\"https:\/\/sindaopcpb.org.br\/g1\/\" class=\"advgb-post-tax-term\">G1<\/a>","<a href=\"https:\/\/sindaopcpb.org.br\/policial\/\" class=\"advgb-post-tax-term\">Policial<\/a>"],"unlinked":["<span class=\"advgb-post-tax-term\">Destaque Centro 02<\/span>","<span class=\"advgb-post-tax-term\">G1<\/span>","<span class=\"advgb-post-tax-term\">Policial<\/span>"]},"tags":{"linked":["<a href=\"https:\/\/sindaopcpb.org.br\/policial\/\" class=\"advgb-post-tax-term\">g1<\/a>"],"unlinked":["<span class=\"advgb-post-tax-term\">g1<\/span>"]}},"comment_count":"0","relative_dates":{"created":"Publicado 2 anos atr\u00e1s","modified":"Atualizado 2 anos atr\u00e1s"},"absolute_dates":{"created":"Publicado em 12 de abril de 2024","modified":"Atualizado em 12 de abril de 2024"},"absolute_dates_time":{"created":"Publicado em 12 de abril de 2024 18:15","modified":"Atualizado em 12 de abril de 2024 18:15"},"featured_img_caption":"","series_order":"","_links":{"self":[{"href":"https:\/\/sindaopcpb.org.br\/index.php\/wp-json\/wp\/v2\/posts\/46415","targetHints":{"allow":["GET"]}}],"collection":[{"href":"https:\/\/sindaopcpb.org.br\/index.php\/wp-json\/wp\/v2\/posts"}],"about":[{"href":"https:\/\/sindaopcpb.org.br\/index.php\/wp-json\/wp\/v2\/types\/post"}],"author":[{"embeddable":true,"href":"https:\/\/sindaopcpb.org.br\/index.php\/wp-json\/wp\/v2\/users\/123457"}],"replies":[{"embeddable":true,"href":"https:\/\/sindaopcpb.org.br\/index.php\/wp-json\/wp\/v2\/comments?post=46415"}],"version-history":[{"count":2,"href":"https:\/\/sindaopcpb.org.br\/index.php\/wp-json\/wp\/v2\/posts\/46415\/revisions"}],"predecessor-version":[{"id":46423,"href":"https:\/\/sindaopcpb.org.br\/index.php\/wp-json\/wp\/v2\/posts\/46415\/revisions\/46423"}],"wp:attachment":[{"href":"https:\/\/sindaopcpb.org.br\/index.php\/wp-json\/wp\/v2\/media?parent=46415"}],"wp:term":[{"taxonomy":"category","embeddable":true,"href":"https:\/\/sindaopcpb.org.br\/index.php\/wp-json\/wp\/v2\/categories?post=46415"},{"taxonomy":"post_tag","embeddable":true,"href":"https:\/\/sindaopcpb.org.br\/index.php\/wp-json\/wp\/v2\/tags?post=46415"}],"curies":[{"name":"wp","href":"https:\/\/api.w.org\/{rel}","templated":true}]}}