{"id":46411,"date":"2024-04-12T15:20:59","date_gmt":"2024-04-12T18:20:59","guid":{"rendered":"https:\/\/www.pbagora.com.br\/?p=822913"},"modified":"2024-04-12T15:20:59","modified_gmt":"2024-04-12T18:20:59","slug":"caso-padre-ze-audiencias-do-padre-egidio-e-de-ex-funcionarias-sao-marcadas-para-maio","status":"publish","type":"post","link":"https:\/\/sindaopcpb.org.br\/index.php\/2024\/04\/12\/caso-padre-ze-audiencias-do-padre-egidio-e-de-ex-funcionarias-sao-marcadas-para-maio\/","title":{"rendered":"Caso Padre Z\u00e9: audi\u00eancias do padre Eg\u00eddio e de ex-funcion\u00e1rias s\u00e3o marcadas para maio"},"content":{"rendered":"<p><img width=\"450\" height=\"450\" src=\"https:\/\/pbagora.s3.amazonaws.com\/2023\/10\/16143716\/padre-egidio-e-investigado-por-uma-serie-de-denuncias-de-desvio-de-verba-do-hospital-padre-ze-em-joao-pessoa-1697060787964_v2_450x450.jpg\" class=\"attachment-large size-large wp-post-image\" alt=\"\" style=\"margin-bottom: 20px;\" decoding=\"async\" srcset=\"https:\/\/pbagora.s3.amazonaws.com\/2023\/10\/16143716\/padre-egidio-e-investigado-por-uma-serie-de-denuncias-de-desvio-de-verba-do-hospital-padre-ze-em-joao-pessoa-1697060787964_v2_450x450.jpg 450w, https:\/\/pbagora.s3.amazonaws.com\/2023\/10\/16143716\/padre-egidio-e-investigado-por-uma-serie-de-denuncias-de-desvio-de-verba-do-hospital-padre-ze-em-joao-pessoa-1697060787964_v2_450x450-300x300.jpg 300w, https:\/\/pbagora.s3.amazonaws.com\/2023\/10\/16143716\/padre-egidio-e-investigado-por-uma-serie-de-denuncias-de-desvio-de-verba-do-hospital-padre-ze-em-joao-pessoa-1697060787964_v2_450x450-150x150.jpg 150w, https:\/\/pbagora.s3.amazonaws.com\/2023\/10\/16143716\/padre-egidio-e-investigado-por-uma-serie-de-denuncias-de-desvio-de-verba-do-hospital-padre-ze-em-joao-pessoa-1697060787964_v2_450x450-80x80.jpg 80w, https:\/\/pbagora.s3.amazonaws.com\/2023\/10\/16143716\/padre-egidio-e-investigado-por-uma-serie-de-denuncias-de-desvio-de-verba-do-hospital-padre-ze-em-joao-pessoa-1697060787964_v2_450x450-110x110.jpg 110w, https:\/\/pbagora.s3.amazonaws.com\/2023\/10\/16143716\/padre-egidio-e-investigado-por-uma-serie-de-denuncias-de-desvio-de-verba-do-hospital-padre-ze-em-joao-pessoa-1697060787964_v2_450x450-380x380.jpg 380w, https:\/\/pbagora.s3.amazonaws.com\/2023\/10\/16143716\/padre-egidio-e-investigado-por-uma-serie-de-denuncias-de-desvio-de-verba-do-hospital-padre-ze-em-joao-pessoa-1697060787964_v2_450x450-160x160.jpg 160w\" sizes=\"(max-width: 450px) 100vw, 450px\" \/><\/p><p>A Justi\u00e7a da Para\u00edba marcou para o pr\u00f3ximo m\u00eas de maio as primeiras audi\u00eancias de instru\u00e7\u00e3o \u00a0envolvendo o caso Hospital Padre Z\u00e9, em Jo\u00e3o Pessoa,. O ex-diretor Padre Eg\u00eddio e as ex-funcion\u00e1rias Jannyne Dantas e Amanda Duarte s\u00e3o os principais investigados por desvios de recursos e doa\u00e7\u00f5es da institui\u00e7\u00e3o de sa\u00fade, estando atualmente sob pris\u00e3o.<\/p>\n<p>A audi\u00eancia relacionada \u00e0 Opera\u00e7\u00e3o Indignos, que desvenda o esquema de corrup\u00e7\u00e3o na gest\u00e3o do hospital, est\u00e1 agendada para o dia 20 de maio, a ser realizada no F\u00f3rum Criminal de Jo\u00e3o Pessoa. A modalidade da audi\u00eancia, seja presencial ou semipresencial, ser\u00e1 determinada pelas partes envolvidas.<\/p>\n<p>No dia 27 de maio, Padre Eg\u00eddio enfrentar\u00e1 a Justi\u00e7a para esclarecer supostas fraudes na compra de computadores. Amanda Duarte e um empres\u00e1rio tamb\u00e9m ser\u00e3o interrogados, suspeitos de desvio de recursos p\u00fablicos destinados \u00e0 aquisi\u00e7\u00e3o desses equipamentos.<\/p>\n<p>A Justi\u00e7a imp\u00f4s um limite de 16 testemunhas, reduzindo significativamente o n\u00famero inicial indicado pela defesa dos acusados, que era de 35 pessoas a serem ouvidas durante a audi\u00eancia de instru\u00e7\u00e3o.<\/p>\n<p>Enquanto isso, Padre Eg\u00eddio viu seis pedidos de Habeas Corpus serem negados. O primeiro pedido, encaminhado ao Supremo Tribunal de Justi\u00e7a (STJ), foi negado pelo Ministro Teodoro Silva Santos em 28 de novembro de 2023. Recorrendo ao Tribunal de Justi\u00e7a da Para\u00edba (TJPB), o segundo pedido tamb\u00e9m foi negado pelo desembargador Ricardo Vital em 4 de dezembro de 2023. O terceiro pedido, direcionado \u00e0 ministra C\u00e1rmen L\u00facia do Supremo Tribunal Federal (STF), foi negado em 17 de janeiro.<\/p>\n<p>Mesmo ap\u00f3s o TJPB manter a pris\u00e3o de Padre Eg\u00eddio em 30 de janeiro, seus advogados entraram com um novo pedido de Habeas Corpus no Supremo Tribunal de Justi\u00e7a (STJ) em 5 de fevereiro, mas foi negado pela quarta vez em 10 de fevereiro pela corte.<\/p>\n<p>Em 26 de fevereiro, o ministro Teodoro Silva Santos do STJ negou mais um pedido de Habeas Corpus do padre. E recentemente, nesta segunda semana de abril, o juiz da Sexta Turma do STJ rejeitou pela quinta vez o recurso de liberdade para Padre Eg\u00eddio.<\/p>\n<p>&nbsp;<\/p>\n<p><strong><em>Reda\u00e7\u00e3o<\/em><\/strong><\/p>\n","protected":false},"excerpt":{"rendered":"<p><img loading=\"lazy\" decoding=\"async\" width=\"450\" height=\"450\" src=\"https:\/\/pbagora.s3.amazonaws.com\/2023\/10\/16143716\/padre-egidio-e-investigado-por-uma-serie-de-denuncias-de-desvio-de-verba-do-hospital-padre-ze-em-joao-pessoa-1697060787964_v2_450x450.jpg\" class=\"attachment-large size-large wp-post-image\" alt=\"\"><\/p>\n<p>A Justi\u00e7a da Para\u00edba marcou para o pr\u00f3ximo m\u00eas de maio as primeiras audi\u00eancias de instru\u00e7\u00e3o \u00a0envolvendo o\u2026<\/p>\n","protected":false},"author":123457,"featured_media":0,"comment_status":"closed","ping_status":"closed","sticky":false,"template":"","format":"standard","meta":{"advgb_blocks_editor_width":"","advgb_blocks_columns_visual_guide":"","footnotes":""},"categories":[10826,34,66],"tags":[35],"class_list":["post-46411","post","type-post","status-publish","format-standard","hentry","category-destaque-centro-02","category-g1","category-policial","tag-g1"],"author_meta":{"display_name":"Reda\u00e7\u00e3o","author_link":"https:\/\/sindaopcpb.org.br\/author\/redacao\/"},"featured_img":null,"coauthors":[],"tax_additional":{"categories":{"linked":["<a href=\"https:\/\/sindaopcpb.org.br\/destaque-centro-02\/\" class=\"advgb-post-tax-term\">Destaque Centro 02<\/a>","<a href=\"https:\/\/sindaopcpb.org.br\/g1\/\" class=\"advgb-post-tax-term\">G1<\/a>","<a href=\"https:\/\/sindaopcpb.org.br\/policial\/\" class=\"advgb-post-tax-term\">Policial<\/a>"],"unlinked":["<span class=\"advgb-post-tax-term\">Destaque Centro 02<\/span>","<span class=\"advgb-post-tax-term\">G1<\/span>","<span class=\"advgb-post-tax-term\">Policial<\/span>"]},"tags":{"linked":["<a href=\"https:\/\/sindaopcpb.org.br\/policial\/\" class=\"advgb-post-tax-term\">g1<\/a>"],"unlinked":["<span class=\"advgb-post-tax-term\">g1<\/span>"]}},"comment_count":"0","relative_dates":{"created":"Publicado 2 anos atr\u00e1s","modified":"Atualizado 2 anos atr\u00e1s"},"absolute_dates":{"created":"Publicado em 12 de abril de 2024","modified":"Atualizado em 12 de abril de 2024"},"absolute_dates_time":{"created":"Publicado em 12 de abril de 2024 15:20","modified":"Atualizado em 12 de abril de 2024 15:20"},"featured_img_caption":"","series_order":"","_links":{"self":[{"href":"https:\/\/sindaopcpb.org.br\/index.php\/wp-json\/wp\/v2\/posts\/46411","targetHints":{"allow":["GET"]}}],"collection":[{"href":"https:\/\/sindaopcpb.org.br\/index.php\/wp-json\/wp\/v2\/posts"}],"about":[{"href":"https:\/\/sindaopcpb.org.br\/index.php\/wp-json\/wp\/v2\/types\/post"}],"author":[{"embeddable":true,"href":"https:\/\/sindaopcpb.org.br\/index.php\/wp-json\/wp\/v2\/users\/123457"}],"replies":[{"embeddable":true,"href":"https:\/\/sindaopcpb.org.br\/index.php\/wp-json\/wp\/v2\/comments?post=46411"}],"version-history":[{"count":3,"href":"https:\/\/sindaopcpb.org.br\/index.php\/wp-json\/wp\/v2\/posts\/46411\/revisions"}],"predecessor-version":[{"id":46424,"href":"https:\/\/sindaopcpb.org.br\/index.php\/wp-json\/wp\/v2\/posts\/46411\/revisions\/46424"}],"wp:attachment":[{"href":"https:\/\/sindaopcpb.org.br\/index.php\/wp-json\/wp\/v2\/media?parent=46411"}],"wp:term":[{"taxonomy":"category","embeddable":true,"href":"https:\/\/sindaopcpb.org.br\/index.php\/wp-json\/wp\/v2\/categories?post=46411"},{"taxonomy":"post_tag","embeddable":true,"href":"https:\/\/sindaopcpb.org.br\/index.php\/wp-json\/wp\/v2\/tags?post=46411"}],"curies":[{"name":"wp","href":"https:\/\/api.w.org\/{rel}","templated":true}]}}