{"id":46405,"date":"2024-04-12T15:20:03","date_gmt":"2024-04-12T18:20:03","guid":{"rendered":"https:\/\/www.pbagora.com.br\/?p=822948"},"modified":"2024-04-12T15:20:03","modified_gmt":"2024-04-12T18:20:03","slug":"prf-apreende-em-sao-mamede-pb-mercadoria-de-calcados-sem-nota-fiscal-avaliada-em-r-60-mil","status":"publish","type":"post","link":"https:\/\/sindaopcpb.org.br\/index.php\/2024\/04\/12\/prf-apreende-em-sao-mamede-pb-mercadoria-de-calcados-sem-nota-fiscal-avaliada-em-r-60-mil\/","title":{"rendered":"PRF apreende em S\u00e3o Mamede\u2013PB mercadoria de cal\u00e7ados sem nota fiscal avaliada em R$ 60 mil"},"content":{"rendered":"<p><img width=\"1024\" height=\"768\" src=\"https:\/\/pbagora.s3.amazonaws.com\/2024\/04\/12132244\/aab607ca-865e-45e2-a3c7-5d2b7abb5e3f-1024x768.jpeg\" class=\"attachment-large size-large wp-post-image\" alt=\"\" style=\"margin-bottom: 20px;\" decoding=\"async\" srcset=\"https:\/\/pbagora.s3.amazonaws.com\/2024\/04\/12132244\/aab607ca-865e-45e2-a3c7-5d2b7abb5e3f-1024x768.jpeg 1024w, https:\/\/pbagora.s3.amazonaws.com\/2024\/04\/12132244\/aab607ca-865e-45e2-a3c7-5d2b7abb5e3f-300x225.jpeg 300w, https:\/\/pbagora.s3.amazonaws.com\/2024\/04\/12132244\/aab607ca-865e-45e2-a3c7-5d2b7abb5e3f-150x113.jpeg 150w, https:\/\/pbagora.s3.amazonaws.com\/2024\/04\/12132244\/aab607ca-865e-45e2-a3c7-5d2b7abb5e3f-768x576.jpeg 768w, https:\/\/pbagora.s3.amazonaws.com\/2024\/04\/12132244\/aab607ca-865e-45e2-a3c7-5d2b7abb5e3f-1536x1152.jpeg 1536w, https:\/\/pbagora.s3.amazonaws.com\/2024\/04\/12132244\/aab607ca-865e-45e2-a3c7-5d2b7abb5e3f-2048x1536.jpeg 2048w, https:\/\/pbagora.s3.amazonaws.com\/2024\/04\/12132244\/aab607ca-865e-45e2-a3c7-5d2b7abb5e3f-200x150.jpeg 200w, https:\/\/pbagora.s3.amazonaws.com\/2024\/04\/12132244\/aab607ca-865e-45e2-a3c7-5d2b7abb5e3f-260x195.jpeg 260w, https:\/\/pbagora.s3.amazonaws.com\/2024\/04\/12132244\/aab607ca-865e-45e2-a3c7-5d2b7abb5e3f-380x285.jpeg 380w, https:\/\/pbagora.s3.amazonaws.com\/2024\/04\/12132244\/aab607ca-865e-45e2-a3c7-5d2b7abb5e3f-800x600.jpeg 800w, https:\/\/pbagora.s3.amazonaws.com\/2024\/04\/12132244\/aab607ca-865e-45e2-a3c7-5d2b7abb5e3f-1160x870.jpeg 1160w, https:\/\/pbagora.s3.amazonaws.com\/2024\/04\/12132244\/aab607ca-865e-45e2-a3c7-5d2b7abb5e3f-80x60.jpeg 80w, https:\/\/pbagora.s3.amazonaws.com\/2024\/04\/12132244\/aab607ca-865e-45e2-a3c7-5d2b7abb5e3f-3072x2304.jpeg 3072w, https:\/\/pbagora.s3.amazonaws.com\/2024\/04\/12132244\/aab607ca-865e-45e2-a3c7-5d2b7abb5e3f-600x450.jpeg 600w, https:\/\/pbagora.s3.amazonaws.com\/2024\/04\/12132244\/aab607ca-865e-45e2-a3c7-5d2b7abb5e3f-520x390.jpeg 520w, https:\/\/pbagora.s3.amazonaws.com\/2024\/04\/12132244\/aab607ca-865e-45e2-a3c7-5d2b7abb5e3f-760x570.jpeg 760w, https:\/\/pbagora.s3.amazonaws.com\/2024\/04\/12132244\/aab607ca-865e-45e2-a3c7-5d2b7abb5e3f-scaled.jpeg 2560w\" sizes=\"(max-width: 1024px) 100vw, 1024px\" \/><\/p><p>A Pol\u00edcia Rodovi\u00e1ria Federal (PRF) na Para\u00edba apreendeu, no decorrer de fiscaliza\u00e7\u00e3o realizada na \u00faltima quinta-feira (11), no munic\u00edpio de S\u00e3o Mamede, 106 pares de cal\u00e7ados que estavam sendo transportados sem os documentos fiscais da mercadoria.<\/p>\n<p>Equipe da PRF realizava fiscaliza\u00e7\u00e3o na BR-230, km 310, por volta das 09h25, pr\u00f3ximo \u00e0 Unidade Operacional da PRF no munic\u00edpio, quando visualizou e abordou um Peugeot\/Boxer M330M a fim de realizar fiscaliza\u00e7\u00e3o de rotina. Na ocasi\u00e3o, foi observado que o ve\u00edculo transportava diversas caixas em seu bagageiro. Foi identificado que se tratavam de cal\u00e7ados femininos de marcas nacionais, totalizando 106 pares, sendo eles de quatro marcas distintas. A mercadoria \u00e9 avaliada em R$ 60 mil. Diante das circunst\u00e2ncias, foram solicitados os documentos fiscais da mercadoria.<\/p>\n<p>O condutor, um homem de 50 anos, relatou n\u00e3o possuir nota fiscal dos cal\u00e7ados. O que configura o crime de deixar de recolher tributo de mercadoria nacional em nota fiscal. Sendo assim, foi elaborado um Termo Circunstanciado da Ocorr\u00eancia (TCO). Os cal\u00e7ados foram entregues para autoridades do Fisco Estadual (SEFAZ-PB), respons\u00e1veis por dar prosseguimento aos procedimentos cab\u00edveis para regulariza\u00e7\u00e3o da mercadoria.<\/p>\n<p>A fiscaliza\u00e7\u00e3o de mercadorias visa coibir a circula\u00e7\u00e3o com documenta\u00e7\u00e3o inid\u00f4nea, irregular ou sem nota fiscal, visando combater a sonega\u00e7\u00e3o fiscal e tamb\u00e9m \u00e0 concorr\u00eancia desleal no mercado paraibano.<\/p>\n","protected":false},"excerpt":{"rendered":"<p><img loading=\"lazy\" decoding=\"async\" width=\"1024\" height=\"768\" src=\"https:\/\/pbagora.s3.amazonaws.com\/2024\/04\/12132244\/aab607ca-865e-45e2-a3c7-5d2b7abb5e3f-1024x768.jpeg\" class=\"attachment-large size-large wp-post-image\" alt=\"\"><\/p>\n<p>A Pol\u00edcia Rodovi\u00e1ria Federal (PRF) na Para\u00edba apreendeu, no decorrer de fiscaliza\u00e7\u00e3o realizada na \u00faltima quinta-feira (11), no\u2026<\/p>\n","protected":false},"author":123458,"featured_media":0,"comment_status":"closed","ping_status":"closed","sticky":false,"template":"","format":"standard","meta":{"advgb_blocks_editor_width":"","advgb_blocks_columns_visual_guide":"","footnotes":""},"categories":[34,66],"tags":[35],"class_list":["post-46405","post","type-post","status-publish","format-standard","hentry","category-g1","category-policial","tag-g1"],"author_meta":{"display_name":"Feliphe Rojas","author_link":"https:\/\/sindaopcpb.org.br\/author\/feliphe-rojas\/"},"featured_img":null,"coauthors":[],"tax_additional":{"categories":{"linked":["<a href=\"https:\/\/sindaopcpb.org.br\/g1\/\" class=\"advgb-post-tax-term\">G1<\/a>","<a href=\"https:\/\/sindaopcpb.org.br\/policial\/\" class=\"advgb-post-tax-term\">Policial<\/a>"],"unlinked":["<span class=\"advgb-post-tax-term\">G1<\/span>","<span class=\"advgb-post-tax-term\">Policial<\/span>"]},"tags":{"linked":["<a href=\"https:\/\/sindaopcpb.org.br\/policial\/\" class=\"advgb-post-tax-term\">g1<\/a>"],"unlinked":["<span class=\"advgb-post-tax-term\">g1<\/span>"]}},"comment_count":"0","relative_dates":{"created":"Publicado 2 anos atr\u00e1s","modified":"Atualizado 2 anos atr\u00e1s"},"absolute_dates":{"created":"Publicado em 12 de abril de 2024","modified":"Atualizado em 12 de abril de 2024"},"absolute_dates_time":{"created":"Publicado em 12 de abril de 2024 15:20","modified":"Atualizado em 12 de abril de 2024 15:20"},"featured_img_caption":"","series_order":"","_links":{"self":[{"href":"https:\/\/sindaopcpb.org.br\/index.php\/wp-json\/wp\/v2\/posts\/46405","targetHints":{"allow":["GET"]}}],"collection":[{"href":"https:\/\/sindaopcpb.org.br\/index.php\/wp-json\/wp\/v2\/posts"}],"about":[{"href":"https:\/\/sindaopcpb.org.br\/index.php\/wp-json\/wp\/v2\/types\/post"}],"author":[{"embeddable":true,"href":"https:\/\/sindaopcpb.org.br\/index.php\/wp-json\/wp\/v2\/users\/123458"}],"replies":[{"embeddable":true,"href":"https:\/\/sindaopcpb.org.br\/index.php\/wp-json\/wp\/v2\/comments?post=46405"}],"version-history":[{"count":3,"href":"https:\/\/sindaopcpb.org.br\/index.php\/wp-json\/wp\/v2\/posts\/46405\/revisions"}],"predecessor-version":[{"id":46418,"href":"https:\/\/sindaopcpb.org.br\/index.php\/wp-json\/wp\/v2\/posts\/46405\/revisions\/46418"}],"wp:attachment":[{"href":"https:\/\/sindaopcpb.org.br\/index.php\/wp-json\/wp\/v2\/media?parent=46405"}],"wp:term":[{"taxonomy":"category","embeddable":true,"href":"https:\/\/sindaopcpb.org.br\/index.php\/wp-json\/wp\/v2\/categories?post=46405"},{"taxonomy":"post_tag","embeddable":true,"href":"https:\/\/sindaopcpb.org.br\/index.php\/wp-json\/wp\/v2\/tags?post=46405"}],"curies":[{"name":"wp","href":"https:\/\/api.w.org\/{rel}","templated":true}]}}