{"id":46348,"date":"2024-04-10T18:00:44","date_gmt":"2024-04-10T21:00:44","guid":{"rendered":"https:\/\/www.pbagora.com.br\/?p=822425"},"modified":"2024-04-10T18:00:44","modified_gmt":"2024-04-10T21:00:44","slug":"preso-jovem-suspeito-de-usar-aplicativo-para-chamar-motoboys-e-roubar-motos-e-ate-lanches-em-jp","status":"publish","type":"post","link":"https:\/\/sindaopcpb.org.br\/index.php\/2024\/04\/10\/preso-jovem-suspeito-de-usar-aplicativo-para-chamar-motoboys-e-roubar-motos-e-ate-lanches-em-jp\/","title":{"rendered":"Preso jovem suspeito de usar aplicativo para chamar motoboys e roubar motos e at\u00e9 lanches, em JP"},"content":{"rendered":"<p><img width=\"696\" height=\"465\" src=\"https:\/\/pbagora.s3.amazonaws.com\/2023\/04\/27122556\/central_de_policia_walla_santos_1-1-696x465-1.jpg\" class=\"attachment-large size-large wp-post-image\" alt=\"\" style=\"margin-bottom: 20px;\" decoding=\"async\" srcset=\"https:\/\/pbagora.s3.amazonaws.com\/2023\/04\/27122556\/central_de_policia_walla_santos_1-1-696x465-1.jpg 696w, https:\/\/pbagora.s3.amazonaws.com\/2023\/04\/27122556\/central_de_policia_walla_santos_1-1-696x465-1-300x200.jpg 300w, https:\/\/pbagora.s3.amazonaws.com\/2023\/04\/27122556\/central_de_policia_walla_santos_1-1-696x465-1-150x100.jpg 150w, https:\/\/pbagora.s3.amazonaws.com\/2023\/04\/27122556\/central_de_policia_walla_santos_1-1-696x465-1-380x254.jpg 380w, https:\/\/pbagora.s3.amazonaws.com\/2023\/04\/27122556\/central_de_policia_walla_santos_1-1-696x465-1-80x53.jpg 80w, https:\/\/pbagora.s3.amazonaws.com\/2023\/04\/27122556\/central_de_policia_walla_santos_1-1-696x465-1-600x401.jpg 600w\" sizes=\"(max-width: 696px) 100vw, 696px\" \/><\/p><p>Nesta quarta-feira (10), a Pol\u00edcia Civil divulgou detalhes da pris\u00e3o do jovem de 19 anos suspeito de cometer dezenas de assaltos contra motoboys em Jo\u00e3o Pessoa. De acordo com as investiga\u00e7\u00f5es, atrav\u00e9s de aplicativos de entregas, o jovem teria roubado v\u00e1rias motocicletas e at\u00e9 lanches.<\/p>\n<p>Segundo informa\u00e7\u00f5es da Delegacia de Roubos e Furtos de Ve\u00edculos na Capital, existem contra o jovem identificado apenas como Guga cinco inqu\u00e9ritos em tramita\u00e7\u00e3o. Com base no banco de dados da pol\u00edcia foi poss\u00edvel identificar ainda que ele responde a\u00a0 processos, n\u00e3o s\u00f3 por roubo, mas tamb\u00e9m por homic\u00eddio e tr\u00e1fico de drogas. Tamb\u00e9m havia Mandado de Pris\u00e3o em aberto.<\/p>\n<p>O delegado Lucas de S\u00e1 afirmou que o suspeito realizava pedidos por aplicativos e quando os entregadores chegavam ao local, al\u00e9m de roubar a moto, o suspeito roubava tamb\u00e9m o lanche que estava para ser entregue.<\/p>\n<p>Ap\u00f3s in\u00fameras den\u00fancias e registros de boletins de ocorr\u00eancia, a Pol\u00edcia Civil passou a investigar os crimes, at\u00e9 que o suspeito foi identificado. Ele foi localizado ap\u00f3s den\u00fancia an\u00f4nima feita atrav\u00e9s do Disque Den\u00fancia. O jovem estava na casa da av\u00f3, no bairro do Costa e Silva. Ele foi preso em flagrante por porte de arma de fogo.<\/p>\n<p>A Pol\u00edcia Civil pede agora que as v\u00edtimas possam comparecer \u00e0 delegacia para reconhecer o suspeito como autor dos crimes ocorridos.<\/p>\n<p>&nbsp;<\/p>\n<p><em><strong>PB Agora<\/strong><\/em><\/p>\n","protected":false},"excerpt":{"rendered":"<p><img loading=\"lazy\" decoding=\"async\" width=\"696\" height=\"465\" src=\"https:\/\/pbagora.s3.amazonaws.com\/2023\/04\/27122556\/central_de_policia_walla_santos_1-1-696x465-1.jpg\" class=\"attachment-large size-large wp-post-image\" alt=\"\"><\/p>\n<p>Nesta quarta-feira (10), a Pol\u00edcia Civil divulgou detalhes da pris\u00e3o do jovem de 19 anos suspeito de cometer\u2026<\/p>\n","protected":false},"author":123457,"featured_media":0,"comment_status":"closed","ping_status":"closed","sticky":false,"template":"","format":"standard","meta":{"advgb_blocks_editor_width":"","advgb_blocks_columns_visual_guide":"","footnotes":""},"categories":[10823,34,66],"tags":[35],"class_list":["post-46348","post","type-post","status-publish","format-standard","hentry","category-destaque-centro-01","category-g1","category-policial","tag-g1"],"author_meta":{"display_name":"Reda\u00e7\u00e3o","author_link":"https:\/\/sindaopcpb.org.br\/author\/redacao\/"},"featured_img":null,"coauthors":[],"tax_additional":{"categories":{"linked":["<a href=\"https:\/\/sindaopcpb.org.br\/destaque-centro-01\/\" class=\"advgb-post-tax-term\">Destaque Centro 01<\/a>","<a href=\"https:\/\/sindaopcpb.org.br\/g1\/\" class=\"advgb-post-tax-term\">G1<\/a>","<a href=\"https:\/\/sindaopcpb.org.br\/policial\/\" class=\"advgb-post-tax-term\">Policial<\/a>"],"unlinked":["<span class=\"advgb-post-tax-term\">Destaque Centro 01<\/span>","<span class=\"advgb-post-tax-term\">G1<\/span>","<span class=\"advgb-post-tax-term\">Policial<\/span>"]},"tags":{"linked":["<a href=\"https:\/\/sindaopcpb.org.br\/policial\/\" class=\"advgb-post-tax-term\">g1<\/a>"],"unlinked":["<span class=\"advgb-post-tax-term\">g1<\/span>"]}},"comment_count":"0","relative_dates":{"created":"Publicado 2 anos atr\u00e1s","modified":"Atualizado 2 anos atr\u00e1s"},"absolute_dates":{"created":"Publicado em 10 de abril de 2024","modified":"Atualizado em 10 de abril de 2024"},"absolute_dates_time":{"created":"Publicado em 10 de abril de 2024 18:00","modified":"Atualizado em 10 de abril de 2024 18:00"},"featured_img_caption":"","series_order":"","_links":{"self":[{"href":"https:\/\/sindaopcpb.org.br\/index.php\/wp-json\/wp\/v2\/posts\/46348","targetHints":{"allow":["GET"]}}],"collection":[{"href":"https:\/\/sindaopcpb.org.br\/index.php\/wp-json\/wp\/v2\/posts"}],"about":[{"href":"https:\/\/sindaopcpb.org.br\/index.php\/wp-json\/wp\/v2\/types\/post"}],"author":[{"embeddable":true,"href":"https:\/\/sindaopcpb.org.br\/index.php\/wp-json\/wp\/v2\/users\/123457"}],"replies":[{"embeddable":true,"href":"https:\/\/sindaopcpb.org.br\/index.php\/wp-json\/wp\/v2\/comments?post=46348"}],"version-history":[{"count":2,"href":"https:\/\/sindaopcpb.org.br\/index.php\/wp-json\/wp\/v2\/posts\/46348\/revisions"}],"predecessor-version":[{"id":46358,"href":"https:\/\/sindaopcpb.org.br\/index.php\/wp-json\/wp\/v2\/posts\/46348\/revisions\/46358"}],"wp:attachment":[{"href":"https:\/\/sindaopcpb.org.br\/index.php\/wp-json\/wp\/v2\/media?parent=46348"}],"wp:term":[{"taxonomy":"category","embeddable":true,"href":"https:\/\/sindaopcpb.org.br\/index.php\/wp-json\/wp\/v2\/categories?post=46348"},{"taxonomy":"post_tag","embeddable":true,"href":"https:\/\/sindaopcpb.org.br\/index.php\/wp-json\/wp\/v2\/tags?post=46348"}],"curies":[{"name":"wp","href":"https:\/\/api.w.org\/{rel}","templated":true}]}}