{"id":46291,"date":"2024-04-09T06:22:50","date_gmt":"2024-04-09T09:22:50","guid":{"rendered":"https:\/\/www.pbagora.com.br\/?p=821807"},"modified":"2024-04-09T09:22:50","modified_gmt":"2024-04-09T12:22:50","slug":"veiculo-capota-apos-colisao-e-deixa-um-ferido-no-bairro-de-manaira-em-jp","status":"publish","type":"post","link":"https:\/\/sindaopcpb.org.br\/index.php\/2024\/04\/09\/veiculo-capota-apos-colisao-e-deixa-um-ferido-no-bairro-de-manaira-em-jp\/","title":{"rendered":"Ve\u00edculo capota ap\u00f3s colis\u00e3o e deixa um ferido no bairro de Mana\u00edra, em JP"},"content":{"rendered":"<p><img width=\"938\" height=\"416\" src=\"https:\/\/pbagora.s3.amazonaws.com\/2024\/04\/09062241\/Sem-titulo-10.jpg\" class=\"attachment-large size-large wp-post-image\" alt=\"\" style=\"margin-bottom: 20px;\" decoding=\"async\" srcset=\"https:\/\/pbagora.s3.amazonaws.com\/2024\/04\/09062241\/Sem-titulo-10.jpg 938w, https:\/\/pbagora.s3.amazonaws.com\/2024\/04\/09062241\/Sem-titulo-10-300x133.jpg 300w, https:\/\/pbagora.s3.amazonaws.com\/2024\/04\/09062241\/Sem-titulo-10-150x67.jpg 150w, https:\/\/pbagora.s3.amazonaws.com\/2024\/04\/09062241\/Sem-titulo-10-768x341.jpg 768w, https:\/\/pbagora.s3.amazonaws.com\/2024\/04\/09062241\/Sem-titulo-10-380x169.jpg 380w, https:\/\/pbagora.s3.amazonaws.com\/2024\/04\/09062241\/Sem-titulo-10-800x355.jpg 800w, https:\/\/pbagora.s3.amazonaws.com\/2024\/04\/09062241\/Sem-titulo-10-80x35.jpg 80w, https:\/\/pbagora.s3.amazonaws.com\/2024\/04\/09062241\/Sem-titulo-10-760x337.jpg 760w, https:\/\/pbagora.s3.amazonaws.com\/2024\/04\/09062241\/Sem-titulo-10-600x266.jpg 600w\" sizes=\"(max-width: 938px) 100vw, 938px\" \/><\/p><p>A colis\u00e3o entre dois ve\u00edculos no in\u00edcio da noite de ontem (08), no cruzamento das ruas Franca Filho x Silvino Chaves, no bairro de Mana\u00edra, em Jo\u00e3o Pessoa, provocou o capotamento de um dos carros.<\/p>\n<p>Segundo informa\u00e7\u00f5es preliminares, uma pessoa ficou ferida e foi socorrida para o Hospital de Emerg\u00eancia e Trauma de Jo\u00e3o Pessoa com ferimentos leves.<\/p>\n<p>A pol\u00edcia investiga as causas do acidente.<\/p>\n<p>Reda\u00e7\u00e3o<\/p>\n","protected":false},"excerpt":{"rendered":"<p><img loading=\"lazy\" decoding=\"async\" width=\"938\" height=\"416\" src=\"https:\/\/pbagora.s3.amazonaws.com\/2024\/04\/09062241\/Sem-titulo-10.jpg\" class=\"attachment-large size-large wp-post-image\" alt=\"\"><\/p>\n<p>A colis\u00e3o entre dois ve\u00edculos no in\u00edcio da noite de ontem (08), no cruzamento das ruas Franca Filho\u2026<\/p>\n","protected":false},"author":123457,"featured_media":0,"comment_status":"closed","ping_status":"closed","sticky":false,"template":"","format":"standard","meta":{"advgb_blocks_editor_width":"","advgb_blocks_columns_visual_guide":"","footnotes":""},"categories":[34,66,10827],"tags":[35],"class_list":["post-46291","post","type-post","status-publish","format-standard","hentry","category-g1","category-policial","category-rodape-02","tag-g1"],"author_meta":{"display_name":"Reda\u00e7\u00e3o","author_link":"https:\/\/sindaopcpb.org.br\/author\/redacao\/"},"featured_img":null,"coauthors":[],"tax_additional":{"categories":{"linked":["<a href=\"https:\/\/sindaopcpb.org.br\/g1\/\" class=\"advgb-post-tax-term\">G1<\/a>","<a href=\"https:\/\/sindaopcpb.org.br\/policial\/\" class=\"advgb-post-tax-term\">Policial<\/a>","<a href=\"https:\/\/sindaopcpb.org.br\/rodape-02\/\" class=\"advgb-post-tax-term\">Rodape 02<\/a>"],"unlinked":["<span class=\"advgb-post-tax-term\">G1<\/span>","<span class=\"advgb-post-tax-term\">Policial<\/span>","<span class=\"advgb-post-tax-term\">Rodape 02<\/span>"]},"tags":{"linked":["<a href=\"https:\/\/sindaopcpb.org.br\/rodape-02\/\" class=\"advgb-post-tax-term\">g1<\/a>"],"unlinked":["<span class=\"advgb-post-tax-term\">g1<\/span>"]}},"comment_count":"0","relative_dates":{"created":"Publicado 2 anos atr\u00e1s","modified":"Atualizado 2 anos atr\u00e1s"},"absolute_dates":{"created":"Publicado em 9 de abril de 2024","modified":"Atualizado em 9 de abril de 2024"},"absolute_dates_time":{"created":"Publicado em 9 de abril de 2024 06:22","modified":"Atualizado em 9 de abril de 2024 09:22"},"featured_img_caption":"","series_order":"","_links":{"self":[{"href":"https:\/\/sindaopcpb.org.br\/index.php\/wp-json\/wp\/v2\/posts\/46291","targetHints":{"allow":["GET"]}}],"collection":[{"href":"https:\/\/sindaopcpb.org.br\/index.php\/wp-json\/wp\/v2\/posts"}],"about":[{"href":"https:\/\/sindaopcpb.org.br\/index.php\/wp-json\/wp\/v2\/types\/post"}],"author":[{"embeddable":true,"href":"https:\/\/sindaopcpb.org.br\/index.php\/wp-json\/wp\/v2\/users\/123457"}],"replies":[{"embeddable":true,"href":"https:\/\/sindaopcpb.org.br\/index.php\/wp-json\/wp\/v2\/comments?post=46291"}],"version-history":[{"count":3,"href":"https:\/\/sindaopcpb.org.br\/index.php\/wp-json\/wp\/v2\/posts\/46291\/revisions"}],"predecessor-version":[{"id":46303,"href":"https:\/\/sindaopcpb.org.br\/index.php\/wp-json\/wp\/v2\/posts\/46291\/revisions\/46303"}],"wp:attachment":[{"href":"https:\/\/sindaopcpb.org.br\/index.php\/wp-json\/wp\/v2\/media?parent=46291"}],"wp:term":[{"taxonomy":"category","embeddable":true,"href":"https:\/\/sindaopcpb.org.br\/index.php\/wp-json\/wp\/v2\/categories?post=46291"},{"taxonomy":"post_tag","embeddable":true,"href":"https:\/\/sindaopcpb.org.br\/index.php\/wp-json\/wp\/v2\/tags?post=46291"}],"curies":[{"name":"wp","href":"https:\/\/api.w.org\/{rel}","templated":true}]}}