{"id":46264,"date":"2024-04-08T10:36:10","date_gmt":"2024-04-08T13:36:10","guid":{"rendered":"https:\/\/www.pbagora.com.br\/?p=821573"},"modified":"2024-04-08T12:10:10","modified_gmt":"2024-04-08T15:10:10","slug":"homem-e-atacado-e-ferido-com-faca-na-cabeca-pelo-proprio-irmao-em-mangabeira","status":"publish","type":"post","link":"https:\/\/sindaopcpb.org.br\/index.php\/2024\/04\/08\/homem-e-atacado-e-ferido-com-faca-na-cabeca-pelo-proprio-irmao-em-mangabeira\/","title":{"rendered":"Homem \u00e9 atacado e ferido com faca na cabe\u00e7a pelo pr\u00f3prio irm\u00e3o, em Mangabeira"},"content":{"rendered":"<p><img width=\"856\" height=\"427\" src=\"https:\/\/pbagora.s3.amazonaws.com\/2024\/04\/08103431\/6f3e9941ae803e50f18a28fcd1983167.jpg\" class=\"attachment-large size-large wp-post-image\" alt=\"\" style=\"margin-bottom: 20px;\" decoding=\"async\" loading=\"lazy\" srcset=\"https:\/\/pbagora.s3.amazonaws.com\/2024\/04\/08103431\/6f3e9941ae803e50f18a28fcd1983167.jpg 856w, https:\/\/pbagora.s3.amazonaws.com\/2024\/04\/08103431\/6f3e9941ae803e50f18a28fcd1983167-300x150.jpg 300w, https:\/\/pbagora.s3.amazonaws.com\/2024\/04\/08103431\/6f3e9941ae803e50f18a28fcd1983167-150x75.jpg 150w, https:\/\/pbagora.s3.amazonaws.com\/2024\/04\/08103431\/6f3e9941ae803e50f18a28fcd1983167-768x383.jpg 768w, https:\/\/pbagora.s3.amazonaws.com\/2024\/04\/08103431\/6f3e9941ae803e50f18a28fcd1983167-380x190.jpg 380w, https:\/\/pbagora.s3.amazonaws.com\/2024\/04\/08103431\/6f3e9941ae803e50f18a28fcd1983167-800x399.jpg 800w, https:\/\/pbagora.s3.amazonaws.com\/2024\/04\/08103431\/6f3e9941ae803e50f18a28fcd1983167-80x40.jpg 80w, https:\/\/pbagora.s3.amazonaws.com\/2024\/04\/08103431\/6f3e9941ae803e50f18a28fcd1983167-760x379.jpg 760w, https:\/\/pbagora.s3.amazonaws.com\/2024\/04\/08103431\/6f3e9941ae803e50f18a28fcd1983167-600x299.jpg 600w\" sizes=\"(max-width: 856px) 100vw, 856px\" \/><\/p><p>Nesse domingo (07), um homem foi gravemente ferido por uma facada na cabe\u00e7a, desferida por seu pr\u00f3prio irm\u00e3o.<\/p>\n<p>Segundo informa\u00e7\u00f5es da Pol\u00edcia Militar, o agressor, que sofre de esquizofrenia e estava sem a medica\u00e7\u00e3o necess\u00e1ria, entrou em surto e atacou seu irm\u00e3o com uma faca.<\/p>\n<p>A l\u00e2mina ficou cravada na cabe\u00e7a da v\u00edtima, que foi socorrida e levada ao Hospital de Emerg\u00eancia e Trauma de Jo\u00e3o Pessoa.<\/p>\n<p>Apesar da gravidade do ferimento, a equipe m\u00e9dica do hospital confirmou que o homem n\u00e3o corre risco de vida.<\/p>\n<p><strong>PB Agora<\/strong><\/p>\n","protected":false},"excerpt":{"rendered":"<p><img decoding=\"async\" width=\"856\" height=\"427\" src=\"https:\/\/pbagora.s3.amazonaws.com\/2024\/04\/08103431\/6f3e9941ae803e50f18a28fcd1983167.jpg\" class=\"attachment-large size-large wp-post-image\" alt=\"\" loading=\"lazy\"><\/p>\n<p>Nesse domingo (07), um homem foi gravemente ferido por uma facada na cabe\u00e7a, desferida por seu pr\u00f3prio irm\u00e3o.\u2026<\/p>\n","protected":false},"author":123457,"featured_media":0,"comment_status":"closed","ping_status":"closed","sticky":false,"template":"","format":"standard","meta":{"advgb_blocks_editor_width":"","advgb_blocks_columns_visual_guide":"","footnotes":""},"categories":[34,66,10807],"tags":[35],"class_list":["post-46264","post","type-post","status-publish","format-standard","hentry","category-g1","category-policial","category-rodape-01","tag-g1"],"author_meta":{"display_name":"Reda\u00e7\u00e3o","author_link":"https:\/\/sindaopcpb.org.br\/author\/redacao\/"},"featured_img":null,"coauthors":[],"tax_additional":{"categories":{"linked":["<a href=\"https:\/\/sindaopcpb.org.br\/g1\/\" class=\"advgb-post-tax-term\">G1<\/a>","<a href=\"https:\/\/sindaopcpb.org.br\/policial\/\" class=\"advgb-post-tax-term\">Policial<\/a>","<a href=\"https:\/\/sindaopcpb.org.br\/rodape-01\/\" class=\"advgb-post-tax-term\">Rodape 01<\/a>"],"unlinked":["<span class=\"advgb-post-tax-term\">G1<\/span>","<span class=\"advgb-post-tax-term\">Policial<\/span>","<span class=\"advgb-post-tax-term\">Rodape 01<\/span>"]},"tags":{"linked":["<a href=\"https:\/\/sindaopcpb.org.br\/rodape-01\/\" class=\"advgb-post-tax-term\">g1<\/a>"],"unlinked":["<span class=\"advgb-post-tax-term\">g1<\/span>"]}},"comment_count":"0","relative_dates":{"created":"Publicado 2 anos atr\u00e1s","modified":"Atualizado 2 anos atr\u00e1s"},"absolute_dates":{"created":"Publicado em 8 de abril de 2024","modified":"Atualizado em 8 de abril de 2024"},"absolute_dates_time":{"created":"Publicado em 8 de abril de 2024 10:36","modified":"Atualizado em 8 de abril de 2024 12:10"},"featured_img_caption":"","series_order":"","_links":{"self":[{"href":"https:\/\/sindaopcpb.org.br\/index.php\/wp-json\/wp\/v2\/posts\/46264","targetHints":{"allow":["GET"]}}],"collection":[{"href":"https:\/\/sindaopcpb.org.br\/index.php\/wp-json\/wp\/v2\/posts"}],"about":[{"href":"https:\/\/sindaopcpb.org.br\/index.php\/wp-json\/wp\/v2\/types\/post"}],"author":[{"embeddable":true,"href":"https:\/\/sindaopcpb.org.br\/index.php\/wp-json\/wp\/v2\/users\/123457"}],"replies":[{"embeddable":true,"href":"https:\/\/sindaopcpb.org.br\/index.php\/wp-json\/wp\/v2\/comments?post=46264"}],"version-history":[{"count":2,"href":"https:\/\/sindaopcpb.org.br\/index.php\/wp-json\/wp\/v2\/posts\/46264\/revisions"}],"predecessor-version":[{"id":46276,"href":"https:\/\/sindaopcpb.org.br\/index.php\/wp-json\/wp\/v2\/posts\/46264\/revisions\/46276"}],"wp:attachment":[{"href":"https:\/\/sindaopcpb.org.br\/index.php\/wp-json\/wp\/v2\/media?parent=46264"}],"wp:term":[{"taxonomy":"category","embeddable":true,"href":"https:\/\/sindaopcpb.org.br\/index.php\/wp-json\/wp\/v2\/categories?post=46264"},{"taxonomy":"post_tag","embeddable":true,"href":"https:\/\/sindaopcpb.org.br\/index.php\/wp-json\/wp\/v2\/tags?post=46264"}],"curies":[{"name":"wp","href":"https:\/\/api.w.org\/{rel}","templated":true}]}}