{"id":46262,"date":"2024-04-08T10:36:31","date_gmt":"2024-04-08T13:36:31","guid":{"rendered":"https:\/\/www.pbagora.com.br\/?p=821557"},"modified":"2024-04-08T12:00:31","modified_gmt":"2024-04-08T15:00:31","slug":"policia-militar-detem-homem-por-envolvimento-com-o-trafico-em-cruz-do-espirito-santo","status":"publish","type":"post","link":"https:\/\/sindaopcpb.org.br\/index.php\/2024\/04\/08\/policia-militar-detem-homem-por-envolvimento-com-o-trafico-em-cruz-do-espirito-santo\/","title":{"rendered":"Pol\u00edcia Militar det\u00e9m homem por envolvimento com o tr\u00e1fico em Cruz do Esp\u00edrito Santo"},"content":{"rendered":"<p><img width=\"768\" height=\"432\" src=\"https:\/\/pbagora.s3.amazonaws.com\/2024\/04\/08102734\/PM-prende-suspeito-com-material-de-trafico-de-drogas-na-Paraiba-768x432-1.png\" class=\"attachment-large size-large wp-post-image\" alt=\"\" style=\"margin-bottom: 20px;\" decoding=\"async\" loading=\"lazy\" srcset=\"https:\/\/pbagora.s3.amazonaws.com\/2024\/04\/08102734\/PM-prende-suspeito-com-material-de-trafico-de-drogas-na-Paraiba-768x432-1.png 768w, https:\/\/pbagora.s3.amazonaws.com\/2024\/04\/08102734\/PM-prende-suspeito-com-material-de-trafico-de-drogas-na-Paraiba-768x432-1-300x169.png 300w, https:\/\/pbagora.s3.amazonaws.com\/2024\/04\/08102734\/PM-prende-suspeito-com-material-de-trafico-de-drogas-na-Paraiba-768x432-1-150x84.png 150w, https:\/\/pbagora.s3.amazonaws.com\/2024\/04\/08102734\/PM-prende-suspeito-com-material-de-trafico-de-drogas-na-Paraiba-768x432-1-380x214.png 380w, https:\/\/pbagora.s3.amazonaws.com\/2024\/04\/08102734\/PM-prende-suspeito-com-material-de-trafico-de-drogas-na-Paraiba-768x432-1-80x46.png 80w, https:\/\/pbagora.s3.amazonaws.com\/2024\/04\/08102734\/PM-prende-suspeito-com-material-de-trafico-de-drogas-na-Paraiba-768x432-1-760x428.png 760w, https:\/\/pbagora.s3.amazonaws.com\/2024\/04\/08102734\/PM-prende-suspeito-com-material-de-trafico-de-drogas-na-Paraiba-768x432-1-600x338.png 600w\" sizes=\"(max-width: 768px) 100vw, 768px\" \/><\/p><p>Nesse domingo (07), a Pol\u00edcia Militar, por meio das equipes da Companhia de Policiamento com C\u00e3es (CPC\u00e3es), efetuou a pris\u00e3o de um homem suspeito de envolvimento com o tr\u00e1fico de drogas na cidade de Cruz do Esp\u00edrito Santo.<\/p>\n<p>A a\u00e7\u00e3o foi desencadeada quando as equipes da CPC\u00e3es prestavam apoio aos policiais do 7\u00ba Batalh\u00e3o, ap\u00f3s receberem informa\u00e7\u00f5es sobre a presen\u00e7a de suspeitos na regi\u00e3o. Durante a abordagem, o suspeito foi encontrado na posse de um rev\u00f3lver, muni\u00e7\u00f5es e materiais associados ao crime de tr\u00e1fico de entorpecentes.<\/p>\n<p>Ap\u00f3s a deten\u00e7\u00e3o ele foi encaminhado \u00e0 6\u00aa Delegacia Distrital, localizada em Santa Rita, para os procedimentos legais cab\u00edveis. <\/p>\n<p><strong>PB Agora<\/strong><\/p>\n","protected":false},"excerpt":{"rendered":"<p><img decoding=\"async\" width=\"768\" height=\"432\" src=\"https:\/\/pbagora.s3.amazonaws.com\/2024\/04\/08102734\/PM-prende-suspeito-com-material-de-trafico-de-drogas-na-Paraiba-768x432-1.png\" class=\"attachment-large size-large wp-post-image\" alt=\"\" loading=\"lazy\"><\/p>\n<p>Nesse domingo (07), a Pol\u00edcia Militar, por meio das equipes da Companhia de Policiamento com C\u00e3es (CPC\u00e3es), efetuou\u2026<\/p>\n","protected":false},"author":123457,"featured_media":0,"comment_status":"closed","ping_status":"closed","sticky":false,"template":"","format":"standard","meta":{"advgb_blocks_editor_width":"","advgb_blocks_columns_visual_guide":"","footnotes":""},"categories":[10826,34,66],"tags":[35],"class_list":["post-46262","post","type-post","status-publish","format-standard","hentry","category-destaque-centro-02","category-g1","category-policial","tag-g1"],"author_meta":{"display_name":"Reda\u00e7\u00e3o","author_link":"https:\/\/sindaopcpb.org.br\/author\/redacao\/"},"featured_img":null,"coauthors":[],"tax_additional":{"categories":{"linked":["<a href=\"https:\/\/sindaopcpb.org.br\/destaque-centro-02\/\" class=\"advgb-post-tax-term\">Destaque Centro 02<\/a>","<a href=\"https:\/\/sindaopcpb.org.br\/g1\/\" class=\"advgb-post-tax-term\">G1<\/a>","<a href=\"https:\/\/sindaopcpb.org.br\/policial\/\" class=\"advgb-post-tax-term\">Policial<\/a>"],"unlinked":["<span class=\"advgb-post-tax-term\">Destaque Centro 02<\/span>","<span class=\"advgb-post-tax-term\">G1<\/span>","<span class=\"advgb-post-tax-term\">Policial<\/span>"]},"tags":{"linked":["<a href=\"https:\/\/sindaopcpb.org.br\/policial\/\" class=\"advgb-post-tax-term\">g1<\/a>"],"unlinked":["<span class=\"advgb-post-tax-term\">g1<\/span>"]}},"comment_count":"0","relative_dates":{"created":"Publicado 2 anos atr\u00e1s","modified":"Atualizado 2 anos atr\u00e1s"},"absolute_dates":{"created":"Publicado em 8 de abril de 2024","modified":"Atualizado em 8 de abril de 2024"},"absolute_dates_time":{"created":"Publicado em 8 de abril de 2024 10:36","modified":"Atualizado em 8 de abril de 2024 12:00"},"featured_img_caption":"","series_order":"","_links":{"self":[{"href":"https:\/\/sindaopcpb.org.br\/index.php\/wp-json\/wp\/v2\/posts\/46262","targetHints":{"allow":["GET"]}}],"collection":[{"href":"https:\/\/sindaopcpb.org.br\/index.php\/wp-json\/wp\/v2\/posts"}],"about":[{"href":"https:\/\/sindaopcpb.org.br\/index.php\/wp-json\/wp\/v2\/types\/post"}],"author":[{"embeddable":true,"href":"https:\/\/sindaopcpb.org.br\/index.php\/wp-json\/wp\/v2\/users\/123457"}],"replies":[{"embeddable":true,"href":"https:\/\/sindaopcpb.org.br\/index.php\/wp-json\/wp\/v2\/comments?post=46262"}],"version-history":[{"count":2,"href":"https:\/\/sindaopcpb.org.br\/index.php\/wp-json\/wp\/v2\/posts\/46262\/revisions"}],"predecessor-version":[{"id":46277,"href":"https:\/\/sindaopcpb.org.br\/index.php\/wp-json\/wp\/v2\/posts\/46262\/revisions\/46277"}],"wp:attachment":[{"href":"https:\/\/sindaopcpb.org.br\/index.php\/wp-json\/wp\/v2\/media?parent=46262"}],"wp:term":[{"taxonomy":"category","embeddable":true,"href":"https:\/\/sindaopcpb.org.br\/index.php\/wp-json\/wp\/v2\/categories?post=46262"},{"taxonomy":"post_tag","embeddable":true,"href":"https:\/\/sindaopcpb.org.br\/index.php\/wp-json\/wp\/v2\/tags?post=46262"}],"curies":[{"name":"wp","href":"https:\/\/api.w.org\/{rel}","templated":true}]}}