{"id":46223,"date":"2024-04-04T14:15:34","date_gmt":"2024-04-04T17:15:34","guid":{"rendered":"https:\/\/www.pbagora.com.br\/?p=820828"},"modified":"2024-04-04T14:15:34","modified_gmt":"2024-04-04T17:15:34","slug":"acidente-grave-na-br-230-em-aparecida-pb-deixa-pedestre-em-estado-grave","status":"publish","type":"post","link":"https:\/\/sindaopcpb.org.br\/index.php\/2024\/04\/04\/acidente-grave-na-br-230-em-aparecida-pb-deixa-pedestre-em-estado-grave\/","title":{"rendered":"Acidente grave na BR-230 em Aparecida-PB deixa pedestre em estado grave"},"content":{"rendered":"<p><img width=\"365\" height=\"214\" src=\"https:\/\/pbagora.s3.amazonaws.com\/2024\/04\/04135622\/Captura-de-tela-2024-04-04-135613.png\" class=\"attachment-large size-large wp-post-image\" alt=\"\" style=\"margin-bottom: 20px;\" decoding=\"async\" loading=\"lazy\" srcset=\"https:\/\/pbagora.s3.amazonaws.com\/2024\/04\/04135622\/Captura-de-tela-2024-04-04-135613.png 365w, https:\/\/pbagora.s3.amazonaws.com\/2024\/04\/04135622\/Captura-de-tela-2024-04-04-135613-300x176.png 300w, https:\/\/pbagora.s3.amazonaws.com\/2024\/04\/04135622\/Captura-de-tela-2024-04-04-135613-150x88.png 150w, https:\/\/pbagora.s3.amazonaws.com\/2024\/04\/04135622\/Captura-de-tela-2024-04-04-135613-80x46.png 80w\" sizes=\"(max-width: 365px) 100vw, 365px\" \/><\/p><p>Na manh\u00e3 desta quinta-feira (04) um acidente do tipo atropelamento de pedestre foi registrado na BR-230, no munic\u00edpio de Aparecida, Para\u00edba por volta das 05h50, no km 440 da rodovia. A v\u00edtima socorrida em estado grave para o Hospital de Sousa.<\/p>\n<p>Segundo informa\u00e7\u00f5es da Pol\u00edcia Rodovi\u00e1ria Federal (PRF), o pedestre foi atingido por um ve\u00edculo ainda n\u00e3o identificado, enquanto atravessava a via. Devido a intensidade do impacto, a v\u00edtima\u00a0 precisou ser rapidamente encaminhada para atendimento m\u00e9dico.<\/p>\n<p>Agentes da PRF estiveram no local para prestar assist\u00eancia e controlar o tr\u00e1fego, que ficou parcialmente interrompido durante os procedimentos de resgate. As circunst\u00e2ncias exatas do acidente est\u00e3o sendo investigadas pela pol\u00edcia, que busca identificar o ve\u00edculo envolvido e esclarecer as causas do ocorrido.<\/p>\n<p>A identidade da v\u00edtima e mais detalhes sobre seu estado de sa\u00fade n\u00e3o foram divulgados at\u00e9 o momento.<\/p>\n<p>&nbsp;<\/p>\n<p><em><strong>PB Agora<\/strong><\/em><\/p>\n","protected":false},"excerpt":{"rendered":"<p><img decoding=\"async\" width=\"365\" height=\"214\" src=\"https:\/\/pbagora.s3.amazonaws.com\/2024\/04\/04135622\/Captura-de-tela-2024-04-04-135613.png\" class=\"attachment-large size-large wp-post-image\" alt=\"\" loading=\"lazy\"><\/p>\n<p>Na manh\u00e3 desta quinta-feira (04) um acidente do tipo atropelamento de pedestre foi registrado na BR-230, no munic\u00edpio\u2026<\/p>\n","protected":false},"author":123457,"featured_media":0,"comment_status":"closed","ping_status":"closed","sticky":false,"template":"","format":"standard","meta":{"advgb_blocks_editor_width":"","advgb_blocks_columns_visual_guide":"","footnotes":""},"categories":[10806,34,66],"tags":[35],"class_list":["post-46223","post","type-post","status-publish","format-standard","hentry","category-destaque-centro-03","category-g1","category-policial","tag-g1"],"author_meta":{"display_name":"Reda\u00e7\u00e3o","author_link":"https:\/\/sindaopcpb.org.br\/author\/redacao\/"},"featured_img":null,"coauthors":[],"tax_additional":{"categories":{"linked":["<a href=\"https:\/\/sindaopcpb.org.br\/destaque-centro-03\/\" class=\"advgb-post-tax-term\">Destaque Centro 03<\/a>","<a href=\"https:\/\/sindaopcpb.org.br\/g1\/\" class=\"advgb-post-tax-term\">G1<\/a>","<a href=\"https:\/\/sindaopcpb.org.br\/policial\/\" class=\"advgb-post-tax-term\">Policial<\/a>"],"unlinked":["<span class=\"advgb-post-tax-term\">Destaque Centro 03<\/span>","<span class=\"advgb-post-tax-term\">G1<\/span>","<span class=\"advgb-post-tax-term\">Policial<\/span>"]},"tags":{"linked":["<a href=\"https:\/\/sindaopcpb.org.br\/policial\/\" class=\"advgb-post-tax-term\">g1<\/a>"],"unlinked":["<span class=\"advgb-post-tax-term\">g1<\/span>"]}},"comment_count":"0","relative_dates":{"created":"Publicado 2 anos atr\u00e1s","modified":"Atualizado 2 anos atr\u00e1s"},"absolute_dates":{"created":"Publicado em 4 de abril de 2024","modified":"Atualizado em 4 de abril de 2024"},"absolute_dates_time":{"created":"Publicado em 4 de abril de 2024 14:15","modified":"Atualizado em 4 de abril de 2024 14:15"},"featured_img_caption":"","series_order":"","_links":{"self":[{"href":"https:\/\/sindaopcpb.org.br\/index.php\/wp-json\/wp\/v2\/posts\/46223","targetHints":{"allow":["GET"]}}],"collection":[{"href":"https:\/\/sindaopcpb.org.br\/index.php\/wp-json\/wp\/v2\/posts"}],"about":[{"href":"https:\/\/sindaopcpb.org.br\/index.php\/wp-json\/wp\/v2\/types\/post"}],"author":[{"embeddable":true,"href":"https:\/\/sindaopcpb.org.br\/index.php\/wp-json\/wp\/v2\/users\/123457"}],"replies":[{"embeddable":true,"href":"https:\/\/sindaopcpb.org.br\/index.php\/wp-json\/wp\/v2\/comments?post=46223"}],"version-history":[{"count":1,"href":"https:\/\/sindaopcpb.org.br\/index.php\/wp-json\/wp\/v2\/posts\/46223\/revisions"}],"predecessor-version":[{"id":46224,"href":"https:\/\/sindaopcpb.org.br\/index.php\/wp-json\/wp\/v2\/posts\/46223\/revisions\/46224"}],"wp:attachment":[{"href":"https:\/\/sindaopcpb.org.br\/index.php\/wp-json\/wp\/v2\/media?parent=46223"}],"wp:term":[{"taxonomy":"category","embeddable":true,"href":"https:\/\/sindaopcpb.org.br\/index.php\/wp-json\/wp\/v2\/categories?post=46223"},{"taxonomy":"post_tag","embeddable":true,"href":"https:\/\/sindaopcpb.org.br\/index.php\/wp-json\/wp\/v2\/tags?post=46223"}],"curies":[{"name":"wp","href":"https:\/\/api.w.org\/{rel}","templated":true}]}}