{"id":46218,"date":"2024-04-04T16:45:10","date_gmt":"2024-04-04T19:45:10","guid":{"rendered":"https:\/\/www.pbagora.com.br\/?p=820896"},"modified":"2024-04-04T16:45:10","modified_gmt":"2024-04-04T19:45:10","slug":"motorista-da-prefeitura-de-teixeira-morre-apos-sofrer-descarta-eletrica-enquanto-consertava-poco","status":"publish","type":"post","link":"https:\/\/sindaopcpb.org.br\/index.php\/2024\/04\/04\/motorista-da-prefeitura-de-teixeira-morre-apos-sofrer-descarta-eletrica-enquanto-consertava-poco\/","title":{"rendered":"Motorista da Prefeitura de Teixeira morre ap\u00f3s sofrer descarta el\u00e9trica enquanto consertava po\u00e7o"},"content":{"rendered":"<p><img width=\"876\" height=\"585\" src=\"https:\/\/pbagora.s3.amazonaws.com\/2022\/10\/31123608\/ambulancia_samu_jose_americo_joao_pessoa_paraiba.jpg\" class=\"attachment-large size-large wp-post-image\" alt=\"\" style=\"margin-bottom: 20px;\" decoding=\"async\" srcset=\"https:\/\/pbagora.s3.amazonaws.com\/2022\/10\/31123608\/ambulancia_samu_jose_americo_joao_pessoa_paraiba.jpg 876w, https:\/\/pbagora.s3.amazonaws.com\/2022\/10\/31123608\/ambulancia_samu_jose_americo_joao_pessoa_paraiba-300x200.jpg 300w, https:\/\/pbagora.s3.amazonaws.com\/2022\/10\/31123608\/ambulancia_samu_jose_americo_joao_pessoa_paraiba-150x100.jpg 150w, https:\/\/pbagora.s3.amazonaws.com\/2022\/10\/31123608\/ambulancia_samu_jose_americo_joao_pessoa_paraiba-768x513.jpg 768w, https:\/\/pbagora.s3.amazonaws.com\/2022\/10\/31123608\/ambulancia_samu_jose_americo_joao_pessoa_paraiba-380x254.jpg 380w, https:\/\/pbagora.s3.amazonaws.com\/2022\/10\/31123608\/ambulancia_samu_jose_americo_joao_pessoa_paraiba-800x534.jpg 800w, https:\/\/pbagora.s3.amazonaws.com\/2022\/10\/31123608\/ambulancia_samu_jose_americo_joao_pessoa_paraiba-80x53.jpg 80w, https:\/\/pbagora.s3.amazonaws.com\/2022\/10\/31123608\/ambulancia_samu_jose_americo_joao_pessoa_paraiba-760x508.jpg 760w, https:\/\/pbagora.s3.amazonaws.com\/2022\/10\/31123608\/ambulancia_samu_jose_americo_joao_pessoa_paraiba-600x401.jpg 600w\" sizes=\"(max-width: 876px) 100vw, 876px\" \/><\/p><p>O motorista da prefeitura de Teixeira, Aldo Batista, morreu na tarde desta quinta-feira (04) p\u00f3s sofrer uma descarga el\u00e9trica enquanto realizava trabalhos em um po\u00e7o em sua pr\u00f3pria resid\u00eancia.<\/p>\n<p>Equipes do Servi\u00e7o M\u00f3vel de Atendimento M\u00e9dico (Samu) foram acionadas, mas ao chegarem, constataram o \u00f3bito.<\/p>\n<p>A not\u00edcia da morte de Aldo Batista, que tamb\u00e9m era irm\u00e3o do pastor Urbano, reverberou profundamente entre os habitantes do munic\u00edpio, gerando como\u00e7\u00e3o e tristeza generalizada.<\/p>\n<p>A C\u00e2mara Municipal de Teixeira emitiu um comunicado oficial lamentando a perda do servidor p\u00fablico e informando o cancelamento da sess\u00e3o prevista para esta quinta-feira, em sinal de respeito e solidariedade \u00e0 fam\u00edlia enlutada.<\/p>\n<p>&nbsp;<\/p>\n<p><em><strong>Reda\u00e7\u00e3o<\/strong><\/em><\/p>\n","protected":false},"excerpt":{"rendered":"<p><img loading=\"lazy\" decoding=\"async\" width=\"876\" height=\"585\" src=\"https:\/\/pbagora.s3.amazonaws.com\/2022\/10\/31123608\/ambulancia_samu_jose_americo_joao_pessoa_paraiba.jpg\" class=\"attachment-large size-large wp-post-image\" alt=\"\"><\/p>\n<p>O motorista da prefeitura de Teixeira, Aldo Batista, morreu na tarde desta quinta-feira (04) p\u00f3s sofrer uma descarga\u2026<\/p>\n","protected":false},"author":123457,"featured_media":0,"comment_status":"closed","ping_status":"closed","sticky":false,"template":"","format":"standard","meta":{"advgb_blocks_editor_width":"","advgb_blocks_columns_visual_guide":"","footnotes":""},"categories":[10823,34,66],"tags":[35],"class_list":["post-46218","post","type-post","status-publish","format-standard","hentry","category-destaque-centro-01","category-g1","category-policial","tag-g1"],"author_meta":{"display_name":"Reda\u00e7\u00e3o","author_link":"https:\/\/sindaopcpb.org.br\/author\/redacao\/"},"featured_img":null,"coauthors":[],"tax_additional":{"categories":{"linked":["<a href=\"https:\/\/sindaopcpb.org.br\/destaque-centro-01\/\" class=\"advgb-post-tax-term\">Destaque Centro 01<\/a>","<a href=\"https:\/\/sindaopcpb.org.br\/g1\/\" class=\"advgb-post-tax-term\">G1<\/a>","<a href=\"https:\/\/sindaopcpb.org.br\/policial\/\" class=\"advgb-post-tax-term\">Policial<\/a>"],"unlinked":["<span class=\"advgb-post-tax-term\">Destaque Centro 01<\/span>","<span class=\"advgb-post-tax-term\">G1<\/span>","<span class=\"advgb-post-tax-term\">Policial<\/span>"]},"tags":{"linked":["<a href=\"https:\/\/sindaopcpb.org.br\/policial\/\" class=\"advgb-post-tax-term\">g1<\/a>"],"unlinked":["<span class=\"advgb-post-tax-term\">g1<\/span>"]}},"comment_count":"0","relative_dates":{"created":"Publicado 2 anos atr\u00e1s","modified":"Atualizado 2 anos atr\u00e1s"},"absolute_dates":{"created":"Publicado em 4 de abril de 2024","modified":"Atualizado em 4 de abril de 2024"},"absolute_dates_time":{"created":"Publicado em 4 de abril de 2024 16:45","modified":"Atualizado em 4 de abril de 2024 16:45"},"featured_img_caption":"","series_order":"","_links":{"self":[{"href":"https:\/\/sindaopcpb.org.br\/index.php\/wp-json\/wp\/v2\/posts\/46218","targetHints":{"allow":["GET"]}}],"collection":[{"href":"https:\/\/sindaopcpb.org.br\/index.php\/wp-json\/wp\/v2\/posts"}],"about":[{"href":"https:\/\/sindaopcpb.org.br\/index.php\/wp-json\/wp\/v2\/types\/post"}],"author":[{"embeddable":true,"href":"https:\/\/sindaopcpb.org.br\/index.php\/wp-json\/wp\/v2\/users\/123457"}],"replies":[{"embeddable":true,"href":"https:\/\/sindaopcpb.org.br\/index.php\/wp-json\/wp\/v2\/comments?post=46218"}],"version-history":[{"count":3,"href":"https:\/\/sindaopcpb.org.br\/index.php\/wp-json\/wp\/v2\/posts\/46218\/revisions"}],"predecessor-version":[{"id":46234,"href":"https:\/\/sindaopcpb.org.br\/index.php\/wp-json\/wp\/v2\/posts\/46218\/revisions\/46234"}],"wp:attachment":[{"href":"https:\/\/sindaopcpb.org.br\/index.php\/wp-json\/wp\/v2\/media?parent=46218"}],"wp:term":[{"taxonomy":"category","embeddable":true,"href":"https:\/\/sindaopcpb.org.br\/index.php\/wp-json\/wp\/v2\/categories?post=46218"},{"taxonomy":"post_tag","embeddable":true,"href":"https:\/\/sindaopcpb.org.br\/index.php\/wp-json\/wp\/v2\/tags?post=46218"}],"curies":[{"name":"wp","href":"https:\/\/api.w.org\/{rel}","templated":true}]}}