{"id":46205,"date":"2024-04-04T11:14:06","date_gmt":"2024-04-04T14:14:06","guid":{"rendered":"https:\/\/www.pbagora.com.br\/?p=820691"},"modified":"2024-04-04T14:25:06","modified_gmt":"2024-04-04T17:25:06","slug":"bandidos-armados-invadem-casa-do-prefeito-de-gurinhem-exigem-pix-e-roubam-objetos-e-moto","status":"publish","type":"post","link":"https:\/\/sindaopcpb.org.br\/index.php\/2024\/04\/04\/bandidos-armados-invadem-casa-do-prefeito-de-gurinhem-exigem-pix-e-roubam-objetos-e-moto\/","title":{"rendered":"Bandidos armados invadem casa do prefeito de Gurinh\u00e9m, exigem pix e roubam objetos e moto"},"content":{"rendered":"<p><img width=\"720\" height=\"459\" src=\"https:\/\/pbagora.s3.amazonaws.com\/2024\/04\/04111357\/tarcisio-saulo-prefeito-de-gurinhem-pb.jpg\" class=\"attachment-large size-large wp-post-image\" alt=\"\" style=\"margin-bottom: 20px;\" decoding=\"async\" srcset=\"https:\/\/pbagora.s3.amazonaws.com\/2024\/04\/04111357\/tarcisio-saulo-prefeito-de-gurinhem-pb.jpg 720w, https:\/\/pbagora.s3.amazonaws.com\/2024\/04\/04111357\/tarcisio-saulo-prefeito-de-gurinhem-pb-300x191.jpg 300w, https:\/\/pbagora.s3.amazonaws.com\/2024\/04\/04111357\/tarcisio-saulo-prefeito-de-gurinhem-pb-150x96.jpg 150w, https:\/\/pbagora.s3.amazonaws.com\/2024\/04\/04111357\/tarcisio-saulo-prefeito-de-gurinhem-pb-380x242.jpg 380w, https:\/\/pbagora.s3.amazonaws.com\/2024\/04\/04111357\/tarcisio-saulo-prefeito-de-gurinhem-pb-80x50.jpg 80w, https:\/\/pbagora.s3.amazonaws.com\/2024\/04\/04111357\/tarcisio-saulo-prefeito-de-gurinhem-pb-600x383.jpg 600w\" sizes=\"(max-width: 720px) 100vw, 720px\" \/><\/p><p>O prefeito Tarc\u00edsio Paiva, da cidade de Gurinh\u00e9m, viveu momentos de terror quando bandidos armados invadiram sua casa na manh\u00e3 desta squinta-feira (04), na cidade de Santa Rita. Em relato \u00e0 imprensa, Paiva descreveu o ocorrido como um epis\u00f3dio de grande viol\u00eancia e constrangimento para ele e sua fam\u00edlia.<\/p>\n<p>Segundo o relato do prefeito, tr\u00eas homens armados invadiram sua resid\u00eancia por volta das nove horas da manh\u00e3. A entrada dos criminosos foi facilitada pelo port\u00e3o aberto, ap\u00f3s uma pessoa sair da casa.<\/p>\n<p>&#8220;Quando eu cheguei na porta ali e vi uma pessoa entrando, n\u00e9? A\u00ed ele j\u00e1 foi com a arma a\u00ed em cima de mim&#8221;, disse o prefeito.<\/p>\n<p>Os invasores exigiram dinheiro e chegaram a amea\u00e7ar de morte o prefeito e seus familiares.<\/p>\n<p>&#8220;Dif\u00edcil demais, estar na sua casa, 9 horas da manh\u00e3, encontrar uma invas\u00e3o com v\u00e1rias pessoas dentro da sua casa, amea\u00e7ando&#8221;, lamentou Paiva.<\/p>\n<p>O prefeito afirmou que n\u00e3o tinha dinheiro em casa, mas os criminosos insistiram em exigir pagamentos via PIX.<\/p>\n<p>&#8220;Cheguei a fazer. O saldo que eu tinha na minha conta de 3 mil reais&#8221;, acrescentou.<\/p>\n<p>Al\u00e9m do dinheiro, os assaltantes levaram outros pertences, como notebook e celular. Uma motocicleta pertencente a uma amiga da fam\u00edlia que estava na resid\u00eancia tamb\u00e9m foi roubada.<\/p>\n<p>A Pol\u00edcia Civil j\u00e1 esteve no local, e o prefeito registrou um boletim de ocorr\u00eancia.<\/p>\n<p>&#8220;Estou aguardando as provid\u00eancias&#8221;, afirmou Paiva.<\/p>\n<p><strong>PB Agora<\/strong><\/p>\n","protected":false},"excerpt":{"rendered":"<p><img loading=\"lazy\" decoding=\"async\" width=\"720\" height=\"459\" src=\"https:\/\/pbagora.s3.amazonaws.com\/2024\/04\/04111357\/tarcisio-saulo-prefeito-de-gurinhem-pb.jpg\" class=\"attachment-large size-large wp-post-image\" alt=\"\"><\/p>\n<p>O prefeito Tarc\u00edsio Paiva, da cidade de Gurinh\u00e9m, viveu momentos de terror quando bandidos armados invadiram sua casa\u2026<\/p>\n","protected":false},"author":123457,"featured_media":0,"comment_status":"closed","ping_status":"closed","sticky":false,"template":"","format":"standard","meta":{"advgb_blocks_editor_width":"","advgb_blocks_columns_visual_guide":"","footnotes":""},"categories":[34,66,10827],"tags":[35],"class_list":["post-46205","post","type-post","status-publish","format-standard","hentry","category-g1","category-policial","category-rodape-02","tag-g1"],"author_meta":{"display_name":"Reda\u00e7\u00e3o","author_link":"https:\/\/sindaopcpb.org.br\/author\/redacao\/"},"featured_img":null,"coauthors":[],"tax_additional":{"categories":{"linked":["<a href=\"https:\/\/sindaopcpb.org.br\/g1\/\" class=\"advgb-post-tax-term\">G1<\/a>","<a href=\"https:\/\/sindaopcpb.org.br\/policial\/\" class=\"advgb-post-tax-term\">Policial<\/a>","<a href=\"https:\/\/sindaopcpb.org.br\/rodape-02\/\" class=\"advgb-post-tax-term\">Rodape 02<\/a>"],"unlinked":["<span class=\"advgb-post-tax-term\">G1<\/span>","<span class=\"advgb-post-tax-term\">Policial<\/span>","<span class=\"advgb-post-tax-term\">Rodape 02<\/span>"]},"tags":{"linked":["<a href=\"https:\/\/sindaopcpb.org.br\/rodape-02\/\" class=\"advgb-post-tax-term\">g1<\/a>"],"unlinked":["<span class=\"advgb-post-tax-term\">g1<\/span>"]}},"comment_count":"0","relative_dates":{"created":"Publicado 2 anos atr\u00e1s","modified":"Atualizado 2 anos atr\u00e1s"},"absolute_dates":{"created":"Publicado em 4 de abril de 2024","modified":"Atualizado em 4 de abril de 2024"},"absolute_dates_time":{"created":"Publicado em 4 de abril de 2024 11:14","modified":"Atualizado em 4 de abril de 2024 14:25"},"featured_img_caption":"","series_order":"","_links":{"self":[{"href":"https:\/\/sindaopcpb.org.br\/index.php\/wp-json\/wp\/v2\/posts\/46205","targetHints":{"allow":["GET"]}}],"collection":[{"href":"https:\/\/sindaopcpb.org.br\/index.php\/wp-json\/wp\/v2\/posts"}],"about":[{"href":"https:\/\/sindaopcpb.org.br\/index.php\/wp-json\/wp\/v2\/types\/post"}],"author":[{"embeddable":true,"href":"https:\/\/sindaopcpb.org.br\/index.php\/wp-json\/wp\/v2\/users\/123457"}],"replies":[{"embeddable":true,"href":"https:\/\/sindaopcpb.org.br\/index.php\/wp-json\/wp\/v2\/comments?post=46205"}],"version-history":[{"count":3,"href":"https:\/\/sindaopcpb.org.br\/index.php\/wp-json\/wp\/v2\/posts\/46205\/revisions"}],"predecessor-version":[{"id":46214,"href":"https:\/\/sindaopcpb.org.br\/index.php\/wp-json\/wp\/v2\/posts\/46205\/revisions\/46214"}],"wp:attachment":[{"href":"https:\/\/sindaopcpb.org.br\/index.php\/wp-json\/wp\/v2\/media?parent=46205"}],"wp:term":[{"taxonomy":"category","embeddable":true,"href":"https:\/\/sindaopcpb.org.br\/index.php\/wp-json\/wp\/v2\/categories?post=46205"},{"taxonomy":"post_tag","embeddable":true,"href":"https:\/\/sindaopcpb.org.br\/index.php\/wp-json\/wp\/v2\/tags?post=46205"}],"curies":[{"name":"wp","href":"https:\/\/api.w.org\/{rel}","templated":true}]}}