{"id":46193,"date":"2024-04-04T09:24:46","date_gmt":"2024-04-04T12:24:46","guid":{"rendered":"https:\/\/www.pbagora.com.br\/?p=820668"},"modified":"2024-04-04T12:24:46","modified_gmt":"2024-04-04T15:24:46","slug":"stf-determina-encerramento-de-caso-de-furto-de-espatula-de-r-20-ocorrido-em-sousa","status":"publish","type":"post","link":"https:\/\/sindaopcpb.org.br\/index.php\/2024\/04\/04\/stf-determina-encerramento-de-caso-de-furto-de-espatula-de-r-20-ocorrido-em-sousa\/","title":{"rendered":"STF determina encerramento de caso de furto de esp\u00e1tula de R$ 20, ocorrido em Sousa"},"content":{"rendered":"<p><img width=\"1024\" height=\"613\" src=\"https:\/\/pbagora.s3.amazonaws.com\/2024\/03\/06075559\/STF-1024x613.webp\" class=\"attachment-large size-large wp-post-image\" alt=\"\" style=\"margin-bottom: 20px;\" decoding=\"async\" loading=\"lazy\" srcset=\"https:\/\/pbagora.s3.amazonaws.com\/2024\/03\/06075559\/STF-1024x613.webp 1024w, https:\/\/pbagora.s3.amazonaws.com\/2024\/03\/06075559\/STF-300x179.webp 300w, https:\/\/pbagora.s3.amazonaws.com\/2024\/03\/06075559\/STF-150x90.webp 150w, https:\/\/pbagora.s3.amazonaws.com\/2024\/03\/06075559\/STF-768x459.webp 768w, https:\/\/pbagora.s3.amazonaws.com\/2024\/03\/06075559\/STF-380x227.webp 380w, https:\/\/pbagora.s3.amazonaws.com\/2024\/03\/06075559\/STF-800x479.webp 800w, https:\/\/pbagora.s3.amazonaws.com\/2024\/03\/06075559\/STF-1160x694.webp 1160w, https:\/\/pbagora.s3.amazonaws.com\/2024\/03\/06075559\/STF-80x48.webp 80w, https:\/\/pbagora.s3.amazonaws.com\/2024\/03\/06075559\/STF-760x455.webp 760w, https:\/\/pbagora.s3.amazonaws.com\/2024\/03\/06075559\/STF-600x359.webp 600w, https:\/\/pbagora.s3.amazonaws.com\/2024\/03\/06075559\/STF.webp 1170w\" sizes=\"(max-width: 1024px) 100vw, 1024px\" \/><\/p><p>O ministro Nunes Marques, do Supremo Tribunal Federal (STF), encerrou um caso ocorrido em Sousa, no Sert\u00e3o da Para\u00edba, em fevereiro deste ano. O pedido de habeas corpus da defesa de Joana Amancio de Sousa referente ao furto de uma esp\u00e1tula de R$ 20 foi julgado pela Corte.<\/p>\n<p>A mulher foi presa em flagrante em 26 de fevereiro por violar o artigo 155 do C\u00f3digo Penal Brasileiro, ao roubar uma esp\u00e1tula de uma loja localizada na Rua Coronel Jos\u00e9 Vicente, em Sousa. Ap\u00f3s ter sido julgada e condenada pelo Superior Tribunal de Justi\u00e7a (STJ), o STF se tornou a \u00faltima inst\u00e2ncia a analisar o caso.<\/p>\n<p>Na sua decis\u00e3o, o ministro Nunes Marques considerou o pedido da defesa de trancamento da a\u00e7\u00e3o penal por meio de habeas corpus. Contudo, em sua an\u00e1lise, o relator do caso determinou n\u00e3o a resposta em liberdade, mas sim o encerramento do inqu\u00e9rito policial e da a\u00e7\u00e3o penal.<\/p>\n<p>Nunes Marques destacou que o valor do objeto furtado \u00e9 &#8220;irrelevante&#8221;, especialmente quando o produto foi devolvido ao estabelecimento posteriormente. Al\u00e9m disso, o ministro ressaltou que a acusada \u00e9 r\u00e9 prim\u00e1ria e que n\u00e3o houve viol\u00eancia durante o furto. Por fim, ele lembrou de casos anteriores no STF envolvendo furtos considerados &#8220;insignificantes&#8221;, como o roubo de uma bicicleta e de cinco livros de uma universidade.<\/p>\n<p><strong>PB Agora<\/strong><\/p>\n","protected":false},"excerpt":{"rendered":"<p><img decoding=\"async\" width=\"1024\" height=\"613\" src=\"https:\/\/pbagora.s3.amazonaws.com\/2024\/03\/06075559\/STF-1024x613.webp\" class=\"attachment-large size-large wp-post-image\" alt=\"\" loading=\"lazy\"><\/p>\n<p>O ministro Nunes Marques, do Supremo Tribunal Federal (STF), encerrou um caso ocorrido em Sousa, no Sert\u00e3o da\u2026<\/p>\n","protected":false},"author":123457,"featured_media":0,"comment_status":"closed","ping_status":"closed","sticky":false,"template":"","format":"standard","meta":{"advgb_blocks_editor_width":"","advgb_blocks_columns_visual_guide":"","footnotes":""},"categories":[34,66,10827],"tags":[35],"class_list":["post-46193","post","type-post","status-publish","format-standard","hentry","category-g1","category-policial","category-rodape-02","tag-g1"],"author_meta":{"display_name":"Reda\u00e7\u00e3o","author_link":"https:\/\/sindaopcpb.org.br\/author\/redacao\/"},"featured_img":null,"coauthors":[],"tax_additional":{"categories":{"linked":["<a href=\"https:\/\/sindaopcpb.org.br\/g1\/\" class=\"advgb-post-tax-term\">G1<\/a>","<a href=\"https:\/\/sindaopcpb.org.br\/policial\/\" class=\"advgb-post-tax-term\">Policial<\/a>","<a href=\"https:\/\/sindaopcpb.org.br\/rodape-02\/\" class=\"advgb-post-tax-term\">Rodape 02<\/a>"],"unlinked":["<span class=\"advgb-post-tax-term\">G1<\/span>","<span class=\"advgb-post-tax-term\">Policial<\/span>","<span class=\"advgb-post-tax-term\">Rodape 02<\/span>"]},"tags":{"linked":["<a href=\"https:\/\/sindaopcpb.org.br\/rodape-02\/\" class=\"advgb-post-tax-term\">g1<\/a>"],"unlinked":["<span class=\"advgb-post-tax-term\">g1<\/span>"]}},"comment_count":"0","relative_dates":{"created":"Publicado 2 anos atr\u00e1s","modified":"Atualizado 2 anos atr\u00e1s"},"absolute_dates":{"created":"Publicado em 4 de abril de 2024","modified":"Atualizado em 4 de abril de 2024"},"absolute_dates_time":{"created":"Publicado em 4 de abril de 2024 09:24","modified":"Atualizado em 4 de abril de 2024 12:24"},"featured_img_caption":"","series_order":"","_links":{"self":[{"href":"https:\/\/sindaopcpb.org.br\/index.php\/wp-json\/wp\/v2\/posts\/46193","targetHints":{"allow":["GET"]}}],"collection":[{"href":"https:\/\/sindaopcpb.org.br\/index.php\/wp-json\/wp\/v2\/posts"}],"about":[{"href":"https:\/\/sindaopcpb.org.br\/index.php\/wp-json\/wp\/v2\/types\/post"}],"author":[{"embeddable":true,"href":"https:\/\/sindaopcpb.org.br\/index.php\/wp-json\/wp\/v2\/users\/123457"}],"replies":[{"embeddable":true,"href":"https:\/\/sindaopcpb.org.br\/index.php\/wp-json\/wp\/v2\/comments?post=46193"}],"version-history":[{"count":3,"href":"https:\/\/sindaopcpb.org.br\/index.php\/wp-json\/wp\/v2\/posts\/46193\/revisions"}],"predecessor-version":[{"id":46211,"href":"https:\/\/sindaopcpb.org.br\/index.php\/wp-json\/wp\/v2\/posts\/46193\/revisions\/46211"}],"wp:attachment":[{"href":"https:\/\/sindaopcpb.org.br\/index.php\/wp-json\/wp\/v2\/media?parent=46193"}],"wp:term":[{"taxonomy":"category","embeddable":true,"href":"https:\/\/sindaopcpb.org.br\/index.php\/wp-json\/wp\/v2\/categories?post=46193"},{"taxonomy":"post_tag","embeddable":true,"href":"https:\/\/sindaopcpb.org.br\/index.php\/wp-json\/wp\/v2\/tags?post=46193"}],"curies":[{"name":"wp","href":"https:\/\/api.w.org\/{rel}","templated":true}]}}