{"id":46184,"date":"2024-04-03T19:45:49","date_gmt":"2024-04-03T22:45:49","guid":{"rendered":"https:\/\/www.pbagora.com.br\/?p=820562"},"modified":"2024-04-03T19:45:49","modified_gmt":"2024-04-03T22:45:49","slug":"paraibano-entra-na-mira-do-mpf-por-distribuicao-de-pornografia-infantil","status":"publish","type":"post","link":"https:\/\/sindaopcpb.org.br\/index.php\/2024\/04\/03\/paraibano-entra-na-mira-do-mpf-por-distribuicao-de-pornografia-infantil\/","title":{"rendered":"Paraibano entra na mira do MPF por distribui\u00e7\u00e3o de pornografia infantil"},"content":{"rendered":"<p><img width=\"428\" height=\"273\" src=\"https:\/\/pbagora.s3.amazonaws.com\/2024\/04\/03152337\/Captura-de-tela-2024-04-03-152326.png\" class=\"attachment-large size-large wp-post-image\" alt=\"\" style=\"margin-bottom: 20px;\" decoding=\"async\" srcset=\"https:\/\/pbagora.s3.amazonaws.com\/2024\/04\/03152337\/Captura-de-tela-2024-04-03-152326.png 428w, https:\/\/pbagora.s3.amazonaws.com\/2024\/04\/03152337\/Captura-de-tela-2024-04-03-152326-300x191.png 300w, https:\/\/pbagora.s3.amazonaws.com\/2024\/04\/03152337\/Captura-de-tela-2024-04-03-152326-150x96.png 150w, https:\/\/pbagora.s3.amazonaws.com\/2024\/04\/03152337\/Captura-de-tela-2024-04-03-152326-380x242.png 380w, https:\/\/pbagora.s3.amazonaws.com\/2024\/04\/03152337\/Captura-de-tela-2024-04-03-152326-80x50.png 80w\" sizes=\"(max-width: 428px) 100vw, 428px\" \/><\/p><p>O Minist\u00e9rio P\u00fablico Federal (MPF) denunciou \u00e0 Justi\u00e7a um homem de 25 anos, residente em Santa Luzia (PB), sob acusa\u00e7\u00e3o de armazenamento e dissemina\u00e7\u00e3o de material de pornografia infantil atrav\u00e9s das redes sociais X (anteriormente conhecido como Twitter) e Instagram. De acordo com a den\u00fancia do MPF, os crimes, previstos nos artigos 241-A e 241-B do Estatuto da Crian\u00e7a e do Adolescente (ECA), foram cometidos em mais de 14 ocasi\u00f5es, entre 16 de fevereiro de 2022 e 1\u00ba de outubro de 2023.<\/p>\n<p>A den\u00fancia resulta de uma investiga\u00e7\u00e3o da Pol\u00edcia Federal, que teve in\u00edcio a partir de informa\u00e7\u00f5es fornecidas pelo National Center for Missing and Exploited Children (NCMEC) \u2013 uma organiza\u00e7\u00e3o n\u00e3o governamental que recebe dados sobre crimes relacionados ao abuso sexual infantil em plataformas online, como Facebook, Instagram, Google, entre outras.<\/p>\n<p>A investiga\u00e7\u00e3o da Pol\u00edcia Federal, baseada nos relat\u00f3rios fornecidos pelo NCMEC, identificou 14 incidentes envolvendo condutas criminosas praticadas pelo denunciado atrav\u00e9s do Instagram e do X durante os anos de 2022 e 2023. Foram detectadas pelo menos dez contas em ambas as redes sociais, uma vez que o acusado frequentemente criava novos perfis ap\u00f3s a suspens\u00e3o das contas anteriores devido a irregularidades. Em algumas dessas contas, ele chegou a usar seu pr\u00f3prio nome e sobrenome como identifica\u00e7\u00e3o p\u00fablica.<\/p>\n<p>Segundo o MPF, o acusado interagia com outros usu\u00e1rios, inclusive estrangeiros, para trocar fotos e v\u00eddeos contendo cenas de sexo expl\u00edcito e material pornogr\u00e1fico envolvendo crian\u00e7as e adolescentes. Em algumas dessas intera\u00e7\u00f5es, ele se passava por uma crian\u00e7a de 9, 11 ou 14 anos, afirmando que os usu\u00e1rios eram mais receptivos quando acreditavam que ele era menor de idade.<\/p>\n<p>Durante as investiga\u00e7\u00f5es, foi constatado que os n\u00fameros de telefone utilizados para a cria\u00e7\u00e3o das contas pertenciam ao denunciado e a seus pais. Al\u00e9m disso, atrav\u00e9s do georreferenciamento dos endere\u00e7os de IP associados \u00e0s redes sociais, foi poss\u00edvel identificar a localiza\u00e7\u00e3o aproximada da resid\u00eancia do acusado, o que levou \u00e0 execu\u00e7\u00e3o de um mandado de busca e apreens\u00e3o pela Pol\u00edcia Federal.<\/p>\n<p>Durante a opera\u00e7\u00e3o, foram apreendidos um notebook e um celular, nos quais foram encontrados 36 v\u00eddeos e 38 imagens de pornografia infantil. Em seu interrogat\u00f3rio, o acusado admitiu o armazenamento do material e alegou que costumava apag\u00e1-lo posteriormente por se sentir culpado.<\/p>\n<p>As penas para os crimes atribu\u00eddos ao acusado variam de um a seis anos de pris\u00e3o, al\u00e9m de multa. A den\u00fancia ser\u00e1 avaliada pela 14\u00aa Vara Federal da Se\u00e7\u00e3o Judici\u00e1ria da Para\u00edba.<\/p>\n<p>&nbsp;<\/p>\n<p>&nbsp;<\/p>\n","protected":false},"excerpt":{"rendered":"<p><img loading=\"lazy\" decoding=\"async\" width=\"428\" height=\"273\" src=\"https:\/\/pbagora.s3.amazonaws.com\/2024\/04\/03152337\/Captura-de-tela-2024-04-03-152326.png\" class=\"attachment-large size-large wp-post-image\" alt=\"\"><\/p>\n<p>O Minist\u00e9rio P\u00fablico Federal (MPF) denunciou \u00e0 Justi\u00e7a um homem de 25 anos, residente em Santa Luzia (PB),\u2026<\/p>\n","protected":false},"author":123457,"featured_media":0,"comment_status":"closed","ping_status":"closed","sticky":false,"template":"","format":"standard","meta":{"advgb_blocks_editor_width":"","advgb_blocks_columns_visual_guide":"","footnotes":""},"categories":[10823,34,66],"tags":[35],"class_list":["post-46184","post","type-post","status-publish","format-standard","hentry","category-destaque-centro-01","category-g1","category-policial","tag-g1"],"author_meta":{"display_name":"Reda\u00e7\u00e3o","author_link":"https:\/\/sindaopcpb.org.br\/author\/redacao\/"},"featured_img":null,"coauthors":[],"tax_additional":{"categories":{"linked":["<a href=\"https:\/\/sindaopcpb.org.br\/destaque-centro-01\/\" class=\"advgb-post-tax-term\">Destaque Centro 01<\/a>","<a href=\"https:\/\/sindaopcpb.org.br\/g1\/\" class=\"advgb-post-tax-term\">G1<\/a>","<a href=\"https:\/\/sindaopcpb.org.br\/policial\/\" class=\"advgb-post-tax-term\">Policial<\/a>"],"unlinked":["<span class=\"advgb-post-tax-term\">Destaque Centro 01<\/span>","<span class=\"advgb-post-tax-term\">G1<\/span>","<span class=\"advgb-post-tax-term\">Policial<\/span>"]},"tags":{"linked":["<a href=\"https:\/\/sindaopcpb.org.br\/policial\/\" class=\"advgb-post-tax-term\">g1<\/a>"],"unlinked":["<span class=\"advgb-post-tax-term\">g1<\/span>"]}},"comment_count":"0","relative_dates":{"created":"Publicado 2 anos atr\u00e1s","modified":"Atualizado 2 anos atr\u00e1s"},"absolute_dates":{"created":"Publicado em 3 de abril de 2024","modified":"Atualizado em 3 de abril de 2024"},"absolute_dates_time":{"created":"Publicado em 3 de abril de 2024 19:45","modified":"Atualizado em 3 de abril de 2024 19:45"},"featured_img_caption":"","series_order":"","_links":{"self":[{"href":"https:\/\/sindaopcpb.org.br\/index.php\/wp-json\/wp\/v2\/posts\/46184","targetHints":{"allow":["GET"]}}],"collection":[{"href":"https:\/\/sindaopcpb.org.br\/index.php\/wp-json\/wp\/v2\/posts"}],"about":[{"href":"https:\/\/sindaopcpb.org.br\/index.php\/wp-json\/wp\/v2\/types\/post"}],"author":[{"embeddable":true,"href":"https:\/\/sindaopcpb.org.br\/index.php\/wp-json\/wp\/v2\/users\/123457"}],"replies":[{"embeddable":true,"href":"https:\/\/sindaopcpb.org.br\/index.php\/wp-json\/wp\/v2\/comments?post=46184"}],"version-history":[{"count":3,"href":"https:\/\/sindaopcpb.org.br\/index.php\/wp-json\/wp\/v2\/posts\/46184\/revisions"}],"predecessor-version":[{"id":46198,"href":"https:\/\/sindaopcpb.org.br\/index.php\/wp-json\/wp\/v2\/posts\/46184\/revisions\/46198"}],"wp:attachment":[{"href":"https:\/\/sindaopcpb.org.br\/index.php\/wp-json\/wp\/v2\/media?parent=46184"}],"wp:term":[{"taxonomy":"category","embeddable":true,"href":"https:\/\/sindaopcpb.org.br\/index.php\/wp-json\/wp\/v2\/categories?post=46184"},{"taxonomy":"post_tag","embeddable":true,"href":"https:\/\/sindaopcpb.org.br\/index.php\/wp-json\/wp\/v2\/tags?post=46184"}],"curies":[{"name":"wp","href":"https:\/\/api.w.org\/{rel}","templated":true}]}}