{"id":46168,"date":"2024-04-03T11:18:07","date_gmt":"2024-04-03T14:18:07","guid":{"rendered":"https:\/\/www.pbagora.com.br\/?p=820407"},"modified":"2024-04-03T11:18:07","modified_gmt":"2024-04-03T14:18:07","slug":"suspeito-de-alta-peroculosidade-fugitivo-de-presidio-da-pb-e-preso-em-clinica-de-estetica-de-sp","status":"publish","type":"post","link":"https:\/\/sindaopcpb.org.br\/index.php\/2024\/04\/03\/suspeito-de-alta-peroculosidade-fugitivo-de-presidio-da-pb-e-preso-em-clinica-de-estetica-de-sp\/","title":{"rendered":"Suspeito de alta peroculosidade, fugitivo de pres\u00eddio da PB \u00e9 preso em cl\u00ednica de est\u00e9tica de SP"},"content":{"rendered":"<p><img width=\"768\" height=\"432\" src=\"https:\/\/pbagora.s3.amazonaws.com\/2024\/04\/03110557\/Cara-quadrada-768x432-1.png\" class=\"attachment-large size-large wp-post-image\" alt=\"\" style=\"margin-bottom: 20px;\" decoding=\"async\" loading=\"lazy\" srcset=\"https:\/\/pbagora.s3.amazonaws.com\/2024\/04\/03110557\/Cara-quadrada-768x432-1.png 768w, https:\/\/pbagora.s3.amazonaws.com\/2024\/04\/03110557\/Cara-quadrada-768x432-1-300x169.png 300w, https:\/\/pbagora.s3.amazonaws.com\/2024\/04\/03110557\/Cara-quadrada-768x432-1-150x84.png 150w, https:\/\/pbagora.s3.amazonaws.com\/2024\/04\/03110557\/Cara-quadrada-768x432-1-380x214.png 380w, https:\/\/pbagora.s3.amazonaws.com\/2024\/04\/03110557\/Cara-quadrada-768x432-1-80x46.png 80w, https:\/\/pbagora.s3.amazonaws.com\/2024\/04\/03110557\/Cara-quadrada-768x432-1-760x428.png 760w, https:\/\/pbagora.s3.amazonaws.com\/2024\/04\/03110557\/Cara-quadrada-768x432-1-600x338.png 600w\" sizes=\"(max-width: 768px) 100vw, 768px\" \/><\/p><p>Nessa ter\u00e7a-feira (02), a Pol\u00edcia Civil efetuou a pris\u00e3o de um homem considerado de alta periculosidade em Itaquaquecetuba, regi\u00e3o metropolitana de S\u00e3o Paulo.<\/p>\n<p>De acordo com as informa\u00e7\u00f5es, o homem, conhecido pelo apelido de &#8216;Cara Quadrada&#8217;, fazia parte de uma organiza\u00e7\u00e3o criminosa especializada em roubos de carga, considerada uma das mais violentas do Brasil. Ele havia fugido de um pres\u00eddio na Para\u00edba em 2018.<\/p>\n<p>Eduardo Miranda, o verdadeiro nome por tr\u00e1s de &#8216;Cara Quadrada&#8217;, foi detido enquanto se dirigia para uma consulta de acompanhamento em uma cl\u00ednica de est\u00e9tica, onde havia realizado uma cirurgia facial. As autoridades suspeitam que ele estivesse tentando alterar sua apar\u00eancia para recome\u00e7ar a vida sob uma nova identidade e fugir ilegalmente do pa\u00eds.<\/p>\n<p>&#8216;Cara Quadrada&#8217; dever\u00e1 ser encaminhado \u00e0 Justi\u00e7a da Para\u00edba.<\/p>\n<p><strong>PB Agora<\/strong><\/p>\n","protected":false},"excerpt":{"rendered":"<p><img loading=\"lazy\" decoding=\"async\" width=\"768\" height=\"432\" src=\"https:\/\/pbagora.s3.amazonaws.com\/2024\/04\/03110557\/Cara-quadrada-768x432-1.png\" class=\"attachment-large size-large wp-post-image\" alt=\"\"><\/p>\n<p>Nessa ter\u00e7a-feira (02), a Pol\u00edcia Civil efetuou a pris\u00e3o de um homem considerado de alta periculosidade em Itaquaquecetuba,\u2026<\/p>\n","protected":false},"author":123457,"featured_media":0,"comment_status":"closed","ping_status":"closed","sticky":false,"template":"","format":"standard","meta":{"advgb_blocks_editor_width":"","advgb_blocks_columns_visual_guide":"","footnotes":""},"categories":[34,66,10824],"tags":[35],"class_list":["post-46168","post","type-post","status-publish","format-standard","hentry","category-g1","category-policial","category-principal3","tag-g1"],"author_meta":{"display_name":"Reda\u00e7\u00e3o","author_link":"https:\/\/sindaopcpb.org.br\/author\/redacao\/"},"featured_img":null,"coauthors":[],"tax_additional":{"categories":{"linked":["<a href=\"https:\/\/sindaopcpb.org.br\/g1\/\" class=\"advgb-post-tax-term\">G1<\/a>","<a href=\"https:\/\/sindaopcpb.org.br\/policial\/\" class=\"advgb-post-tax-term\">Policial<\/a>","<a href=\"https:\/\/sindaopcpb.org.br\/principal3\/\" class=\"advgb-post-tax-term\">Principal3<\/a>"],"unlinked":["<span class=\"advgb-post-tax-term\">G1<\/span>","<span class=\"advgb-post-tax-term\">Policial<\/span>","<span class=\"advgb-post-tax-term\">Principal3<\/span>"]},"tags":{"linked":["<a href=\"https:\/\/sindaopcpb.org.br\/principal3\/\" class=\"advgb-post-tax-term\">g1<\/a>"],"unlinked":["<span class=\"advgb-post-tax-term\">g1<\/span>"]}},"comment_count":"0","relative_dates":{"created":"Publicado 2 anos atr\u00e1s","modified":"Atualizado 2 anos atr\u00e1s"},"absolute_dates":{"created":"Publicado em 3 de abril de 2024","modified":"Atualizado em 3 de abril de 2024"},"absolute_dates_time":{"created":"Publicado em 3 de abril de 2024 11:18","modified":"Atualizado em 3 de abril de 2024 11:18"},"featured_img_caption":"","series_order":"","_links":{"self":[{"href":"https:\/\/sindaopcpb.org.br\/index.php\/wp-json\/wp\/v2\/posts\/46168","targetHints":{"allow":["GET"]}}],"collection":[{"href":"https:\/\/sindaopcpb.org.br\/index.php\/wp-json\/wp\/v2\/posts"}],"about":[{"href":"https:\/\/sindaopcpb.org.br\/index.php\/wp-json\/wp\/v2\/types\/post"}],"author":[{"embeddable":true,"href":"https:\/\/sindaopcpb.org.br\/index.php\/wp-json\/wp\/v2\/users\/123457"}],"replies":[{"embeddable":true,"href":"https:\/\/sindaopcpb.org.br\/index.php\/wp-json\/wp\/v2\/comments?post=46168"}],"version-history":[{"count":2,"href":"https:\/\/sindaopcpb.org.br\/index.php\/wp-json\/wp\/v2\/posts\/46168\/revisions"}],"predecessor-version":[{"id":46176,"href":"https:\/\/sindaopcpb.org.br\/index.php\/wp-json\/wp\/v2\/posts\/46168\/revisions\/46176"}],"wp:attachment":[{"href":"https:\/\/sindaopcpb.org.br\/index.php\/wp-json\/wp\/v2\/media?parent=46168"}],"wp:term":[{"taxonomy":"category","embeddable":true,"href":"https:\/\/sindaopcpb.org.br\/index.php\/wp-json\/wp\/v2\/categories?post=46168"},{"taxonomy":"post_tag","embeddable":true,"href":"https:\/\/sindaopcpb.org.br\/index.php\/wp-json\/wp\/v2\/tags?post=46168"}],"curies":[{"name":"wp","href":"https:\/\/api.w.org\/{rel}","templated":true}]}}