{"id":46148,"date":"2024-04-02T18:00:48","date_gmt":"2024-04-02T21:00:48","guid":{"rendered":"https:\/\/www.pbagora.com.br\/?p=820193"},"modified":"2024-04-02T18:00:48","modified_gmt":"2024-04-02T21:00:48","slug":"operacao-atria-seguranca-da-paraiba-realiza-29-dias-de-acoes-contra-violencia-de-genero","status":"publish","type":"post","link":"https:\/\/sindaopcpb.org.br\/index.php\/2024\/04\/02\/operacao-atria-seguranca-da-paraiba-realiza-29-dias-de-acoes-contra-violencia-de-genero\/","title":{"rendered":"Opera\u00e7\u00e3o \u00c1tria: Seguran\u00e7a da Para\u00edba realiza 29 dias de a\u00e7\u00f5es contra viol\u00eancia de g\u00eanero"},"content":{"rendered":"<p><img width=\"414\" height=\"289\" src=\"https:\/\/pbagora.s3.amazonaws.com\/2024\/04\/02144057\/Captura-de-tela-2024-04-02-144031.png\" class=\"attachment-large size-large wp-post-image\" alt=\"\" style=\"margin-bottom: 20px;\" decoding=\"async\" loading=\"lazy\" srcset=\"https:\/\/pbagora.s3.amazonaws.com\/2024\/04\/02144057\/Captura-de-tela-2024-04-02-144031.png 414w, https:\/\/pbagora.s3.amazonaws.com\/2024\/04\/02144057\/Captura-de-tela-2024-04-02-144031-300x209.png 300w, https:\/\/pbagora.s3.amazonaws.com\/2024\/04\/02144057\/Captura-de-tela-2024-04-02-144031-150x105.png 150w, https:\/\/pbagora.s3.amazonaws.com\/2024\/04\/02144057\/Captura-de-tela-2024-04-02-144031-380x265.png 380w, https:\/\/pbagora.s3.amazonaws.com\/2024\/04\/02144057\/Captura-de-tela-2024-04-02-144031-80x56.png 80w\" sizes=\"(max-width: 414px) 100vw, 414px\" \/><\/p><p>A Para\u00edba participou, durante todo o m\u00eas de mar\u00e7o (1 a 29), de uma opera\u00e7\u00e3o nacional de grande envergadura, executada pela Secretaria da Seguran\u00e7a e da Defesa Social (Sesds), por meio de seus \u00f3rg\u00e3os operativos (Pol\u00edcia Militar e Pol\u00edcia Civil). A Opera\u00e7\u00e3o \u00c1tria, criada e coordenada pelo Minist\u00e9rio da Justi\u00e7a e Seguran\u00e7a P\u00fablica (MJSP), teve como objetivo combater a viol\u00eancia de g\u00eanero em todo o pa\u00eds e e no Estado resultou em 113 pris\u00f5es, sendo que 102 delas em flagrante, al\u00e9m de apreens\u00f5es de nove armas de fogo, oito armas brancas e 147 muni\u00e7\u00f5es. Tamb\u00e9m foram realizados 2.067 procedimentos policiais e 6.541 dilig\u00eancias.<\/p>\n<p>A abrang\u00eancia da opera\u00e7\u00e3o cobriu todo o territ\u00f3rio paraibano, realizando a\u00e7\u00f5es pontuais em diversas cidades estrategicamente selecionadas, como Cajazeiras, Campina Grande, Esperan\u00e7a, Guarabira, Bayeux e Jo\u00e3o Pessoa. O foco foi a busca de suspeitos de feminic\u00eddio, amea\u00e7a, les\u00e3o corporal, estupro, importuna\u00e7\u00e3o, persegui\u00e7\u00e3o (stalking), descumprimento de medidas protetivas, entre outros crimes.<\/p>\n<p>Al\u00e9m das pris\u00f5es e apreens\u00f5es realizadas no m\u00eas de mar\u00e7o durante a Opera\u00e7\u00e3o \u00c1tria na Para\u00edba, destaca-se tamb\u00e9m o trabalho do Instituto de Pol\u00edcia Cient\u00edfica (IPC), que realizou 242 exames periciais. Um total de 1.314 v\u00edtimas foi atendido e sete v\u00edtimas foram resgatadas, demonstrando o compromisso das for\u00e7as de seguran\u00e7a em proteger e oferecer suporte \u00e0s pessoas afetadas pelo crime. Tamb\u00e9m foram registrados 746 boletins de ocorr\u00eancia, 581 medidas protetivas de urg\u00eancia foram solicitadas, 551 inqu\u00e9ritos policiais foram abertos e 170 conclu\u00eddos com autoria e materialidade, evidenciando o trabalho das equipes de investiga\u00e7\u00e3o da Pol\u00edcia Civil.<\/p>\n<p>Foco em a\u00e7\u00f5es educativas &#8211; Com um efetivo de 176 policiais e 34 viaturas em a\u00e7\u00e3o, a Opera\u00e7\u00e3o \u00c1tria tamb\u00e9m se destacou pela realiza\u00e7\u00e3o de 14 a\u00e7\u00f5es educativas, nove a\u00e7\u00f5es de panfletagem, 11 palestras e a abrang\u00eancia que alcan\u00e7ou 2.350 pessoas atrav\u00e9s de panfletagens, 1.110 pessoas por meio de palestras e 5.523 pessoas atrav\u00e9s das a\u00e7\u00f5es em m\u00eddia digital. Essas iniciativas n\u00e3o apenas fortaleceram o trabalho preventivo das for\u00e7as de seguran\u00e7a, mas tamb\u00e9m promoveram a conscientiza\u00e7\u00e3o e o engajamento da comunidade na constru\u00e7\u00e3o de um ambiente mais seguro e harmonioso.<\/p>\n<p>A capit\u00e3 PM Gabriela J\u00e1come, da Patrulha Integrada Maria da Penha, destacou a import\u00e2ncia dessas a\u00e7\u00f5es integradas: \u201cOs dados mais interessantes que vejo para pontuar \u00e9 que foram alcan\u00e7adas mais de tr\u00eas mil pessoas com as a\u00e7\u00f5es educativas desenvolvidas do Litoral ao Sert\u00e3o, de forma integrada pelas for\u00e7as de seguran\u00e7a do Estado, sob coordena\u00e7\u00e3o da Secretaria da Seguran\u00e7a e da Defesa Social, com parceria da Secretaria de Estado da Mulher e Diversidade Humana, atrav\u00e9s da coordena\u00e7\u00e3o do Programa Integrado Patrulha Maria da Penha\u201d, frisou.<\/p>\n<p>Ainda segundo a capit\u00e3, a efetividade das a\u00e7\u00f5es educativas foi acompanhada de um sucesso na preven\u00e7\u00e3o da viol\u00eancia contra mulheres. \u201cEm rela\u00e7\u00e3o ao trabalho da Patrulha Maria da Penha, mesmo com a intensifica\u00e7\u00e3o das a\u00e7\u00f5es educativas, conseguimos manter nosso acompanhamento, monitorando e interven\u00e7\u00f5es, n\u00e3o tendo nenhuma usu\u00e1ria do Programa passado por qualquer tipo mais gravoso de viol\u00eancia, como tentativa de feminic\u00eddio ou feminic\u00eddio\u201d, revelou.<\/p>\n<p>Al\u00e9m do apoio estadual, a opera\u00e7\u00e3o contou com a colabora\u00e7\u00e3o de \u00f3rg\u00e3os municipais, ampliando ainda mais o alcance e a efetividade das a\u00e7\u00f5es de seguran\u00e7a p\u00fablica. \u201cA Opera\u00e7\u00e3o \u00c1tria n\u00e3o se limitou a um per\u00edodo espec\u00edfico, mas sim estabeleceu um padr\u00e3o de atua\u00e7\u00e3o e integra\u00e7\u00e3o que j\u00e1 \u00e9 uma pr\u00e1tica nossa mesmo antes dessa opera\u00e7\u00e3o. Na Para\u00edba, o compromisso \u00e9 constante, atrav\u00e9s das 18 Delegacias da Mulher atuando de forma integrada com a Patrulha Maria da Penha e com a Secretaria de Estado da Mulher e da Diversidade Humana, na busca por uma sociedade mais segura e justa. Atrav\u00e9s do trabalho conjunto e da implementa\u00e7\u00e3o de estrat\u00e9gias preventivas e repressivas, avan\u00e7amos no combate \u00e0 criminalidade e \u00e0 viol\u00eancia de g\u00eanero e na promo\u00e7\u00e3o da paz em toda a Para\u00edba. Investigar e proteger \u00e9 o nosso lema\u201d, afirmou a delegada Maria Sileide de Azevedo, coordenadora das Delegacias Especializadas de Atendimento \u00e0 Mulher na Para\u00edba.<\/p>\n","protected":false},"excerpt":{"rendered":"<p><img decoding=\"async\" width=\"414\" height=\"289\" src=\"https:\/\/pbagora.s3.amazonaws.com\/2024\/04\/02144057\/Captura-de-tela-2024-04-02-144031.png\" class=\"attachment-large size-large wp-post-image\" alt=\"\" loading=\"lazy\"><\/p>\n<p>A Para\u00edba participou, durante todo o m\u00eas de mar\u00e7o (1 a 29), de uma opera\u00e7\u00e3o nacional de grande\u2026<\/p>\n","protected":false},"author":123457,"featured_media":0,"comment_status":"closed","ping_status":"closed","sticky":false,"template":"","format":"standard","meta":{"advgb_blocks_editor_width":"","advgb_blocks_columns_visual_guide":"","footnotes":""},"categories":[10826,34,66],"tags":[35],"class_list":["post-46148","post","type-post","status-publish","format-standard","hentry","category-destaque-centro-02","category-g1","category-policial","tag-g1"],"author_meta":{"display_name":"Reda\u00e7\u00e3o","author_link":"https:\/\/sindaopcpb.org.br\/author\/redacao\/"},"featured_img":null,"coauthors":[],"tax_additional":{"categories":{"linked":["<a href=\"https:\/\/sindaopcpb.org.br\/destaque-centro-02\/\" class=\"advgb-post-tax-term\">Destaque Centro 02<\/a>","<a href=\"https:\/\/sindaopcpb.org.br\/g1\/\" class=\"advgb-post-tax-term\">G1<\/a>","<a href=\"https:\/\/sindaopcpb.org.br\/policial\/\" class=\"advgb-post-tax-term\">Policial<\/a>"],"unlinked":["<span class=\"advgb-post-tax-term\">Destaque Centro 02<\/span>","<span class=\"advgb-post-tax-term\">G1<\/span>","<span class=\"advgb-post-tax-term\">Policial<\/span>"]},"tags":{"linked":["<a href=\"https:\/\/sindaopcpb.org.br\/policial\/\" class=\"advgb-post-tax-term\">g1<\/a>"],"unlinked":["<span class=\"advgb-post-tax-term\">g1<\/span>"]}},"comment_count":"0","relative_dates":{"created":"Publicado 2 anos atr\u00e1s","modified":"Atualizado 2 anos atr\u00e1s"},"absolute_dates":{"created":"Publicado em 2 de abril de 2024","modified":"Atualizado em 2 de abril de 2024"},"absolute_dates_time":{"created":"Publicado em 2 de abril de 2024 18:00","modified":"Atualizado em 2 de abril de 2024 18:00"},"featured_img_caption":"","series_order":"","_links":{"self":[{"href":"https:\/\/sindaopcpb.org.br\/index.php\/wp-json\/wp\/v2\/posts\/46148","targetHints":{"allow":["GET"]}}],"collection":[{"href":"https:\/\/sindaopcpb.org.br\/index.php\/wp-json\/wp\/v2\/posts"}],"about":[{"href":"https:\/\/sindaopcpb.org.br\/index.php\/wp-json\/wp\/v2\/types\/post"}],"author":[{"embeddable":true,"href":"https:\/\/sindaopcpb.org.br\/index.php\/wp-json\/wp\/v2\/users\/123457"}],"replies":[{"embeddable":true,"href":"https:\/\/sindaopcpb.org.br\/index.php\/wp-json\/wp\/v2\/comments?post=46148"}],"version-history":[{"count":1,"href":"https:\/\/sindaopcpb.org.br\/index.php\/wp-json\/wp\/v2\/posts\/46148\/revisions"}],"predecessor-version":[{"id":46149,"href":"https:\/\/sindaopcpb.org.br\/index.php\/wp-json\/wp\/v2\/posts\/46148\/revisions\/46149"}],"wp:attachment":[{"href":"https:\/\/sindaopcpb.org.br\/index.php\/wp-json\/wp\/v2\/media?parent=46148"}],"wp:term":[{"taxonomy":"category","embeddable":true,"href":"https:\/\/sindaopcpb.org.br\/index.php\/wp-json\/wp\/v2\/categories?post=46148"},{"taxonomy":"post_tag","embeddable":true,"href":"https:\/\/sindaopcpb.org.br\/index.php\/wp-json\/wp\/v2\/tags?post=46148"}],"curies":[{"name":"wp","href":"https:\/\/api.w.org\/{rel}","templated":true}]}}