{"id":46138,"date":"2024-04-02T15:57:38","date_gmt":"2024-04-02T18:57:38","guid":{"rendered":"https:\/\/www.pbagora.com.br\/?p=820214"},"modified":"2024-04-02T15:57:38","modified_gmt":"2024-04-02T18:57:38","slug":"policia-da-bahia-prende-policial-penal-da-paraiba-por-suspeita-de-furto","status":"publish","type":"post","link":"https:\/\/sindaopcpb.org.br\/index.php\/2024\/04\/02\/policia-da-bahia-prende-policial-penal-da-paraiba-por-suspeita-de-furto\/","title":{"rendered":"Pol\u00edcia da Bahia prende policial penal da Para\u00edba por suspeita de furto"},"content":{"rendered":"<p><img width=\"886\" height=\"664\" src=\"https:\/\/pbagora.s3.amazonaws.com\/20190902132140\/algemado.png\" class=\"attachment-large size-large wp-post-image\" alt=\"\" style=\"margin-bottom: 20px;\" decoding=\"async\" srcset=\"https:\/\/pbagora.s3.amazonaws.com\/20190902132140\/algemado.png 886w, https:\/\/pbagora.s3.amazonaws.com\/20190902132140\/algemado-300x225.png 300w, https:\/\/pbagora.s3.amazonaws.com\/20190902132140\/algemado-150x112.png 150w, https:\/\/pbagora.s3.amazonaws.com\/20190902132140\/algemado-768x576.png 768w, https:\/\/pbagora.s3.amazonaws.com\/20190902132140\/algemado-800x600.png 800w, https:\/\/pbagora.s3.amazonaws.com\/20190902132140\/algemado-80x60.png 80w, https:\/\/pbagora.s3.amazonaws.com\/20190902132140\/algemado-600x450.png 600w\" sizes=\"(max-width: 886px) 100vw, 886px\" \/><\/p><p>No \u00faltimo final de semana, um policial penal da Para\u00edba foi preso na Bahia por suspeita de furto. O crime teria ocorrido em uma farm\u00e1cia, na cidade de Juazeiro, que faz divisa com o estado de Pernambuco.<\/p>\n<p>De acordo com autoridades da Seguran\u00e7a do Estado baiano, o policial paraibano teria tentado furtar v\u00e1rios objetos. Toda a a\u00e7\u00e3o teria sido registrada por c\u00e2meras de monitoramento do circuito interno da farm\u00e1cia.<\/p>\n<p>Com base nas imagens, a pol\u00edcia baiana pode ver tamb\u00e9m que o servidor p\u00fablico paraibano n\u00e3o estava agindo sozinho. Uma mulher tamb\u00e9m estaria furtando objetos. Ela tamb\u00e9m detida.<\/p>\n<p>Os policiais afirmar que gra\u00e7as ao v\u00eddeo foi poss\u00edvel ver o casal recolhendo os objetos do estabelecimento e os inserindo na bolsa da mulher.<\/p>\n<p>Na Para\u00edba, a Secretaria de Administra\u00e7\u00e3o Penitenci\u00e1ria aguarda envio de documentos oriundos da Pol\u00edcia Civil da Bahia para que seja instaurado procedimento administrativo contra o servidor.<\/p>\n<p>A audi\u00eancia de cust\u00f3dia do casal foi agendada para esta ter\u00e7a-feira (2).<\/p>\n<p>&nbsp;<\/p>\n<p><em><strong>PB Agora<\/strong><\/em><\/p>\n","protected":false},"excerpt":{"rendered":"<p><img loading=\"lazy\" decoding=\"async\" width=\"886\" height=\"664\" src=\"https:\/\/pbagora.s3.amazonaws.com\/20190902132140\/algemado.png\" class=\"attachment-large size-large wp-post-image\" alt=\"\"><\/p>\n<p>No \u00faltimo final de semana, um policial penal da Para\u00edba foi preso na Bahia por suspeita de furto.\u2026<\/p>\n","protected":false},"author":123457,"featured_media":0,"comment_status":"closed","ping_status":"closed","sticky":false,"template":"","format":"standard","meta":{"advgb_blocks_editor_width":"","advgb_blocks_columns_visual_guide":"","footnotes":""},"categories":[10826,34,66],"tags":[35],"class_list":["post-46138","post","type-post","status-publish","format-standard","hentry","category-destaque-centro-02","category-g1","category-policial","tag-g1"],"author_meta":{"display_name":"Reda\u00e7\u00e3o","author_link":"https:\/\/sindaopcpb.org.br\/author\/redacao\/"},"featured_img":null,"coauthors":[],"tax_additional":{"categories":{"linked":["<a href=\"https:\/\/sindaopcpb.org.br\/destaque-centro-02\/\" class=\"advgb-post-tax-term\">Destaque Centro 02<\/a>","<a href=\"https:\/\/sindaopcpb.org.br\/g1\/\" class=\"advgb-post-tax-term\">G1<\/a>","<a href=\"https:\/\/sindaopcpb.org.br\/policial\/\" class=\"advgb-post-tax-term\">Policial<\/a>"],"unlinked":["<span class=\"advgb-post-tax-term\">Destaque Centro 02<\/span>","<span class=\"advgb-post-tax-term\">G1<\/span>","<span class=\"advgb-post-tax-term\">Policial<\/span>"]},"tags":{"linked":["<a href=\"https:\/\/sindaopcpb.org.br\/policial\/\" class=\"advgb-post-tax-term\">g1<\/a>"],"unlinked":["<span class=\"advgb-post-tax-term\">g1<\/span>"]}},"comment_count":"0","relative_dates":{"created":"Publicado 2 anos atr\u00e1s","modified":"Atualizado 2 anos atr\u00e1s"},"absolute_dates":{"created":"Publicado em 2 de abril de 2024","modified":"Atualizado em 2 de abril de 2024"},"absolute_dates_time":{"created":"Publicado em 2 de abril de 2024 15:57","modified":"Atualizado em 2 de abril de 2024 15:57"},"featured_img_caption":"","series_order":"","_links":{"self":[{"href":"https:\/\/sindaopcpb.org.br\/index.php\/wp-json\/wp\/v2\/posts\/46138","targetHints":{"allow":["GET"]}}],"collection":[{"href":"https:\/\/sindaopcpb.org.br\/index.php\/wp-json\/wp\/v2\/posts"}],"about":[{"href":"https:\/\/sindaopcpb.org.br\/index.php\/wp-json\/wp\/v2\/types\/post"}],"author":[{"embeddable":true,"href":"https:\/\/sindaopcpb.org.br\/index.php\/wp-json\/wp\/v2\/users\/123457"}],"replies":[{"embeddable":true,"href":"https:\/\/sindaopcpb.org.br\/index.php\/wp-json\/wp\/v2\/comments?post=46138"}],"version-history":[{"count":2,"href":"https:\/\/sindaopcpb.org.br\/index.php\/wp-json\/wp\/v2\/posts\/46138\/revisions"}],"predecessor-version":[{"id":46150,"href":"https:\/\/sindaopcpb.org.br\/index.php\/wp-json\/wp\/v2\/posts\/46138\/revisions\/46150"}],"wp:attachment":[{"href":"https:\/\/sindaopcpb.org.br\/index.php\/wp-json\/wp\/v2\/media?parent=46138"}],"wp:term":[{"taxonomy":"category","embeddable":true,"href":"https:\/\/sindaopcpb.org.br\/index.php\/wp-json\/wp\/v2\/categories?post=46138"},{"taxonomy":"post_tag","embeddable":true,"href":"https:\/\/sindaopcpb.org.br\/index.php\/wp-json\/wp\/v2\/tags?post=46138"}],"curies":[{"name":"wp","href":"https:\/\/api.w.org\/{rel}","templated":true}]}}