{"id":46130,"date":"2024-04-02T12:19:28","date_gmt":"2024-04-02T15:19:28","guid":{"rendered":"https:\/\/www.pbagora.com.br\/?p=820098"},"modified":"2024-04-02T12:19:28","modified_gmt":"2024-04-02T15:19:28","slug":"policia-civil-da-pb-e-do-rj-prendem-em-nova-iguacu-homem-condenado-por-homicidio-em-cg","status":"publish","type":"post","link":"https:\/\/sindaopcpb.org.br\/index.php\/2024\/04\/02\/policia-civil-da-pb-e-do-rj-prendem-em-nova-iguacu-homem-condenado-por-homicidio-em-cg\/","title":{"rendered":"Pol\u00edcia Civil da PB e do RJ prendem em Nova Igua\u00e7u homem condenado por homic\u00eddio em CG"},"content":{"rendered":"<p><img width=\"1024\" height=\"567\" src=\"https:\/\/pbagora.s3.amazonaws.com\/2024\/04\/02120349\/1_sswq-16629749-1024x567.webp\" class=\"attachment-large size-large wp-post-image\" alt=\"\" style=\"margin-bottom: 20px;\" decoding=\"async\" srcset=\"https:\/\/pbagora.s3.amazonaws.com\/2024\/04\/02120349\/1_sswq-16629749-1024x567.webp 1024w, https:\/\/pbagora.s3.amazonaws.com\/2024\/04\/02120349\/1_sswq-16629749-300x166.webp 300w, https:\/\/pbagora.s3.amazonaws.com\/2024\/04\/02120349\/1_sswq-16629749-150x83.webp 150w, https:\/\/pbagora.s3.amazonaws.com\/2024\/04\/02120349\/1_sswq-16629749-768x425.webp 768w, https:\/\/pbagora.s3.amazonaws.com\/2024\/04\/02120349\/1_sswq-16629749-380x210.webp 380w, https:\/\/pbagora.s3.amazonaws.com\/2024\/04\/02120349\/1_sswq-16629749-800x443.webp 800w, https:\/\/pbagora.s3.amazonaws.com\/2024\/04\/02120349\/1_sswq-16629749-80x44.webp 80w, https:\/\/pbagora.s3.amazonaws.com\/2024\/04\/02120349\/1_sswq-16629749-760x421.webp 760w, https:\/\/pbagora.s3.amazonaws.com\/2024\/04\/02120349\/1_sswq-16629749-600x332.webp 600w, https:\/\/pbagora.s3.amazonaws.com\/2024\/04\/02120349\/1_sswq-16629749.webp 1140w\" sizes=\"(max-width: 1024px) 100vw, 1024px\" \/><\/p><p>A Pol\u00edcia Civil da Para\u00edba, em uma opera\u00e7\u00e3o conjunta com a 21\u00aa Delegacia de Bom Sucesso da Pol\u00edcia Civil carioca, efetuou a pris\u00e3o de um homem condenado por homic\u00eddio ocorrido h\u00e1 25 anos em Campina Grande. A captura ocorreu em Nova Igua\u00e7u, no Rio de Janeiro.<\/p>\n<p>O acusado, de 48 anos, \u00e9 suspeito de ter assassinado a tiros Jo\u00e3o Pereira da Silva em 18 de julho de 1999, na Rua S\u00e3o Benedito, bairro Jeremias, em Campina Grande. Segundo as investiga\u00e7\u00f5es, o crime teria sido motivado por vingan\u00e7a, decorrente de um desentendimento anterior entre a v\u00edtima e o suspeito.<\/p>\n<p>Desde ent\u00e3o, o suspeito estava foragido, havendo um mandado de pris\u00e3o preventiva expedido pelo ju\u00edzo da 2\u00aa Vara do Tribunal do J\u00fari de Campina Grande contra ele.<\/p>\n<p>Ap\u00f3s a troca de informa\u00e7\u00f5es entre as pol\u00edcias, o suspeito foi localizado na cidade de Nova Igua\u00e7u, onde residia h\u00e1 anos, sendo preso dentro de sua resid\u00eancia.<\/p>\n<p>O acusado ser\u00e1 encaminhado \u00e0 audi\u00eancia de cust\u00f3dia no estado do Rio de Janeiro e posteriormente dever\u00e1 ser transferido para a Para\u00edba nas pr\u00f3ximas semanas.<\/p>\n<p><em><strong>PB Agora<\/strong><\/em><\/p>\n","protected":false},"excerpt":{"rendered":"<p><img loading=\"lazy\" decoding=\"async\" width=\"1024\" height=\"567\" src=\"https:\/\/pbagora.s3.amazonaws.com\/2024\/04\/02120349\/1_sswq-16629749-1024x567.webp\" class=\"attachment-large size-large wp-post-image\" alt=\"\"><\/p>\n<p>A Pol\u00edcia Civil da Para\u00edba, em uma opera\u00e7\u00e3o conjunta com a 21\u00aa Delegacia de Bom Sucesso da Pol\u00edcia\u2026<\/p>\n","protected":false},"author":123457,"featured_media":0,"comment_status":"closed","ping_status":"closed","sticky":false,"template":"","format":"standard","meta":{"advgb_blocks_editor_width":"","advgb_blocks_columns_visual_guide":"","footnotes":""},"categories":[34,66,10824],"tags":[35],"class_list":["post-46130","post","type-post","status-publish","format-standard","hentry","category-g1","category-policial","category-principal3","tag-g1"],"author_meta":{"display_name":"Reda\u00e7\u00e3o","author_link":"https:\/\/sindaopcpb.org.br\/author\/redacao\/"},"featured_img":null,"coauthors":[],"tax_additional":{"categories":{"linked":["<a href=\"https:\/\/sindaopcpb.org.br\/g1\/\" class=\"advgb-post-tax-term\">G1<\/a>","<a href=\"https:\/\/sindaopcpb.org.br\/policial\/\" class=\"advgb-post-tax-term\">Policial<\/a>","<a href=\"https:\/\/sindaopcpb.org.br\/principal3\/\" class=\"advgb-post-tax-term\">Principal3<\/a>"],"unlinked":["<span class=\"advgb-post-tax-term\">G1<\/span>","<span class=\"advgb-post-tax-term\">Policial<\/span>","<span class=\"advgb-post-tax-term\">Principal3<\/span>"]},"tags":{"linked":["<a href=\"https:\/\/sindaopcpb.org.br\/principal3\/\" class=\"advgb-post-tax-term\">g1<\/a>"],"unlinked":["<span class=\"advgb-post-tax-term\">g1<\/span>"]}},"comment_count":"0","relative_dates":{"created":"Publicado 2 anos atr\u00e1s","modified":"Atualizado 2 anos atr\u00e1s"},"absolute_dates":{"created":"Publicado em 2 de abril de 2024","modified":"Atualizado em 2 de abril de 2024"},"absolute_dates_time":{"created":"Publicado em 2 de abril de 2024 12:19","modified":"Atualizado em 2 de abril de 2024 12:19"},"featured_img_caption":"","series_order":"","_links":{"self":[{"href":"https:\/\/sindaopcpb.org.br\/index.php\/wp-json\/wp\/v2\/posts\/46130","targetHints":{"allow":["GET"]}}],"collection":[{"href":"https:\/\/sindaopcpb.org.br\/index.php\/wp-json\/wp\/v2\/posts"}],"about":[{"href":"https:\/\/sindaopcpb.org.br\/index.php\/wp-json\/wp\/v2\/types\/post"}],"author":[{"embeddable":true,"href":"https:\/\/sindaopcpb.org.br\/index.php\/wp-json\/wp\/v2\/users\/123457"}],"replies":[{"embeddable":true,"href":"https:\/\/sindaopcpb.org.br\/index.php\/wp-json\/wp\/v2\/comments?post=46130"}],"version-history":[{"count":2,"href":"https:\/\/sindaopcpb.org.br\/index.php\/wp-json\/wp\/v2\/posts\/46130\/revisions"}],"predecessor-version":[{"id":46137,"href":"https:\/\/sindaopcpb.org.br\/index.php\/wp-json\/wp\/v2\/posts\/46130\/revisions\/46137"}],"wp:attachment":[{"href":"https:\/\/sindaopcpb.org.br\/index.php\/wp-json\/wp\/v2\/media?parent=46130"}],"wp:term":[{"taxonomy":"category","embeddable":true,"href":"https:\/\/sindaopcpb.org.br\/index.php\/wp-json\/wp\/v2\/categories?post=46130"},{"taxonomy":"post_tag","embeddable":true,"href":"https:\/\/sindaopcpb.org.br\/index.php\/wp-json\/wp\/v2\/tags?post=46130"}],"curies":[{"name":"wp","href":"https:\/\/api.w.org\/{rel}","templated":true}]}}