{"id":46124,"date":"2024-04-02T10:45:15","date_gmt":"2024-04-02T13:45:15","guid":{"rendered":"https:\/\/www.pbagora.com.br\/?p=820019"},"modified":"2024-04-02T10:45:15","modified_gmt":"2024-04-02T13:45:15","slug":"cameras-de-seguranca-flagram-suspeitos-de-atirar-contra-carro-de-apresentador-na-av-ruy-carneiro","status":"publish","type":"post","link":"https:\/\/sindaopcpb.org.br\/index.php\/2024\/04\/02\/cameras-de-seguranca-flagram-suspeitos-de-atirar-contra-carro-de-apresentador-na-av-ruy-carneiro\/","title":{"rendered":"C\u00e2meras de seguran\u00e7a flagram suspeitos de atirar contra carro de apresentador na Av. Ruy Carneiro"},"content":{"rendered":"<p><img width=\"418\" height=\"265\" src=\"https:\/\/pbagora.s3.amazonaws.com\/2024\/04\/02100205\/suspeitos-de-atirar-em-apresentador-joao-fernades.png\" class=\"attachment-large size-large wp-post-image\" alt=\"\" style=\"margin-bottom: 20px;\" decoding=\"async\" loading=\"lazy\" srcset=\"https:\/\/pbagora.s3.amazonaws.com\/2024\/04\/02100205\/suspeitos-de-atirar-em-apresentador-joao-fernades.png 418w, https:\/\/pbagora.s3.amazonaws.com\/2024\/04\/02100205\/suspeitos-de-atirar-em-apresentador-joao-fernades-300x190.png 300w, https:\/\/pbagora.s3.amazonaws.com\/2024\/04\/02100205\/suspeitos-de-atirar-em-apresentador-joao-fernades-150x95.png 150w, https:\/\/pbagora.s3.amazonaws.com\/2024\/04\/02100205\/suspeitos-de-atirar-em-apresentador-joao-fernades-380x241.png 380w, https:\/\/pbagora.s3.amazonaws.com\/2024\/04\/02100205\/suspeitos-de-atirar-em-apresentador-joao-fernades-80x50.png 80w\" sizes=\"(max-width: 418px) 100vw, 418px\" \/><\/p><p>Imagens de c\u00e2meras de seguran\u00e7a flagraram os suspeitos envolvidos na tentativa de homic\u00eddio do apresentador de TV Jo\u00e3o Fernandes, durante um assalto ocorrido na madrugada desta ter\u00e7a-feira (02) em Jo\u00e3o Pessoa.<\/p>\n<p>O caso aconteceu na avenida Ruy Carneiro, onde os criminosos tamb\u00e9m atacaram outras v\u00edtimas durante a tentativa de arrast\u00e3o.<\/p>\n<p>As c\u00e2meras de seguran\u00e7a de um condom\u00ednio registraram os suspeitos em fuga por uma rua situada no bairro Brisamar, momentos ap\u00f3s o ataque ao apresentador. As imagens mostram os quatro indiv\u00edduos armados.<\/p>\n<p>A Pol\u00edcia Militar relatou que outros motoristas tamb\u00e9m foram alvos dos criminosos na mesma regi\u00e3o da avenida Ruy Carneiro. As autoridades realizaram dilig\u00eancias na \u00e1rea na tentativa de identificar e capturar os suspeitos.<\/p>\n<p>Segundo o apresentador, tr\u00eas indiv\u00edduos bloquearam seu carro, dois pelo lado direito e um pelo esquerdo, sendo um deles aparentemente menor de idade. Ele relatou que ao tentar fugir, ouviu um disparo que atingiu o vidro traseiro de seu ve\u00edculo.<\/p>\n<p>&#8220;Estou bem, um pouco assustado, mas gra\u00e7as a Deus estou bem&#8221;, disse.<\/p>\n<p><strong>PB Agora<\/strong><\/p>\n","protected":false},"excerpt":{"rendered":"<p><img loading=\"lazy\" decoding=\"async\" width=\"418\" height=\"265\" src=\"https:\/\/pbagora.s3.amazonaws.com\/2024\/04\/02100205\/suspeitos-de-atirar-em-apresentador-joao-fernades.png\" class=\"attachment-large size-large wp-post-image\" alt=\"\"><\/p>\n<p>Imagens de c\u00e2meras de seguran\u00e7a flagraram os suspeitos envolvidos na tentativa de homic\u00eddio do apresentador de TV Jo\u00e3o\u2026<\/p>\n","protected":false},"author":123457,"featured_media":0,"comment_status":"closed","ping_status":"closed","sticky":false,"template":"","format":"standard","meta":{"advgb_blocks_editor_width":"","advgb_blocks_columns_visual_guide":"","footnotes":""},"categories":[34,66,10822],"tags":[35],"class_list":["post-46124","post","type-post","status-publish","format-standard","hentry","category-g1","category-policial","category-principal2","tag-g1"],"author_meta":{"display_name":"Reda\u00e7\u00e3o","author_link":"https:\/\/sindaopcpb.org.br\/author\/redacao\/"},"featured_img":null,"coauthors":[],"tax_additional":{"categories":{"linked":["<a href=\"https:\/\/sindaopcpb.org.br\/g1\/\" class=\"advgb-post-tax-term\">G1<\/a>","<a href=\"https:\/\/sindaopcpb.org.br\/policial\/\" class=\"advgb-post-tax-term\">Policial<\/a>","<a href=\"https:\/\/sindaopcpb.org.br\/principal2\/\" class=\"advgb-post-tax-term\">Principal2<\/a>"],"unlinked":["<span class=\"advgb-post-tax-term\">G1<\/span>","<span class=\"advgb-post-tax-term\">Policial<\/span>","<span class=\"advgb-post-tax-term\">Principal2<\/span>"]},"tags":{"linked":["<a href=\"https:\/\/sindaopcpb.org.br\/principal2\/\" class=\"advgb-post-tax-term\">g1<\/a>"],"unlinked":["<span class=\"advgb-post-tax-term\">g1<\/span>"]}},"comment_count":"0","relative_dates":{"created":"Publicado 2 anos atr\u00e1s","modified":"Atualizado 2 anos atr\u00e1s"},"absolute_dates":{"created":"Publicado em 2 de abril de 2024","modified":"Atualizado em 2 de abril de 2024"},"absolute_dates_time":{"created":"Publicado em 2 de abril de 2024 10:45","modified":"Atualizado em 2 de abril de 2024 10:45"},"featured_img_caption":"","series_order":"","_links":{"self":[{"href":"https:\/\/sindaopcpb.org.br\/index.php\/wp-json\/wp\/v2\/posts\/46124","targetHints":{"allow":["GET"]}}],"collection":[{"href":"https:\/\/sindaopcpb.org.br\/index.php\/wp-json\/wp\/v2\/posts"}],"about":[{"href":"https:\/\/sindaopcpb.org.br\/index.php\/wp-json\/wp\/v2\/types\/post"}],"author":[{"embeddable":true,"href":"https:\/\/sindaopcpb.org.br\/index.php\/wp-json\/wp\/v2\/users\/123457"}],"replies":[{"embeddable":true,"href":"https:\/\/sindaopcpb.org.br\/index.php\/wp-json\/wp\/v2\/comments?post=46124"}],"version-history":[{"count":2,"href":"https:\/\/sindaopcpb.org.br\/index.php\/wp-json\/wp\/v2\/posts\/46124\/revisions"}],"predecessor-version":[{"id":46133,"href":"https:\/\/sindaopcpb.org.br\/index.php\/wp-json\/wp\/v2\/posts\/46124\/revisions\/46133"}],"wp:attachment":[{"href":"https:\/\/sindaopcpb.org.br\/index.php\/wp-json\/wp\/v2\/media?parent=46124"}],"wp:term":[{"taxonomy":"category","embeddable":true,"href":"https:\/\/sindaopcpb.org.br\/index.php\/wp-json\/wp\/v2\/categories?post=46124"},{"taxonomy":"post_tag","embeddable":true,"href":"https:\/\/sindaopcpb.org.br\/index.php\/wp-json\/wp\/v2\/tags?post=46124"}],"curies":[{"name":"wp","href":"https:\/\/api.w.org\/{rel}","templated":true}]}}