{"id":46074,"date":"2024-04-01T09:18:07","date_gmt":"2024-04-01T12:18:07","guid":{"rendered":"https:\/\/www.pbagora.com.br\/?p=819660"},"modified":"2024-04-01T10:30:07","modified_gmt":"2024-04-01T13:30:07","slug":"violencia-feriadao-da-semana-santa-registra-seis-homicidios-na-grande-joao-pessoa","status":"publish","type":"post","link":"https:\/\/sindaopcpb.org.br\/index.php\/2024\/04\/01\/violencia-feriadao-da-semana-santa-registra-seis-homicidios-na-grande-joao-pessoa\/","title":{"rendered":"VIOL\u00caNCIA: feriad\u00e3o da Semana Santa registra seis homic\u00eddios na Grande Jo\u00e3o Pessoa"},"content":{"rendered":"<p><img width=\"696\" height=\"522\" src=\"https:\/\/pbagora.s3.amazonaws.com\/20190621103039\/sirene-696x522.jpg\" class=\"attachment-large size-large wp-post-image\" alt=\"\" style=\"margin-bottom: 20px;\" decoding=\"async\" loading=\"lazy\" \/><\/p><p>Durante o feriad\u00e3o da Semana Santa a regi\u00e3o metropolitana de Jo\u00e3o Pessoa registrou um total de seis homic\u00eddios em diferentes bairros.<\/p>\n<p>Em Lucena, um homem foi detido ap\u00f3s admitir ter assassinado um amigo na quinta-feira (28). Jo\u00e3o Maria, 52 anos, afirmou ter agido em leg\u00edtima defesa, ap\u00f3s sentir-se amea\u00e7ado pelo amigo conhecido como Timbu.<\/p>\n<p>No Altiplano, em Jo\u00e3o Pessoa, ainda n aquinta-feira (28), um homem foi v\u00edtima de disparos fatais dentro do estacionamento de um shopping. Ele era natural do Paran\u00e1, foi abordado pelos agressores enquanto sa\u00eda de seu pr\u00f3prio ve\u00edculo.<\/p>\n<p>Ap\u00f3s o crime, revelou-se que ele possu\u00eda extensa ficha criminal.<\/p>\n<p>Em Santa Rita, na sexta-feira (29), Andrielysson da Silva Souza, de apenas 18 anos, foi morto a tiros pr\u00f3ximo \u00e0 sua resid\u00eancia. Segundo informa\u00e7\u00f5es policiais, a v\u00edtima foi morta por indiv\u00edduos desconhecidos.<\/p>\n<p>Em Mandacaru, tamb\u00e9m na sexta-feira (29), um homem de 53 anos, funcion\u00e1rio da Empresa de Limpeza Urbana de Jo\u00e3o Pessoa (Emlur), foi v\u00edtima de disparos e n\u00e3o resistiu. Informa\u00e7\u00f5es preliminares sugerem que a v\u00edtima se envolveu em uma discuss\u00e3o, resultando em sua morte.<\/p>\n<p>Na Praia do Bessa, no s\u00e1bado (30), Matheus Souza Taveira, de 23 anos, foi assassinado a tiros pr\u00f3ximo \u00e0 Rua Marino de Oliveira Luna. A pol\u00edcia informou que a v\u00edtima tinha registros anteriores por homic\u00eddio, tr\u00e1fico de drogas e roubos.<\/p>\n<p>Em Bayeux, tamb\u00e9m no s\u00e1bado (30), um homem foi alvo de tiros pr\u00f3ximo a um bar. At\u00e9 o momento, nenhum suspeito foi identificado ou detido, e a Pol\u00edcia Civil prossegue com as investiga\u00e7\u00f5es para elucidar os motivos e a autoria dos homic\u00eddios.<\/p>\n<p><strong>PB Agora<\/strong><\/p>\n","protected":false},"excerpt":{"rendered":"<p><img decoding=\"async\" width=\"696\" height=\"522\" src=\"https:\/\/pbagora.s3.amazonaws.com\/20190621103039\/sirene-696x522.jpg\" class=\"attachment-large size-large wp-post-image\" alt=\"\" loading=\"lazy\"><\/p>\n<p>Durante o feriad\u00e3o da Semana Santa a regi\u00e3o metropolitana de Jo\u00e3o Pessoa registrou um total de seis homic\u00eddios\u2026<\/p>\n","protected":false},"author":123457,"featured_media":0,"comment_status":"closed","ping_status":"closed","sticky":false,"template":"","format":"standard","meta":{"advgb_blocks_editor_width":"","advgb_blocks_columns_visual_guide":"","footnotes":""},"categories":[10833,34,66],"tags":[35],"class_list":["post-46074","post","type-post","status-publish","format-standard","hentry","category-destaque-final-01","category-g1","category-policial","tag-g1"],"author_meta":{"display_name":"Reda\u00e7\u00e3o","author_link":"https:\/\/sindaopcpb.org.br\/author\/redacao\/"},"featured_img":null,"coauthors":[],"tax_additional":{"categories":{"linked":["<a href=\"https:\/\/sindaopcpb.org.br\/destaque-final-01\/\" class=\"advgb-post-tax-term\">Destaque Final 01<\/a>","<a href=\"https:\/\/sindaopcpb.org.br\/g1\/\" class=\"advgb-post-tax-term\">G1<\/a>","<a href=\"https:\/\/sindaopcpb.org.br\/policial\/\" class=\"advgb-post-tax-term\">Policial<\/a>"],"unlinked":["<span class=\"advgb-post-tax-term\">Destaque Final 01<\/span>","<span class=\"advgb-post-tax-term\">G1<\/span>","<span class=\"advgb-post-tax-term\">Policial<\/span>"]},"tags":{"linked":["<a href=\"https:\/\/sindaopcpb.org.br\/policial\/\" class=\"advgb-post-tax-term\">g1<\/a>"],"unlinked":["<span class=\"advgb-post-tax-term\">g1<\/span>"]}},"comment_count":"0","relative_dates":{"created":"Publicado 2 anos atr\u00e1s","modified":"Atualizado 2 anos atr\u00e1s"},"absolute_dates":{"created":"Publicado em 1 de abril de 2024","modified":"Atualizado em 1 de abril de 2024"},"absolute_dates_time":{"created":"Publicado em 1 de abril de 2024 09:18","modified":"Atualizado em 1 de abril de 2024 10:30"},"featured_img_caption":"","series_order":"","_links":{"self":[{"href":"https:\/\/sindaopcpb.org.br\/index.php\/wp-json\/wp\/v2\/posts\/46074","targetHints":{"allow":["GET"]}}],"collection":[{"href":"https:\/\/sindaopcpb.org.br\/index.php\/wp-json\/wp\/v2\/posts"}],"about":[{"href":"https:\/\/sindaopcpb.org.br\/index.php\/wp-json\/wp\/v2\/types\/post"}],"author":[{"embeddable":true,"href":"https:\/\/sindaopcpb.org.br\/index.php\/wp-json\/wp\/v2\/users\/123457"}],"replies":[{"embeddable":true,"href":"https:\/\/sindaopcpb.org.br\/index.php\/wp-json\/wp\/v2\/comments?post=46074"}],"version-history":[{"count":2,"href":"https:\/\/sindaopcpb.org.br\/index.php\/wp-json\/wp\/v2\/posts\/46074\/revisions"}],"predecessor-version":[{"id":46087,"href":"https:\/\/sindaopcpb.org.br\/index.php\/wp-json\/wp\/v2\/posts\/46074\/revisions\/46087"}],"wp:attachment":[{"href":"https:\/\/sindaopcpb.org.br\/index.php\/wp-json\/wp\/v2\/media?parent=46074"}],"wp:term":[{"taxonomy":"category","embeddable":true,"href":"https:\/\/sindaopcpb.org.br\/index.php\/wp-json\/wp\/v2\/categories?post=46074"},{"taxonomy":"post_tag","embeddable":true,"href":"https:\/\/sindaopcpb.org.br\/index.php\/wp-json\/wp\/v2\/tags?post=46074"}],"curies":[{"name":"wp","href":"https:\/\/api.w.org\/{rel}","templated":true}]}}