{"id":46019,"date":"2024-03-29T10:57:13","date_gmt":"2024-03-29T13:57:13","guid":{"rendered":"https:\/\/www.pbagora.com.br\/?p=819341"},"modified":"2024-03-29T14:57:13","modified_gmt":"2024-03-29T17:57:13","slug":"policia-apreende-drogas-armas-e-uniformes-utilizados-por-criminosos-em-cabedelo","status":"publish","type":"post","link":"https:\/\/sindaopcpb.org.br\/index.php\/2024\/03\/29\/policia-apreende-drogas-armas-e-uniformes-utilizados-por-criminosos-em-cabedelo\/","title":{"rendered":"Pol\u00edcia apreende drogas, armas e uniformes utilizados por criminosos em Cabedelo"},"content":{"rendered":"<p><img width=\"807\" height=\"435\" src=\"https:\/\/pbagora.s3.amazonaws.com\/2024\/03\/29103901\/apreensao-drogas-renascer-cabedelo.jpeg\" class=\"attachment-large size-large wp-post-image\" alt=\"\" style=\"margin-bottom: 20px;\" decoding=\"async\" loading=\"lazy\" srcset=\"https:\/\/pbagora.s3.amazonaws.com\/2024\/03\/29103901\/apreensao-drogas-renascer-cabedelo.jpeg 807w, https:\/\/pbagora.s3.amazonaws.com\/2024\/03\/29103901\/apreensao-drogas-renascer-cabedelo-300x162.jpeg 300w, https:\/\/pbagora.s3.amazonaws.com\/2024\/03\/29103901\/apreensao-drogas-renascer-cabedelo-150x81.jpeg 150w, https:\/\/pbagora.s3.amazonaws.com\/2024\/03\/29103901\/apreensao-drogas-renascer-cabedelo-768x414.jpeg 768w, https:\/\/pbagora.s3.amazonaws.com\/2024\/03\/29103901\/apreensao-drogas-renascer-cabedelo-380x205.jpeg 380w, https:\/\/pbagora.s3.amazonaws.com\/2024\/03\/29103901\/apreensao-drogas-renascer-cabedelo-800x431.jpeg 800w, https:\/\/pbagora.s3.amazonaws.com\/2024\/03\/29103901\/apreensao-drogas-renascer-cabedelo-80x42.jpeg 80w, https:\/\/pbagora.s3.amazonaws.com\/2024\/03\/29103901\/apreensao-drogas-renascer-cabedelo-760x410.jpeg 760w, https:\/\/pbagora.s3.amazonaws.com\/2024\/03\/29103901\/apreensao-drogas-renascer-cabedelo-600x323.jpeg 600w\" sizes=\"(max-width: 807px) 100vw, 807px\" \/><\/p><p>A Pol\u00edcia Militar apreendeu drogas, armas e uniformes usados por criminosos em Cabedelo, na regi\u00e3o metropolitana de Jo\u00e3o Pessoa. A apreens\u00e3o foi feita na noite dessa quinta-feira (28), no bairro do Renascer.<\/p>\n<p>Segundo informa\u00e7\u00f5es do comandante-geral da Pol\u00edcia Militar da Para\u00edba, coronel S\u00e9rgio Fonseca, foram apreendidos drogas, um \u2018kit-roni\u2019, que transforma pistola em submetralhadora, coturnos, uniformes, comprimidos e balan\u00e7a de precis\u00e3o.<\/p>\n<p>A major Viviane, comandante da 6\u00aa Companhia Independente de Pol\u00edcia Militar (6\u00aa CIPM), informou que a PM chegou a esse material ap\u00f3s um homic\u00eddio registrado recentemente na regi\u00e3o e com informa\u00e7\u00f5es de moradores sobre os criminosos fardados.<\/p>\n<p><strong>PB Agora<\/strong><\/p>\n","protected":false},"excerpt":{"rendered":"<p><img decoding=\"async\" width=\"807\" height=\"435\" src=\"https:\/\/pbagora.s3.amazonaws.com\/2024\/03\/29103901\/apreensao-drogas-renascer-cabedelo.jpeg\" class=\"attachment-large size-large wp-post-image\" alt=\"\" loading=\"lazy\"><\/p>\n<p>A Pol\u00edcia Militar apreendeu drogas, armas e uniformes usados por criminosos em Cabedelo, na regi\u00e3o metropolitana de Jo\u00e3o\u2026<\/p>\n","protected":false},"author":123457,"featured_media":0,"comment_status":"closed","ping_status":"closed","sticky":false,"template":"","format":"standard","meta":{"advgb_blocks_editor_width":"","advgb_blocks_columns_visual_guide":"","footnotes":""},"categories":[10833,34,66],"tags":[35],"class_list":["post-46019","post","type-post","status-publish","format-standard","hentry","category-destaque-final-01","category-g1","category-policial","tag-g1"],"author_meta":{"display_name":"Reda\u00e7\u00e3o","author_link":"https:\/\/sindaopcpb.org.br\/author\/redacao\/"},"featured_img":null,"coauthors":[],"tax_additional":{"categories":{"linked":["<a href=\"https:\/\/sindaopcpb.org.br\/destaque-final-01\/\" class=\"advgb-post-tax-term\">Destaque Final 01<\/a>","<a href=\"https:\/\/sindaopcpb.org.br\/g1\/\" class=\"advgb-post-tax-term\">G1<\/a>","<a href=\"https:\/\/sindaopcpb.org.br\/policial\/\" class=\"advgb-post-tax-term\">Policial<\/a>"],"unlinked":["<span class=\"advgb-post-tax-term\">Destaque Final 01<\/span>","<span class=\"advgb-post-tax-term\">G1<\/span>","<span class=\"advgb-post-tax-term\">Policial<\/span>"]},"tags":{"linked":["<a href=\"https:\/\/sindaopcpb.org.br\/policial\/\" class=\"advgb-post-tax-term\">g1<\/a>"],"unlinked":["<span class=\"advgb-post-tax-term\">g1<\/span>"]}},"comment_count":"0","relative_dates":{"created":"Publicado 2 anos atr\u00e1s","modified":"Atualizado 2 anos atr\u00e1s"},"absolute_dates":{"created":"Publicado em 29 de mar\u00e7o de 2024","modified":"Atualizado em 29 de mar\u00e7o de 2024"},"absolute_dates_time":{"created":"Publicado em 29 de mar\u00e7o de 2024 10:57","modified":"Atualizado em 29 de mar\u00e7o de 2024 14:57"},"featured_img_caption":"","series_order":"","_links":{"self":[{"href":"https:\/\/sindaopcpb.org.br\/index.php\/wp-json\/wp\/v2\/posts\/46019","targetHints":{"allow":["GET"]}}],"collection":[{"href":"https:\/\/sindaopcpb.org.br\/index.php\/wp-json\/wp\/v2\/posts"}],"about":[{"href":"https:\/\/sindaopcpb.org.br\/index.php\/wp-json\/wp\/v2\/types\/post"}],"author":[{"embeddable":true,"href":"https:\/\/sindaopcpb.org.br\/index.php\/wp-json\/wp\/v2\/users\/123457"}],"replies":[{"embeddable":true,"href":"https:\/\/sindaopcpb.org.br\/index.php\/wp-json\/wp\/v2\/comments?post=46019"}],"version-history":[{"count":2,"href":"https:\/\/sindaopcpb.org.br\/index.php\/wp-json\/wp\/v2\/posts\/46019\/revisions"}],"predecessor-version":[{"id":46026,"href":"https:\/\/sindaopcpb.org.br\/index.php\/wp-json\/wp\/v2\/posts\/46019\/revisions\/46026"}],"wp:attachment":[{"href":"https:\/\/sindaopcpb.org.br\/index.php\/wp-json\/wp\/v2\/media?parent=46019"}],"wp:term":[{"taxonomy":"category","embeddable":true,"href":"https:\/\/sindaopcpb.org.br\/index.php\/wp-json\/wp\/v2\/categories?post=46019"},{"taxonomy":"post_tag","embeddable":true,"href":"https:\/\/sindaopcpb.org.br\/index.php\/wp-json\/wp\/v2\/tags?post=46019"}],"curies":[{"name":"wp","href":"https:\/\/api.w.org\/{rel}","templated":true}]}}