{"id":45977,"date":"2024-03-27T12:30:50","date_gmt":"2024-03-27T15:30:50","guid":{"rendered":"https:\/\/www.pbagora.com.br\/?p=818917"},"modified":"2024-03-27T12:30:50","modified_gmt":"2024-03-27T15:30:50","slug":"racismo-religioso-ministerio-publico-da-pb-notifica-uber-apos-denuncia-de-pratica-recorrente","status":"publish","type":"post","link":"https:\/\/sindaopcpb.org.br\/index.php\/2024\/03\/27\/racismo-religioso-ministerio-publico-da-pb-notifica-uber-apos-denuncia-de-pratica-recorrente\/","title":{"rendered":"Racismo religioso: Minist\u00e9rio P\u00fablico da PB notifica Uber ap\u00f3s den\u00fancia de pr\u00e1tica recorrente"},"content":{"rendered":"<p><img width=\"604\" height=\"489\" src=\"https:\/\/pbagora.s3.amazonaws.com\/20190905173550\/uberr-e1573818267704.jpg\" class=\"attachment-large size-large wp-post-image\" alt=\"\" style=\"margin-bottom: 20px;\" decoding=\"async\" loading=\"lazy\" srcset=\"https:\/\/pbagora.s3.amazonaws.com\/20190905173550\/uberr-e1573818267704.jpg 604w, https:\/\/pbagora.s3.amazonaws.com\/20190905173550\/uberr-e1573818267704-300x243.jpg 300w, https:\/\/pbagora.s3.amazonaws.com\/20190905173550\/uberr-e1573818267704-150x121.jpg 150w, https:\/\/pbagora.s3.amazonaws.com\/20190905173550\/uberr-e1573818267704-80x65.jpg 80w, https:\/\/pbagora.s3.amazonaws.com\/20190905173550\/uberr-e1573818267704-600x486.jpg 600w\" sizes=\"(max-width: 604px) 100vw, 604px\" \/><\/p><p>O Minist\u00e9rio P\u00fablico da Para\u00edba notificou a empresa Uber do Brasil Tecnologia, com sede em S\u00e3o Paulo, para que preste esclarecimentos relacionados \u00e0 pr\u00e1tica de racismo religioso por motoristas que usam o aplicativo da empresa para prestar o servi\u00e7o de transporte em Jo\u00e3o Pessoa. A medida \u00e9 decorrente da Not\u00edcia de Fato 002.2024.016457, instaurada, nesta ter\u00e7a-feira (26\/03), pela promotora de Justi\u00e7a, Fabiana Maria Lobo da Silva, que atua na \u00e1rea de defesa da cidadania na capital. A representante do MPPB vai apurar os fatos quanto ao aspecto c\u00edvel coletivo.<\/p>\n<p>O procedimento foi instaurado ap\u00f3s uma l\u00edder da religi\u00e3o de matriz africana candombl\u00e9 denunciar, por meio de uma mat\u00e9ria jornal\u00edstica juntada aos autos, a pr\u00e1tica racista. A reportagem denuncia que uma integrante de um terreiro localizado na capital pediu um transporte, na \u00faltima segunda-feira (25), e o motorista acionado enviou uma mensagem \u00e0 usu\u00e1ria do servi\u00e7o com conte\u00fado racista religioso e cancelou a corrida. Na mat\u00e9ria, a denunciante, que seria m\u00e3e de santo, diz que a pr\u00e1tica \u00e9 recorrente e que n\u00e3o poderia mais se calar diante do preconceito sofrido pelas pessoas integrantes da religi\u00e3o.<\/p>\n<p><strong>Apura\u00e7\u00e3o em duas esferas<\/strong><\/p>\n<p>Fabiana Lobo explicou que essa pr\u00e1tica racista religiosa vai ser apurada em duas esferas, na criminal, j\u00e1 que a religiosa prestou boletim de ocorr\u00eancia na delegacia, e tamb\u00e9m na esfera c\u00edvel, por meio do procedimento aberto pela Promotoria. \u201cSobre o ponto de vista c\u00edvel, o que se apura \u00e9 a responsabilidade da empresa. Esse motorista pertence ao seu quadro, seja qual for o v\u00ednculo, seja parceria, seja contrato. E a empresa precisa prestar esclarecimentos n\u00e3o s\u00f3 sobre esse fato, mas tamb\u00e9m com rela\u00e7\u00e3o \u00e0 informa\u00e7\u00e3o de que n\u00e3o foi a primeira vez que isso ocorreu. Outros religiosos j\u00e1 se manifestaram sobre o fato de que, quando solicitam corridas, e se sabe que essa corrida \u00e9 de origem de um terreiro, h\u00e1 o cancelamento. Nesse caso espec\u00edfico, al\u00e9m de cancelar, o motorista escreveu a mensagem racista\u201d, afirmou a promotora.<\/p>\n<p>A representante do MPPB ratificou que, al\u00e9m de contribuir para a apura\u00e7\u00e3o desse caso espec\u00edfico, o MPPB quer saber o que a empresa tem feito para coibir essa pr\u00e1tica. \u201cQueremos que a empresa preste esclarecimentos do que vem fazendo para evitar esse tipo de crime, que \u00e9 um crime tamb\u00e9m, um crime de racismo, e as medidas que ser\u00e3o adotadas com rela\u00e7\u00e3o aos motoristas que cometerem esse tipo de pr\u00e1tica. Durante a investiga\u00e7\u00e3o, caso se apure, a empresa pode, inclusive, responder por um dano moral coletivo, que \u00e9 aquele dano de ofensa \u00e0 honra, aos valores intr\u00ednsecos de uma coletividade, no caso da coletividade de pessoas de religi\u00e3o de matriz africana\u201d, explicou Fabiana Lobo.<\/p>\n","protected":false},"excerpt":{"rendered":"<p><img decoding=\"async\" width=\"604\" height=\"489\" src=\"https:\/\/pbagora.s3.amazonaws.com\/20190905173550\/uberr-e1573818267704.jpg\" class=\"attachment-large size-large wp-post-image\" alt=\"\" loading=\"lazy\"><\/p>\n<p>O Minist\u00e9rio P\u00fablico da Para\u00edba notificou a empresa Uber do Brasil Tecnologia, com sede em S\u00e3o Paulo, para\u2026<\/p>\n","protected":false},"author":123458,"featured_media":0,"comment_status":"closed","ping_status":"closed","sticky":false,"template":"","format":"standard","meta":{"advgb_blocks_editor_width":"","advgb_blocks_columns_visual_guide":"","footnotes":""},"categories":[34,66],"tags":[35],"class_list":["post-45977","post","type-post","status-publish","format-standard","hentry","category-g1","category-policial","tag-g1"],"author_meta":{"display_name":"Feliphe Rojas","author_link":"https:\/\/sindaopcpb.org.br\/author\/feliphe-rojas\/"},"featured_img":null,"coauthors":[],"tax_additional":{"categories":{"linked":["<a href=\"https:\/\/sindaopcpb.org.br\/g1\/\" class=\"advgb-post-tax-term\">G1<\/a>","<a href=\"https:\/\/sindaopcpb.org.br\/policial\/\" class=\"advgb-post-tax-term\">Policial<\/a>"],"unlinked":["<span class=\"advgb-post-tax-term\">G1<\/span>","<span class=\"advgb-post-tax-term\">Policial<\/span>"]},"tags":{"linked":["<a href=\"https:\/\/sindaopcpb.org.br\/policial\/\" class=\"advgb-post-tax-term\">g1<\/a>"],"unlinked":["<span class=\"advgb-post-tax-term\">g1<\/span>"]}},"comment_count":"0","relative_dates":{"created":"Publicado 2 anos atr\u00e1s","modified":"Atualizado 2 anos atr\u00e1s"},"absolute_dates":{"created":"Publicado em 27 de mar\u00e7o de 2024","modified":"Atualizado em 27 de mar\u00e7o de 2024"},"absolute_dates_time":{"created":"Publicado em 27 de mar\u00e7o de 2024 12:30","modified":"Atualizado em 27 de mar\u00e7o de 2024 12:30"},"featured_img_caption":"","series_order":"","_links":{"self":[{"href":"https:\/\/sindaopcpb.org.br\/index.php\/wp-json\/wp\/v2\/posts\/45977","targetHints":{"allow":["GET"]}}],"collection":[{"href":"https:\/\/sindaopcpb.org.br\/index.php\/wp-json\/wp\/v2\/posts"}],"about":[{"href":"https:\/\/sindaopcpb.org.br\/index.php\/wp-json\/wp\/v2\/types\/post"}],"author":[{"embeddable":true,"href":"https:\/\/sindaopcpb.org.br\/index.php\/wp-json\/wp\/v2\/users\/123458"}],"replies":[{"embeddable":true,"href":"https:\/\/sindaopcpb.org.br\/index.php\/wp-json\/wp\/v2\/comments?post=45977"}],"version-history":[{"count":1,"href":"https:\/\/sindaopcpb.org.br\/index.php\/wp-json\/wp\/v2\/posts\/45977\/revisions"}],"predecessor-version":[{"id":45978,"href":"https:\/\/sindaopcpb.org.br\/index.php\/wp-json\/wp\/v2\/posts\/45977\/revisions\/45978"}],"wp:attachment":[{"href":"https:\/\/sindaopcpb.org.br\/index.php\/wp-json\/wp\/v2\/media?parent=45977"}],"wp:term":[{"taxonomy":"category","embeddable":true,"href":"https:\/\/sindaopcpb.org.br\/index.php\/wp-json\/wp\/v2\/categories?post=45977"},{"taxonomy":"post_tag","embeddable":true,"href":"https:\/\/sindaopcpb.org.br\/index.php\/wp-json\/wp\/v2\/tags?post=45977"}],"curies":[{"name":"wp","href":"https:\/\/api.w.org\/{rel}","templated":true}]}}