{"id":45952,"date":"2024-03-27T06:15:14","date_gmt":"2024-03-27T09:15:14","guid":{"rendered":"https:\/\/www.pbagora.com.br\/?p=818811"},"modified":"2024-03-27T06:15:14","modified_gmt":"2024-03-27T09:15:14","slug":"policia-age-e-prende-dois-suspeitos-que-aterrorizavam-populacao-e-bayeux","status":"publish","type":"post","link":"https:\/\/sindaopcpb.org.br\/index.php\/2024\/03\/27\/policia-age-e-prende-dois-suspeitos-que-aterrorizavam-populacao-e-bayeux\/","title":{"rendered":"Pol\u00edcia age e prende dois suspeitos que aterrorizavam popula\u00e7\u00e3o e Bayeux"},"content":{"rendered":"<p><img width=\"640\" height=\"427\" src=\"https:\/\/pbagora.s3.amazonaws.com\/2023\/05\/11073822\/policia-copy-640x427-1.jpg\" class=\"attachment-large size-large wp-post-image\" alt=\"\" style=\"margin-bottom: 20px;\" decoding=\"async\" srcset=\"https:\/\/pbagora.s3.amazonaws.com\/2023\/05\/11073822\/policia-copy-640x427-1.jpg 640w, https:\/\/pbagora.s3.amazonaws.com\/2023\/05\/11073822\/policia-copy-640x427-1-300x200.jpg 300w, https:\/\/pbagora.s3.amazonaws.com\/2023\/05\/11073822\/policia-copy-640x427-1-150x100.jpg 150w, https:\/\/pbagora.s3.amazonaws.com\/2023\/05\/11073822\/policia-copy-640x427-1-380x254.jpg 380w, https:\/\/pbagora.s3.amazonaws.com\/2023\/05\/11073822\/policia-copy-640x427-1-80x53.jpg 80w, https:\/\/pbagora.s3.amazonaws.com\/2023\/05\/11073822\/policia-copy-640x427-1-600x400.jpg 600w\" sizes=\"(max-width: 640px) 100vw, 640px\" \/><\/p><p>Em uma a\u00e7\u00e3o da pol\u00edcia da cidade de Bayeux, na tarde de ontem (26), resultou na retirada de circula\u00e7\u00e3o de indiv\u00edduos que causavam preocupa\u00e7\u00e3o \u00e0 popula\u00e7\u00e3o. O primeiro suspeito, conhecido como Mago e pertencente a uma fac\u00e7\u00e3o criminosa, foi preso na tarde desta ter\u00e7a-feira na cidade de Bayeux.<\/p>\n<p>Segundo o delegado da Pol\u00edcia Civil, Jo\u00e3o Paulo Amazonas: &#8220;\u00c9 um indiv\u00edduo faccionado, uma fac\u00e7\u00e3o criminosa que est\u00e1 tentando se instalar ali na cidade de Bayeux, e n\u00f3s estamos realizando esse combate, o cumprimento da justi\u00e7a e da lei.&#8221;<\/p>\n<p>De acordo com as informa\u00e7\u00f5es da pol\u00edcia, o suspeito estava homiziado no centro da cidade de Bayeux, e os levantamentos contaram com o apoio de policiais de Santa Rita, tamb\u00e9m na regi\u00e3o metropolitana. Ap\u00f3s cercar o im\u00f3vel, o suspeito n\u00e3o ofereceu resist\u00eancia e se entregou aos policiais.<\/p>\n<p>Al\u00e9m disso, outra a\u00e7\u00e3o policial resultou na pris\u00e3o de um criminoso reincidente, conhecido como Simpson, que j\u00e1 tinha sido condenado a 20 anos de pris\u00e3o. O delegado Jo\u00e3o Paulo Amazonas destacou a gravidade da situa\u00e7\u00e3o: &#8220;\u00c9 um indiv\u00edduo que, infelizmente, vem entrando e saindo do sistema penitenci\u00e1rio desde muito tempo, desde o ano de 2012. Ele responde a processos por porte ilegal de arma, tr\u00e1fico de entorpecentes, roubo, entre outros.&#8221;<\/p>\n<p>Reda\u00e7\u00e3o<\/p>\n","protected":false},"excerpt":{"rendered":"<p><img loading=\"lazy\" decoding=\"async\" width=\"640\" height=\"427\" src=\"https:\/\/pbagora.s3.amazonaws.com\/2023\/05\/11073822\/policia-copy-640x427-1.jpg\" class=\"attachment-large size-large wp-post-image\" alt=\"\"><\/p>\n<p>Em uma a\u00e7\u00e3o da pol\u00edcia da cidade de Bayeux, na tarde de ontem (26), resultou na retirada de\u2026<\/p>\n","protected":false},"author":123457,"featured_media":0,"comment_status":"closed","ping_status":"closed","sticky":false,"template":"","format":"standard","meta":{"advgb_blocks_editor_width":"","advgb_blocks_columns_visual_guide":"","footnotes":""},"categories":[10823,34,66],"tags":[35],"class_list":["post-45952","post","type-post","status-publish","format-standard","hentry","category-destaque-centro-01","category-g1","category-policial","tag-g1"],"author_meta":{"display_name":"Reda\u00e7\u00e3o","author_link":"https:\/\/sindaopcpb.org.br\/author\/redacao\/"},"featured_img":null,"coauthors":[],"tax_additional":{"categories":{"linked":["<a href=\"https:\/\/sindaopcpb.org.br\/destaque-centro-01\/\" class=\"advgb-post-tax-term\">Destaque Centro 01<\/a>","<a href=\"https:\/\/sindaopcpb.org.br\/g1\/\" class=\"advgb-post-tax-term\">G1<\/a>","<a href=\"https:\/\/sindaopcpb.org.br\/policial\/\" class=\"advgb-post-tax-term\">Policial<\/a>"],"unlinked":["<span class=\"advgb-post-tax-term\">Destaque Centro 01<\/span>","<span class=\"advgb-post-tax-term\">G1<\/span>","<span class=\"advgb-post-tax-term\">Policial<\/span>"]},"tags":{"linked":["<a href=\"https:\/\/sindaopcpb.org.br\/policial\/\" class=\"advgb-post-tax-term\">g1<\/a>"],"unlinked":["<span class=\"advgb-post-tax-term\">g1<\/span>"]}},"comment_count":"0","relative_dates":{"created":"Publicado 2 anos atr\u00e1s","modified":"Atualizado 2 anos atr\u00e1s"},"absolute_dates":{"created":"Publicado em 27 de mar\u00e7o de 2024","modified":"Atualizado em 27 de mar\u00e7o de 2024"},"absolute_dates_time":{"created":"Publicado em 27 de mar\u00e7o de 2024 06:15","modified":"Atualizado em 27 de mar\u00e7o de 2024 06:15"},"featured_img_caption":"","series_order":"","_links":{"self":[{"href":"https:\/\/sindaopcpb.org.br\/index.php\/wp-json\/wp\/v2\/posts\/45952","targetHints":{"allow":["GET"]}}],"collection":[{"href":"https:\/\/sindaopcpb.org.br\/index.php\/wp-json\/wp\/v2\/posts"}],"about":[{"href":"https:\/\/sindaopcpb.org.br\/index.php\/wp-json\/wp\/v2\/types\/post"}],"author":[{"embeddable":true,"href":"https:\/\/sindaopcpb.org.br\/index.php\/wp-json\/wp\/v2\/users\/123457"}],"replies":[{"embeddable":true,"href":"https:\/\/sindaopcpb.org.br\/index.php\/wp-json\/wp\/v2\/comments?post=45952"}],"version-history":[{"count":2,"href":"https:\/\/sindaopcpb.org.br\/index.php\/wp-json\/wp\/v2\/posts\/45952\/revisions"}],"predecessor-version":[{"id":45961,"href":"https:\/\/sindaopcpb.org.br\/index.php\/wp-json\/wp\/v2\/posts\/45952\/revisions\/45961"}],"wp:attachment":[{"href":"https:\/\/sindaopcpb.org.br\/index.php\/wp-json\/wp\/v2\/media?parent=45952"}],"wp:term":[{"taxonomy":"category","embeddable":true,"href":"https:\/\/sindaopcpb.org.br\/index.php\/wp-json\/wp\/v2\/categories?post=45952"},{"taxonomy":"post_tag","embeddable":true,"href":"https:\/\/sindaopcpb.org.br\/index.php\/wp-json\/wp\/v2\/tags?post=45952"}],"curies":[{"name":"wp","href":"https:\/\/api.w.org\/{rel}","templated":true}]}}