{"id":45948,"date":"2024-03-26T18:50:22","date_gmt":"2024-03-26T21:50:22","guid":{"rendered":"https:\/\/www.pbagora.com.br\/?p=818733"},"modified":"2024-03-26T18:50:22","modified_gmt":"2024-03-26T21:50:22","slug":"prf-na-paraiba-inicia-operacao-semana-santa-2024-nas-rodovias-federais-de-todo-o-estado-nesta-quinta","status":"publish","type":"post","link":"https:\/\/sindaopcpb.org.br\/index.php\/2024\/03\/26\/prf-na-paraiba-inicia-operacao-semana-santa-2024-nas-rodovias-federais-de-todo-o-estado-nesta-quinta\/","title":{"rendered":"PRF na Para\u00edba inicia Opera\u00e7\u00e3o Semana Santa 2024 nas rodovias federais de todo o estado nesta quinta"},"content":{"rendered":"<p><img width=\"768\" height=\"511\" src=\"https:\/\/pbagora.s3.amazonaws.com\/2024\/03\/26153854\/a2498b1b-9101-4759-b361-8728f7b2aa28.jpeg\" class=\"attachment-large size-large wp-post-image\" alt=\"\" style=\"margin-bottom: 20px;\" decoding=\"async\" srcset=\"https:\/\/pbagora.s3.amazonaws.com\/2024\/03\/26153854\/a2498b1b-9101-4759-b361-8728f7b2aa28.jpeg 768w, https:\/\/pbagora.s3.amazonaws.com\/2024\/03\/26153854\/a2498b1b-9101-4759-b361-8728f7b2aa28-300x200.jpeg 300w, https:\/\/pbagora.s3.amazonaws.com\/2024\/03\/26153854\/a2498b1b-9101-4759-b361-8728f7b2aa28-150x100.jpeg 150w, https:\/\/pbagora.s3.amazonaws.com\/2024\/03\/26153854\/a2498b1b-9101-4759-b361-8728f7b2aa28-380x253.jpeg 380w, https:\/\/pbagora.s3.amazonaws.com\/2024\/03\/26153854\/a2498b1b-9101-4759-b361-8728f7b2aa28-80x53.jpeg 80w, https:\/\/pbagora.s3.amazonaws.com\/2024\/03\/26153854\/a2498b1b-9101-4759-b361-8728f7b2aa28-760x506.jpeg 760w, https:\/\/pbagora.s3.amazonaws.com\/2024\/03\/26153854\/a2498b1b-9101-4759-b361-8728f7b2aa28-600x399.jpeg 600w\" sizes=\"(max-width: 768px) 100vw, 768px\" \/><\/p><p>A Pol\u00edcia Rodovi\u00e1ria Federal (PRF) dar\u00e1 in\u00edcio na madrugada da pr\u00f3xima quinta-feira (28), em todo o territ\u00f3rio nacional, a Opera\u00e7\u00e3o Semana Santa 2024, que se estender\u00e1 at\u00e9 \u00e0s 23h59 do Domingo de P\u00e1scoa (31). As a\u00e7\u00f5es de fiscaliza\u00e7\u00e3o comp\u00f5em o calend\u00e1rio de fiscaliza\u00e7\u00e3o vi\u00e1ria da PRF, na busca por promover um tr\u00e2nsito mais seguro durante feriados prolongados.<\/p>\n<p>A Semana Santa celebra a Paix\u00e3o, Morte e Ressurrei\u00e7\u00e3o de Jesus Cristo com 5 dias de significado religioso para os crist\u00e3os, ela termina em 31 de mar\u00e7o. Apenas na Sexta-feira Santa, dia 29 de mar\u00e7o, \u00e9 considerado feriado nacional. Contudo, em alguns munic\u00edpios \u00e9 decretado ponto facultativo a partir da quinta-feira (28). Sendo assim, a PRF realizar\u00e1 Opera\u00e7\u00e3o tem\u00e1tica com dura\u00e7\u00e3o de quatro dias, onde fiscaliza\u00e7\u00f5es ser\u00e3o realizadas em pontos estrat\u00e9gicos a fim de coibir as principais infra\u00e7\u00f5es de tr\u00e2nsito que p\u00f5e em risco a seguran\u00e7a de todos os usu\u00e1rios das rodovias federais.<\/p>\n<p>O n\u00e3o uso do cinto de seguran\u00e7a e de outros dispositivos que reduzem a letalidade em acidentes n\u00e3o passar\u00e3o batidos durante as fiscaliza\u00e7\u00f5es. Deixar de usar o cinto de seguran\u00e7a \u00e9 infra\u00e7\u00e3o de natureza grave, com multa de R$ 195,23 e cinco pontos na carteira nacional de habilita\u00e7\u00e3o. A infra\u00e7\u00e3o por estar sem capacete na moto, seja como piloto ou passageiro, \u00e9 considerada grav\u00edssima e sujeita a multa de R$293,47, suspens\u00e3o do direito de dirigir e reten\u00e7\u00e3o do ve\u00edculo. Na Opera\u00e7\u00e3o Semana Santa, os policiais tamb\u00e9m atuam no combate do excesso de velocidade, ultrapassagem em local proibido e na mistura \u00e1lcool e dire\u00e7\u00e3o.<\/p>\n<p><strong>RESTRI\u00c7\u00d5ES DE TR\u00c1FEGO<\/strong><\/p>\n<p>A PRF tamb\u00e9m implementar\u00e1 restri\u00e7\u00f5es de tr\u00e1fego para determinadas categorias de ve\u00edculos durante o per\u00edodo do feriado. As restri\u00e7\u00f5es visam otimizar a seguran\u00e7a nas estradas, buscando reduzir a possibilidade de congestionamentos e de acidentes. As restri\u00e7\u00f5es ir\u00e3o abranger o tr\u00e2nsito de Combina\u00e7\u00f5es de Ve\u00edculos de Carga (CVC), Combina\u00e7\u00f5es de Transporte de Ve\u00edculos (CTV) e Combina\u00e7\u00f5es de Transporte de Ve\u00edculos e Cargas Paletizadas (CTVP), ainda que autorizadas a circular por meio de Autoriza\u00e7\u00e3o Especial de Tr\u00e2nsito (AET) ou Autoriza\u00e7\u00e3o Espec\u00edfica (AE). E se aplicam apenas aos trechos rodovi\u00e1rios de pista simples. Confira abaixo os dias e hor\u00e1rios das Restri\u00e7\u00f5es de Tr\u00e1fego durante a Opera\u00e7\u00e3o Semana Santa 2024:<\/p>\n<p>28\/03\/2024\u00a0&#8211; quinta-feira &#8211; 16:00 \u00e0s 22:00<br \/>\n29\/03\/2024 &#8211; sexta-feira &#8211; \u00a006:00 \u00e0s 12:00<br \/>\n31\/03\/2024 &#8211; domingo &#8211; 16:00 \u00e0s 22:00<\/p>\n<p>Fora desses hor\u00e1rios permanecem as regras gerais do C\u00f3digo de Tr\u00e2nsito Brasileiro (CTB) e das Resolu\u00e7\u00f5es do CONTRAN.<\/p>\n<p><strong>ORIENTA\u00c7\u00d5ES PARA GARANTIR UMA VIAGEM SEGURA<\/strong><\/p>\n<p>&#8211; Primeiramente fazer um planejamento da viagem, identificar locais de parada para abastecimento, alimenta\u00e7\u00e3o e descanso do motorista.<br \/>\n&#8211; Fazer uma revis\u00e3o no ve\u00edculo, verificando freios, luzes, n\u00edvel de combust\u00edvel, dentre outros itens obrigat\u00f3rios e fundamentais para sua seguran\u00e7a.<br \/>\n&#8211; Verificar se a documenta\u00e7\u00e3o do ve\u00edculo e do condutor est\u00e3o em dia.<br \/>\n&#8211; Antes de iniciar a viagem, com o ve\u00edculo ainda parado, colocar o cinto de seguran\u00e7a e se certificar que os demais passageiros tamb\u00e9m estejam com o cinto afivelado, lembrando que as crian\u00e7as dever\u00e3o usar dispositivo de reten\u00e7\u00e3o adequado para a sua idade e peso (ex: beb\u00ea conforto, cadeirinha ou assento de eleva\u00e7\u00e3o).<br \/>\n&#8211; No caso de motocicleta, colocar adequadamente o capacete, tanto o condutor quanto o passageiro.<br \/>\n&#8211; Durante a viagem, respeitar a sinaliza\u00e7\u00e3o e as normas de tr\u00e2nsito. Destacamos especialmente o respeito aos limites de velocidade, s\u00f3 ultrapassar em locais permitidos e com seguran\u00e7a, n\u00e3o transitar pelo acostamento e por fim, jamais misturar bebida e dire\u00e7\u00e3o.<\/p>\n","protected":false},"excerpt":{"rendered":"<p><img loading=\"lazy\" decoding=\"async\" width=\"768\" height=\"511\" src=\"https:\/\/pbagora.s3.amazonaws.com\/2024\/03\/26153854\/a2498b1b-9101-4759-b361-8728f7b2aa28.jpeg\" class=\"attachment-large size-large wp-post-image\" alt=\"\"><\/p>\n<p>A Pol\u00edcia Rodovi\u00e1ria Federal (PRF) dar\u00e1 in\u00edcio na madrugada da pr\u00f3xima quinta-feira (28), em todo o territ\u00f3rio nacional,\u2026<\/p>\n","protected":false},"author":123458,"featured_media":0,"comment_status":"closed","ping_status":"closed","sticky":false,"template":"","format":"standard","meta":{"advgb_blocks_editor_width":"","advgb_blocks_columns_visual_guide":"","footnotes":""},"categories":[10826,34,66],"tags":[35],"class_list":["post-45948","post","type-post","status-publish","format-standard","hentry","category-destaque-centro-02","category-g1","category-policial","tag-g1"],"author_meta":{"display_name":"Feliphe Rojas","author_link":"https:\/\/sindaopcpb.org.br\/author\/feliphe-rojas\/"},"featured_img":null,"coauthors":[],"tax_additional":{"categories":{"linked":["<a href=\"https:\/\/sindaopcpb.org.br\/destaque-centro-02\/\" class=\"advgb-post-tax-term\">Destaque Centro 02<\/a>","<a href=\"https:\/\/sindaopcpb.org.br\/g1\/\" class=\"advgb-post-tax-term\">G1<\/a>","<a href=\"https:\/\/sindaopcpb.org.br\/policial\/\" class=\"advgb-post-tax-term\">Policial<\/a>"],"unlinked":["<span class=\"advgb-post-tax-term\">Destaque Centro 02<\/span>","<span class=\"advgb-post-tax-term\">G1<\/span>","<span class=\"advgb-post-tax-term\">Policial<\/span>"]},"tags":{"linked":["<a href=\"https:\/\/sindaopcpb.org.br\/policial\/\" class=\"advgb-post-tax-term\">g1<\/a>"],"unlinked":["<span class=\"advgb-post-tax-term\">g1<\/span>"]}},"comment_count":"0","relative_dates":{"created":"Publicado 2 anos atr\u00e1s","modified":"Atualizado 2 anos atr\u00e1s"},"absolute_dates":{"created":"Publicado em 26 de mar\u00e7o de 2024","modified":"Atualizado em 26 de mar\u00e7o de 2024"},"absolute_dates_time":{"created":"Publicado em 26 de mar\u00e7o de 2024 18:50","modified":"Atualizado em 26 de mar\u00e7o de 2024 18:50"},"featured_img_caption":"","series_order":"","_links":{"self":[{"href":"https:\/\/sindaopcpb.org.br\/index.php\/wp-json\/wp\/v2\/posts\/45948","targetHints":{"allow":["GET"]}}],"collection":[{"href":"https:\/\/sindaopcpb.org.br\/index.php\/wp-json\/wp\/v2\/posts"}],"about":[{"href":"https:\/\/sindaopcpb.org.br\/index.php\/wp-json\/wp\/v2\/types\/post"}],"author":[{"embeddable":true,"href":"https:\/\/sindaopcpb.org.br\/index.php\/wp-json\/wp\/v2\/users\/123458"}],"replies":[{"embeddable":true,"href":"https:\/\/sindaopcpb.org.br\/index.php\/wp-json\/wp\/v2\/comments?post=45948"}],"version-history":[{"count":2,"href":"https:\/\/sindaopcpb.org.br\/index.php\/wp-json\/wp\/v2\/posts\/45948\/revisions"}],"predecessor-version":[{"id":45956,"href":"https:\/\/sindaopcpb.org.br\/index.php\/wp-json\/wp\/v2\/posts\/45948\/revisions\/45956"}],"wp:attachment":[{"href":"https:\/\/sindaopcpb.org.br\/index.php\/wp-json\/wp\/v2\/media?parent=45948"}],"wp:term":[{"taxonomy":"category","embeddable":true,"href":"https:\/\/sindaopcpb.org.br\/index.php\/wp-json\/wp\/v2\/categories?post=45948"},{"taxonomy":"post_tag","embeddable":true,"href":"https:\/\/sindaopcpb.org.br\/index.php\/wp-json\/wp\/v2\/tags?post=45948"}],"curies":[{"name":"wp","href":"https:\/\/api.w.org\/{rel}","templated":true}]}}