{"id":45944,"date":"2024-03-26T16:55:00","date_gmt":"2024-03-26T19:55:00","guid":{"rendered":"https:\/\/www.pbagora.com.br\/?p=818704"},"modified":"2024-03-26T16:55:00","modified_gmt":"2024-03-26T19:55:00","slug":"acidente-envolvendo-um-carro-e-dois-caminhoes-deixa-transito-lento-na-br-230-no-agreste","status":"publish","type":"post","link":"https:\/\/sindaopcpb.org.br\/index.php\/2024\/03\/26\/acidente-envolvendo-um-carro-e-dois-caminhoes-deixa-transito-lento-na-br-230-no-agreste\/","title":{"rendered":"Acidente envolvendo um carro e dois caminh\u00f5es deixa tr\u00e2nsito lento na BR-230, no Agreste"},"content":{"rendered":"<p><img width=\"574\" height=\"435\" src=\"https:\/\/pbagora.s3.amazonaws.com\/2023\/11\/23161816\/BR-230-CG-Pocinhos.jpg\" class=\"attachment-large size-large wp-post-image\" alt=\"\" style=\"margin-bottom: 20px;\" decoding=\"async\" srcset=\"https:\/\/pbagora.s3.amazonaws.com\/2023\/11\/23161816\/BR-230-CG-Pocinhos.jpg 574w, https:\/\/pbagora.s3.amazonaws.com\/2023\/11\/23161816\/BR-230-CG-Pocinhos-300x227.jpg 300w, https:\/\/pbagora.s3.amazonaws.com\/2023\/11\/23161816\/BR-230-CG-Pocinhos-150x114.jpg 150w, https:\/\/pbagora.s3.amazonaws.com\/2023\/11\/23161816\/BR-230-CG-Pocinhos-380x288.jpg 380w, https:\/\/pbagora.s3.amazonaws.com\/2023\/11\/23161816\/BR-230-CG-Pocinhos-80x60.jpg 80w\" sizes=\"(max-width: 574px) 100vw, 574px\" \/><\/p><p>Na tarde desta ter\u00e7a-feira (26) um acidente foi registrado na BR-230, no Agreste paraibano. De acordo com testemunhas, um carro e dois caminh\u00f5es colidiram.<\/p>\n<p>O acidente aconteceu pr\u00f3ximo ao acesso \u00e0 cidade de Pocinhos, no km 192 da rodovia. A Pol\u00edcia Rodovi\u00e1ria Federal (PRF) foi acionada para registrar a ocorr\u00eancia e orientar o tr\u00e2nsito no local, que ficou lento.<\/p>\n<p>Segundo a PRF, n\u00e3o houve feridos. Apenas danos materiais. As circunst\u00e2ncias do acidente ainda ser\u00e3o investigadas pela pol\u00edcia.<\/p>\n<p>&nbsp;<\/p>\n<p><em><strong>PB Agora<\/strong><\/em><\/p>\n","protected":false},"excerpt":{"rendered":"<p><img loading=\"lazy\" decoding=\"async\" width=\"574\" height=\"435\" src=\"https:\/\/pbagora.s3.amazonaws.com\/2023\/11\/23161816\/BR-230-CG-Pocinhos.jpg\" class=\"attachment-large size-large wp-post-image\" alt=\"\"><\/p>\n<p>Na tarde desta ter\u00e7a-feira (26) um acidente foi registrado na BR-230, no Agreste paraibano. De acordo com testemunhas,\u2026<\/p>\n","protected":false},"author":123457,"featured_media":0,"comment_status":"closed","ping_status":"closed","sticky":false,"template":"","format":"standard","meta":{"advgb_blocks_editor_width":"","advgb_blocks_columns_visual_guide":"","footnotes":""},"categories":[10826,34,66],"tags":[35],"class_list":["post-45944","post","type-post","status-publish","format-standard","hentry","category-destaque-centro-02","category-g1","category-policial","tag-g1"],"author_meta":{"display_name":"Reda\u00e7\u00e3o","author_link":"https:\/\/sindaopcpb.org.br\/author\/redacao\/"},"featured_img":null,"coauthors":[],"tax_additional":{"categories":{"linked":["<a href=\"https:\/\/sindaopcpb.org.br\/destaque-centro-02\/\" class=\"advgb-post-tax-term\">Destaque Centro 02<\/a>","<a href=\"https:\/\/sindaopcpb.org.br\/g1\/\" class=\"advgb-post-tax-term\">G1<\/a>","<a href=\"https:\/\/sindaopcpb.org.br\/policial\/\" class=\"advgb-post-tax-term\">Policial<\/a>"],"unlinked":["<span class=\"advgb-post-tax-term\">Destaque Centro 02<\/span>","<span class=\"advgb-post-tax-term\">G1<\/span>","<span class=\"advgb-post-tax-term\">Policial<\/span>"]},"tags":{"linked":["<a href=\"https:\/\/sindaopcpb.org.br\/policial\/\" class=\"advgb-post-tax-term\">g1<\/a>"],"unlinked":["<span class=\"advgb-post-tax-term\">g1<\/span>"]}},"comment_count":"0","relative_dates":{"created":"Publicado 2 anos atr\u00e1s","modified":"Atualizado 2 anos atr\u00e1s"},"absolute_dates":{"created":"Publicado em 26 de mar\u00e7o de 2024","modified":"Atualizado em 26 de mar\u00e7o de 2024"},"absolute_dates_time":{"created":"Publicado em 26 de mar\u00e7o de 2024 16:55","modified":"Atualizado em 26 de mar\u00e7o de 2024 16:55"},"featured_img_caption":"","series_order":"","_links":{"self":[{"href":"https:\/\/sindaopcpb.org.br\/index.php\/wp-json\/wp\/v2\/posts\/45944","targetHints":{"allow":["GET"]}}],"collection":[{"href":"https:\/\/sindaopcpb.org.br\/index.php\/wp-json\/wp\/v2\/posts"}],"about":[{"href":"https:\/\/sindaopcpb.org.br\/index.php\/wp-json\/wp\/v2\/types\/post"}],"author":[{"embeddable":true,"href":"https:\/\/sindaopcpb.org.br\/index.php\/wp-json\/wp\/v2\/users\/123457"}],"replies":[{"embeddable":true,"href":"https:\/\/sindaopcpb.org.br\/index.php\/wp-json\/wp\/v2\/comments?post=45944"}],"version-history":[{"count":3,"href":"https:\/\/sindaopcpb.org.br\/index.php\/wp-json\/wp\/v2\/posts\/45944\/revisions"}],"predecessor-version":[{"id":45957,"href":"https:\/\/sindaopcpb.org.br\/index.php\/wp-json\/wp\/v2\/posts\/45944\/revisions\/45957"}],"wp:attachment":[{"href":"https:\/\/sindaopcpb.org.br\/index.php\/wp-json\/wp\/v2\/media?parent=45944"}],"wp:term":[{"taxonomy":"category","embeddable":true,"href":"https:\/\/sindaopcpb.org.br\/index.php\/wp-json\/wp\/v2\/categories?post=45944"},{"taxonomy":"post_tag","embeddable":true,"href":"https:\/\/sindaopcpb.org.br\/index.php\/wp-json\/wp\/v2\/tags?post=45944"}],"curies":[{"name":"wp","href":"https:\/\/api.w.org\/{rel}","templated":true}]}}