{"id":45928,"date":"2024-03-26T10:05:01","date_gmt":"2024-03-26T13:05:01","guid":{"rendered":"https:\/\/www.pbagora.com.br\/?p=818588"},"modified":"2024-03-26T12:05:01","modified_gmt":"2024-03-26T15:05:01","slug":"adolescente-e-detido-pela-quinta-vez-em-menos-de-tres-meses-na-grande-joao-pessoa","status":"publish","type":"post","link":"https:\/\/sindaopcpb.org.br\/index.php\/2024\/03\/26\/adolescente-e-detido-pela-quinta-vez-em-menos-de-tres-meses-na-grande-joao-pessoa\/","title":{"rendered":"Adolescente \u00e9 detido pela quinta vez em menos de tr\u00eas meses na Grande Jo\u00e3o Pessoa"},"content":{"rendered":"<p><img width=\"486\" height=\"301\" src=\"https:\/\/pbagora.s3.amazonaws.com\/2024\/03\/26100449\/arma-apreendida-com-adolescente.jpeg\" class=\"attachment-large size-large wp-post-image\" alt=\"\" style=\"margin-bottom: 20px;\" decoding=\"async\" loading=\"lazy\" srcset=\"https:\/\/pbagora.s3.amazonaws.com\/2024\/03\/26100449\/arma-apreendida-com-adolescente.jpeg 486w, https:\/\/pbagora.s3.amazonaws.com\/2024\/03\/26100449\/arma-apreendida-com-adolescente-300x186.jpeg 300w, https:\/\/pbagora.s3.amazonaws.com\/2024\/03\/26100449\/arma-apreendida-com-adolescente-150x93.jpeg 150w, https:\/\/pbagora.s3.amazonaws.com\/2024\/03\/26100449\/arma-apreendida-com-adolescente-380x235.jpeg 380w, https:\/\/pbagora.s3.amazonaws.com\/2024\/03\/26100449\/arma-apreendida-com-adolescente-80x50.jpeg 80w\" sizes=\"(max-width: 486px) 100vw, 486px\" \/><\/p><p>Um adolescente de 17 anos foi apreendido pela quinta vez nessa segunda-feira (25), durante uma a\u00e7\u00e3o pr\u00f3xima \u00e0 comunidade S\u00e3o Luiz, no bairro do Bessa, em Jo\u00e3o Pessoa.<\/p>\n<p>Desta vez, ele foi encontrado pelas equipes do Regimento de Opera\u00e7\u00f5es T\u00e1ticas com Apoio de Motocicletas (Rotam), na posse de cinco muni\u00e7\u00f5es de rev\u00f3lver. O jovem estava acompanhado por um homem de 22 anos, que foi detido portando uma pistola. Ambos seriam membros de um grupo envolvido em conflitos relacionados ao tr\u00e1fico de drogas na regi\u00e3o.<\/p>\n<p>No pr\u00f3ximo dia 29, completam-se tr\u00eas meses desde a primeira apreens\u00e3o do adolescente. Desde 29 de dezembro, quando foi detido por tentativa de homic\u00eddio no centro de Cabedelo, at\u00e9 o presente momento, ele foi apreendido portando um rev\u00f3lver no dia 31 de janeiro, novamente com uma arma cinco dias depois, em 4 de fevereiro, e na semana seguinte, em 11 de fevereiro, estava armado mais uma vez, al\u00e9m de estar na posse de drogas, junto com outros dois suspeitos. Agora, ele foi encontrado com muni\u00e7\u00f5es, ao lado de um homem armado com uma pistola.<\/p>\n<p>O caso foi encaminhado para a Central de Pol\u00edcia, no Geisel.<\/p>\n<p><strong>PB Agora<\/strong><\/p>\n","protected":false},"excerpt":{"rendered":"<p><img decoding=\"async\" width=\"486\" height=\"301\" src=\"https:\/\/pbagora.s3.amazonaws.com\/2024\/03\/26100449\/arma-apreendida-com-adolescente.jpeg\" class=\"attachment-large size-large wp-post-image\" alt=\"\" loading=\"lazy\"><\/p>\n<p>Um adolescente de 17 anos foi apreendido pela quinta vez nessa segunda-feira (25), durante uma a\u00e7\u00e3o pr\u00f3xima \u00e0\u2026<\/p>\n","protected":false},"author":123457,"featured_media":0,"comment_status":"closed","ping_status":"closed","sticky":false,"template":"","format":"standard","meta":{"advgb_blocks_editor_width":"","advgb_blocks_columns_visual_guide":"","footnotes":""},"categories":[10806,34,66],"tags":[35],"class_list":["post-45928","post","type-post","status-publish","format-standard","hentry","category-destaque-centro-03","category-g1","category-policial","tag-g1"],"author_meta":{"display_name":"Reda\u00e7\u00e3o","author_link":"https:\/\/sindaopcpb.org.br\/author\/redacao\/"},"featured_img":null,"coauthors":[],"tax_additional":{"categories":{"linked":["<a href=\"https:\/\/sindaopcpb.org.br\/destaque-centro-03\/\" class=\"advgb-post-tax-term\">Destaque Centro 03<\/a>","<a href=\"https:\/\/sindaopcpb.org.br\/g1\/\" class=\"advgb-post-tax-term\">G1<\/a>","<a href=\"https:\/\/sindaopcpb.org.br\/policial\/\" class=\"advgb-post-tax-term\">Policial<\/a>"],"unlinked":["<span class=\"advgb-post-tax-term\">Destaque Centro 03<\/span>","<span class=\"advgb-post-tax-term\">G1<\/span>","<span class=\"advgb-post-tax-term\">Policial<\/span>"]},"tags":{"linked":["<a href=\"https:\/\/sindaopcpb.org.br\/policial\/\" class=\"advgb-post-tax-term\">g1<\/a>"],"unlinked":["<span class=\"advgb-post-tax-term\">g1<\/span>"]}},"comment_count":"0","relative_dates":{"created":"Publicado 2 anos atr\u00e1s","modified":"Atualizado 2 anos atr\u00e1s"},"absolute_dates":{"created":"Publicado em 26 de mar\u00e7o de 2024","modified":"Atualizado em 26 de mar\u00e7o de 2024"},"absolute_dates_time":{"created":"Publicado em 26 de mar\u00e7o de 2024 10:05","modified":"Atualizado em 26 de mar\u00e7o de 2024 12:05"},"featured_img_caption":"","series_order":"","_links":{"self":[{"href":"https:\/\/sindaopcpb.org.br\/index.php\/wp-json\/wp\/v2\/posts\/45928","targetHints":{"allow":["GET"]}}],"collection":[{"href":"https:\/\/sindaopcpb.org.br\/index.php\/wp-json\/wp\/v2\/posts"}],"about":[{"href":"https:\/\/sindaopcpb.org.br\/index.php\/wp-json\/wp\/v2\/types\/post"}],"author":[{"embeddable":true,"href":"https:\/\/sindaopcpb.org.br\/index.php\/wp-json\/wp\/v2\/users\/123457"}],"replies":[{"embeddable":true,"href":"https:\/\/sindaopcpb.org.br\/index.php\/wp-json\/wp\/v2\/comments?post=45928"}],"version-history":[{"count":2,"href":"https:\/\/sindaopcpb.org.br\/index.php\/wp-json\/wp\/v2\/posts\/45928\/revisions"}],"predecessor-version":[{"id":45937,"href":"https:\/\/sindaopcpb.org.br\/index.php\/wp-json\/wp\/v2\/posts\/45928\/revisions\/45937"}],"wp:attachment":[{"href":"https:\/\/sindaopcpb.org.br\/index.php\/wp-json\/wp\/v2\/media?parent=45928"}],"wp:term":[{"taxonomy":"category","embeddable":true,"href":"https:\/\/sindaopcpb.org.br\/index.php\/wp-json\/wp\/v2\/categories?post=45928"},{"taxonomy":"post_tag","embeddable":true,"href":"https:\/\/sindaopcpb.org.br\/index.php\/wp-json\/wp\/v2\/tags?post=45928"}],"curies":[{"name":"wp","href":"https:\/\/api.w.org\/{rel}","templated":true}]}}