{"id":45918,"date":"2024-03-25T12:15:39","date_gmt":"2024-03-25T15:15:39","guid":{"rendered":"https:\/\/www.pbagora.com.br\/?p=818307"},"modified":"2024-03-25T12:15:39","modified_gmt":"2024-03-25T15:15:39","slug":"operacao-identifica-projeto-irregular-de-castracao-e-constata-maus-tratos-contra-animais-em-cidade-da-pb","status":"publish","type":"post","link":"https:\/\/sindaopcpb.org.br\/index.php\/2024\/03\/25\/operacao-identifica-projeto-irregular-de-castracao-e-constata-maus-tratos-contra-animais-em-cidade-da-pb\/","title":{"rendered":"Opera\u00e7\u00e3o identifica projeto irregular de castra\u00e7\u00e3o e constata maus-tratos contra animais em cidade da PB"},"content":{"rendered":"<p><img width=\"946\" height=\"477\" src=\"https:\/\/pbagora.s3.amazonaws.com\/2024\/03\/25112642\/388d7421-5b5b-5730-f84d-ff47e6d37fba.jpeg\" class=\"attachment-large size-large wp-post-image\" alt=\"\" style=\"margin-bottom: 20px;\" decoding=\"async\" loading=\"lazy\" srcset=\"https:\/\/pbagora.s3.amazonaws.com\/2024\/03\/25112642\/388d7421-5b5b-5730-f84d-ff47e6d37fba.jpeg 946w, https:\/\/pbagora.s3.amazonaws.com\/2024\/03\/25112642\/388d7421-5b5b-5730-f84d-ff47e6d37fba-300x151.jpeg 300w, https:\/\/pbagora.s3.amazonaws.com\/2024\/03\/25112642\/388d7421-5b5b-5730-f84d-ff47e6d37fba-150x76.jpeg 150w, https:\/\/pbagora.s3.amazonaws.com\/2024\/03\/25112642\/388d7421-5b5b-5730-f84d-ff47e6d37fba-768x387.jpeg 768w, https:\/\/pbagora.s3.amazonaws.com\/2024\/03\/25112642\/388d7421-5b5b-5730-f84d-ff47e6d37fba-380x192.jpeg 380w, https:\/\/pbagora.s3.amazonaws.com\/2024\/03\/25112642\/388d7421-5b5b-5730-f84d-ff47e6d37fba-800x403.jpeg 800w, https:\/\/pbagora.s3.amazonaws.com\/2024\/03\/25112642\/388d7421-5b5b-5730-f84d-ff47e6d37fba-80x40.jpeg 80w, https:\/\/pbagora.s3.amazonaws.com\/2024\/03\/25112642\/388d7421-5b5b-5730-f84d-ff47e6d37fba-760x383.jpeg 760w, https:\/\/pbagora.s3.amazonaws.com\/2024\/03\/25112642\/388d7421-5b5b-5730-f84d-ff47e6d37fba-600x303.jpeg 600w\" sizes=\"(max-width: 946px) 100vw, 946px\" \/><\/p><p>O Conselho Regional de Medicina Veterin\u00e1ria da Para\u00edba (CRMV-PB) e a Pol\u00edcia Ambiental realizaram, no domingo (24), em Salgado de S\u00e3o F\u00e9lix, uma opera\u00e7\u00e3o que identificou um projeto irregular de castra\u00e7\u00e3o de animais. Quatro pessoas, entre eles dois m\u00e9dicos-veterin\u00e1rios, foram multadas individualmente em R$ 10 mil pela pr\u00e1tica de maus-tratos contra animais e conduzidos \u00e0 Pol\u00edcia Civil para abertura de inqu\u00e9rito.<\/p>\n<p>A opera\u00e7\u00e3o foi montada ap\u00f3s o CRMV-PB receber den\u00fancia de um projeto irregular de castra\u00e7\u00e3o de animais, iniciar uma investiga\u00e7\u00e3o e descobrir que a a\u00e7\u00e3o ocorreria no dia 24 de mar\u00e7o em Salgado de S\u00e3o F\u00e9lix. Existe ind\u00edcios de que o grupo vinha atuando em cidades paraibanas que fazem divisa com Pernambuco.<\/p>\n<p>Chegando ao local, uma escola p\u00fablica, os representantes do Conselho e os policiais encontraram animais anestesiados dentro de uma sala, alguns em uma mesa e outros em caixas de transporte. Dois m\u00e9dicos-veterin\u00e1rios de Pernambuco, dois auxiliares e uma secret\u00e1ria eram respons\u00e1veis pela a\u00e7\u00e3o que contava com o apoio da Prefeitura de Salgado de S\u00e3o F\u00e9lix e da Secretaria Municipal de Sa\u00fade, que tamb\u00e9m ser\u00e3o investigados.<\/p>\n<p>\u201cEncontramos 10 animais sedados dentro de uma mesma sala, materiais que foram usados e seriam reutilizados nos procedimentos expostos, lixo transbordando e resto org\u00e2nico espalhado no ch\u00e3o, como os pelos tirados durante a tricotomia. Era uma cena deplor\u00e1vel\u201d, relatou o coordenador do Setor de Fiscaliza\u00e7\u00e3o do CRMV-PB, Andrei Felipe.<\/p>\n<p>O coordenador explicou que eles interromperam a a\u00e7\u00e3o e impediram que novos animais fossem castrados. Os que tinham sido castrados ou estavam sedados, foi esperada a recupera\u00e7\u00e3o para serem devolvidos aos tutores.<\/p>\n<p>Al\u00e9m dos maus-tratos contra os animais pela forma de realiza\u00e7\u00e3o dos procedimentos, o projeto era irregular, uma vez que n\u00e3o tinha a aprova\u00e7\u00e3o do Conselho Regional de Medicina Veterin\u00e1ria. \u201cUm projeto s\u00f3 pode ser desenvolvido se tiver a aprova\u00e7\u00e3o do CRMV, pois isso garante o respeito \u00e0s normas, garante o bem-estar animal e cuidado com a sa\u00fade p\u00fablica\u201d, destacou o presidente do Conselho, Jos\u00e9 Cec\u00edlio.<\/p>\n<p>O presidente contou que o caso tamb\u00e9m ser\u00e1 levado ao Conselho de Pernambuco para apurar a conduta \u00e9tica dos profissionais.<\/p>\n<p><strong>PB Agora<\/strong><\/p>\n","protected":false},"excerpt":{"rendered":"<p><img decoding=\"async\" width=\"946\" height=\"477\" src=\"https:\/\/pbagora.s3.amazonaws.com\/2024\/03\/25112642\/388d7421-5b5b-5730-f84d-ff47e6d37fba.jpeg\" class=\"attachment-large size-large wp-post-image\" alt=\"\" loading=\"lazy\"><\/p>\n<p>O Conselho Regional de Medicina Veterin\u00e1ria da Para\u00edba (CRMV-PB) e a Pol\u00edcia Ambiental realizaram, no domingo (24), em\u2026<\/p>\n","protected":false},"author":123457,"featured_media":0,"comment_status":"closed","ping_status":"closed","sticky":false,"template":"","format":"standard","meta":{"advgb_blocks_editor_width":"","advgb_blocks_columns_visual_guide":"","footnotes":""},"categories":[10806,34,66],"tags":[35],"class_list":["post-45918","post","type-post","status-publish","format-standard","hentry","category-destaque-centro-03","category-g1","category-policial","tag-g1"],"author_meta":{"display_name":"Reda\u00e7\u00e3o","author_link":"https:\/\/sindaopcpb.org.br\/author\/redacao\/"},"featured_img":null,"coauthors":[],"tax_additional":{"categories":{"linked":["<a href=\"https:\/\/sindaopcpb.org.br\/destaque-centro-03\/\" class=\"advgb-post-tax-term\">Destaque Centro 03<\/a>","<a href=\"https:\/\/sindaopcpb.org.br\/g1\/\" class=\"advgb-post-tax-term\">G1<\/a>","<a href=\"https:\/\/sindaopcpb.org.br\/policial\/\" class=\"advgb-post-tax-term\">Policial<\/a>"],"unlinked":["<span class=\"advgb-post-tax-term\">Destaque Centro 03<\/span>","<span class=\"advgb-post-tax-term\">G1<\/span>","<span class=\"advgb-post-tax-term\">Policial<\/span>"]},"tags":{"linked":["<a href=\"https:\/\/sindaopcpb.org.br\/policial\/\" class=\"advgb-post-tax-term\">g1<\/a>"],"unlinked":["<span class=\"advgb-post-tax-term\">g1<\/span>"]}},"comment_count":"0","relative_dates":{"created":"Publicado 2 anos atr\u00e1s","modified":"Atualizado 2 anos atr\u00e1s"},"absolute_dates":{"created":"Publicado em 25 de mar\u00e7o de 2024","modified":"Atualizado em 25 de mar\u00e7o de 2024"},"absolute_dates_time":{"created":"Publicado em 25 de mar\u00e7o de 2024 12:15","modified":"Atualizado em 25 de mar\u00e7o de 2024 12:15"},"featured_img_caption":"","series_order":"","_links":{"self":[{"href":"https:\/\/sindaopcpb.org.br\/index.php\/wp-json\/wp\/v2\/posts\/45918","targetHints":{"allow":["GET"]}}],"collection":[{"href":"https:\/\/sindaopcpb.org.br\/index.php\/wp-json\/wp\/v2\/posts"}],"about":[{"href":"https:\/\/sindaopcpb.org.br\/index.php\/wp-json\/wp\/v2\/types\/post"}],"author":[{"embeddable":true,"href":"https:\/\/sindaopcpb.org.br\/index.php\/wp-json\/wp\/v2\/users\/123457"}],"replies":[{"embeddable":true,"href":"https:\/\/sindaopcpb.org.br\/index.php\/wp-json\/wp\/v2\/comments?post=45918"}],"version-history":[{"count":1,"href":"https:\/\/sindaopcpb.org.br\/index.php\/wp-json\/wp\/v2\/posts\/45918\/revisions"}],"predecessor-version":[{"id":45919,"href":"https:\/\/sindaopcpb.org.br\/index.php\/wp-json\/wp\/v2\/posts\/45918\/revisions\/45919"}],"wp:attachment":[{"href":"https:\/\/sindaopcpb.org.br\/index.php\/wp-json\/wp\/v2\/media?parent=45918"}],"wp:term":[{"taxonomy":"category","embeddable":true,"href":"https:\/\/sindaopcpb.org.br\/index.php\/wp-json\/wp\/v2\/categories?post=45918"},{"taxonomy":"post_tag","embeddable":true,"href":"https:\/\/sindaopcpb.org.br\/index.php\/wp-json\/wp\/v2\/tags?post=45918"}],"curies":[{"name":"wp","href":"https:\/\/api.w.org\/{rel}","templated":true}]}}